{"id":21651,"date":"2021-10-05T02:58:53","date_gmt":"2021-10-05T02:58:53","guid":{"rendered":"http:\/\/cordobadirecto.com\/index.php\/2021\/10\/05\/en-el-san-martin-se-celebra-por-adelantado-el-cumpleanos-de-charly\/"},"modified":"2021-10-05T02:58:53","modified_gmt":"2021-10-05T02:58:53","slug":"en-el-san-martin-se-celebra-por-adelantado-el-cumpleanos-de-charly","status":"publish","type":"post","link":"http:\/\/cordobadirecto.com\/index.php\/2021\/10\/05\/en-el-san-martin-se-celebra-por-adelantado-el-cumpleanos-de-charly\/","title":{"rendered":"En el San Mart\u00edn se celebra por adelantado el cumplea\u00f1os de Charly"},"content":{"rendered":"<div class=\"image\" id=\"image\" readability=\"8\"> <img src=\"http:\/\/cordobadirecto.com\/wp-content\/uploads\/2021\/10\/en-el-san-martin-se-celebra-por-adelantado-el-cumpleanos-de-charly.jpg\" alt=\"Hilda Lizarazu, cuando cantan}ba junto a Charly Garc\u00eda (Foto: Gentileza Diego Ortiz Mugica)\" title=\"Hilda Lizarazu, cuando cantan}ba junto a Charly Garc\u00eda (Foto: Gentileza Diego Ortiz Mugica)\"><\/p>\n<p>Hilda Lizarazu, cuando cantan}ba junto a Charly Garc\u00eda (Foto: Gentileza Diego Ortiz Mugica)<\/p>\n<\/div>\n<p>Hilda Lizarazu, Fabi\u00e1n &#8220;Zorro&#8221; Von Quintiero, Fernando Samalea, Rosario Ortega y Benito Cerati, con la coordinaci\u00f3n de Lito Vitale, animar\u00e1n el jueves 14 en la Sala Mart\u00edn Coronado del Teatro San Mart\u00edn una celebraci\u00f3n anticipada del cumplea\u00f1os 70 de Charly Garc\u00eda.<\/p>\n<p>El recital \u201cAlgo de Charly\u201d que desde las 20 se desarrollar\u00e1 en una de las salas del complejo comunal ubicado en Avenida Corrientes 1530, ser\u00e1 el plato central de una jornada que desde las 18.30 y en el Hall Alfredo Alc\u00f3n tendr\u00e1 la inauguraci\u00f3n de la muestra <strong>\u201cC\u00f3mo conseguir Charlys\u201d,<\/strong> con fotograf\u00edas de <strong>Andy Cherniavsky, Nora Lezano <\/strong>e<strong> Hilda Lizarazu.<\/strong><\/p>\n<p>Mientras la exhibici\u00f3n fotogr\u00e1fica es con entrada libre, las localidades para el concierto por los 70 que el fundador de Sui Generis, La M\u00e1quina de Hacer P\u00e1jaros y Ser\u00fa Gir\u00e1n <strong>cumplir\u00e1 el 23<\/strong>, se adquieren en www.complejoteatral.gob.ar y en la boleter\u00eda del San Mart\u00edn.<\/p>\n<p>La serie de actividades en torno al genial artista en el San Mart\u00edn seguir\u00e1 el martes 19 a las 19 con un conversatorio con la participaci\u00f3n de Rafael Varela (creador del podcast &#8220;El music\u00f3pata&#8221;) y<strong> Sebasti\u00e1n Furman<\/strong> (responsable de \u201cLa canci\u00f3n sin fin\u201d) que ser\u00e1 moderado por el periodista especializado <strong>Mariano del Mazo<\/strong>. <\/p>\n","protected":false},"excerpt":{"rendered":"<p>Hilda Lizarazu, cuando cantan}ba junto a Charly Garc\u00eda (Foto: Gentileza Diego Ortiz Mugica) Hilda Lizarazu, Fabi\u00e1n &#8220;Zorro&#8221; Von Quintiero, Fernando Samalea, Rosario Ortega y Benito Cerati, con la coordinaci\u00f3n de Lito Vitale, animar\u00e1n el jueves 14 en la Sala Mart\u00edn Coronado del Teatro San Mart\u00edn una celebraci\u00f3n anticipada del cumplea\u00f1os 70 de Charly Garc\u00eda. El [&hellip;]<\/p>\n","protected":false},"author":1,"featured_media":21652,"comment_status":"closed","ping_status":"closed","sticky":false,"template":"","format":"standard","meta":[],"categories":[20],"tags":[],"_links":{"self":[{"href":"http:\/\/cordobadirecto.com\/index.php\/wp-json\/wp\/v2\/posts\/21651"}],"collection":[{"href":"http:\/\/cordobadirecto.com\/index.php\/wp-json\/wp\/v2\/posts"}],"about":[{"href":"http:\/\/cordobadirecto.com\/index.php\/wp-json\/wp\/v2\/types\/post"}],"author":[{"embeddable":true,"href":"http:\/\/cordobadirecto.com\/index.php\/wp-json\/wp\/v2\/users\/1"}],"replies":[{"embeddable":true,"href":"http:\/\/cordobadirecto.com\/index.php\/wp-json\/wp\/v2\/comments?post=21651"}],"version-history":[{"count":0,"href":"http:\/\/cordobadirecto.com\/index.php\/wp-json\/wp\/v2\/posts\/21651\/revisions"}],"wp:featuredmedia":[{"embeddable":true,"href":"http:\/\/cordobadirecto.com\/index.php\/wp-json\/wp\/v2\/media\/21652"}],"wp:attachment":[{"href":"http:\/\/cordobadirecto.com\/index.php\/wp-json\/wp\/v2\/media?parent=21651"}],"wp:term":[{"taxonomy":"category","embeddable":true,"href":"http:\/\/cordobadirecto.com\/index.php\/wp-json\/wp\/v2\/categories?post=21651"},{"taxonomy":"post_tag","embeddable":true,"href":"http:\/\/cordobadirecto.com\/index.php\/wp-json\/wp\/v2\/tags?post=21651"}],"curies":[{"name":"wp","href":"https:\/\/api.w.org\/{rel}","templated":true}]}}