{"id":21684,"date":"2021-10-04T22:15:00","date_gmt":"2021-10-04T22:15:00","guid":{"rendered":"https:\/\/www.cordoba.gob.ar\/?p=14124"},"modified":"2021-10-04T22:15:00","modified_gmt":"2021-10-04T22:15:00","slug":"jardines-y-escuelas-municipales-cuentan-con-su-espacio-en-la-web","status":"publish","type":"post","link":"http:\/\/cordobadirecto.com\/index.php\/2021\/10\/04\/jardines-y-escuelas-municipales-cuentan-con-su-espacio-en-la-web\/","title":{"rendered":"Jardines y escuelas municipales cuentan con su espacio en la web"},"content":{"rendered":"<div><img src=\"http:\/\/cordobadirecto.com\/wp-content\/uploads\/2021\/10\/jardines-y-escuelas-municipales-cuentan-con-su-espacio-en-la-web.png\" class=\"ff-og-image-inserted\"><\/div>\n<ul>\n<li><strong>Se elabor\u00f3 en conjunto con cada una de las Instituciones municipales para darles visibilidad y exponer sus proyectos institucionales.<\/strong><\/li>\n<\/ul>\n<hr>\n<p>Por primera vez, los Jardines y Escuelas Municipales tienen su espacio propio en la p\u00e1gina web de la Secretar\u00eda de Educaci\u00f3n de la Municipalidad de C\u00f3rdoba, la que contiene datos de ubicaci\u00f3n, rese\u00f1a de la instituci\u00f3n, objetivos, fotograf\u00edas y proyectos institucionales.<\/p>\n<p>El objetivo es que los documentos que quieran ser compartidos, se actualicen a medida que se aborden nuevas iniciativas en cada instituci\u00f3n.<\/p>\n<p>En este marco, y durante el mes de septiembre se cre\u00f3 una secci\u00f3n especial en la web llamada \u201cMes de la Educaci\u00f3n\u201d en donde se comparten diferentes recursos audiovisuales, podcast, lecturas y libros de inter\u00e9s de docentes y estudiantes.<\/p>\n<p><em>\u201cCon este espacio decidimos reconocer el trabajo de nuestros Jardines y Escuelas, quienes realizan esfuerzos enormes para dar coherencia y sentido a un modo diferente de educar, con el fin de sostener el deseo de aprender\u201d<\/em>, afirm\u00f3 el secretario de Educaci\u00f3n, Horacio Ferreyra.<\/p>\n<p>Se llevaron a cabo adem\u00e1s las primeras grabaciones de Edupodcast, un proyecto que pretende incluir las voces de funcionarios, supervisoras y docentes para que, de forma colaborativa, aporten sus reflexiones sobre la escuela del futuro.<\/p>\n<p>Tambi\u00e9n, se recorrieron diferentes instituciones educativas para entrevistar a docentes y estudiantes, quienes contaron su experiencia y la importancia que el Sistema Educativo Municipal tiene en las vidas de quienes lo transitan. Helena Ardiles, docente jubilada del Sistema Educativo Municipal, manifest\u00f3 que los docentes deben tener un <em>\u201calto compromiso y dedicaci\u00f3n en el d\u00eda a d\u00eda, siguiendo los pasos de la vocaci\u00f3n que tuvieron, tienen y tendr\u00e1n en pos de lo mejor que tenemos, que son nuestros ni\u00f1os, alma y vida de nuestra escuela y protagonistas de un acto m\u00e1gico de educar y aprender\u201d.<\/em><\/p>\n<p>Por su parte, los estudiantes contaron qu\u00e9 es lo que les gusta de ir al jard\u00edn o escuela, cu\u00e1les son sus materias y juegos preferidos y les desearon feliz d\u00eda del estudiante a todos sus compa\u00f1eros<\/p>\n<p>Adem\u00e1s, se puso a disposici\u00f3n el material audiovisual de \u201cEducadores y Educadoras que hicieron historia\u201d, elaborado por el INFOD; pautas de crianza y nuevos conversatorios sobre educaci\u00f3n realizados por la Secretar\u00eda, que convocaron a m\u00e1s de 700 docentes y un espacio dedicado a los 100 a\u00f1os del nacimiento de Paulo Freire.<\/p>\n<p>A su vez, la Biblioteca Municipal \u201cRosarito Vera Pe\u00f1aloza\u201d se sum\u00f3 a la web con audiovisuales de lecturas para grandes y chicos, la Subsecretar\u00eda de Cultura particip\u00f3 con videos para ni\u00f1os, con cantos y bailes, donde participa el Coro Municipal interpretando cl\u00e1sicos infantiles acompa\u00f1ado por Pi\u00f1\u00f3n Fijo, y Los Caligaris. Tambi\u00e9n participaron el Ensamble Municipal de M\u00fasica Ciudadana y la Banda Sinf\u00f3nica Municipal.<\/p>\n<p>La Direcci\u00f3n General de Turismo interviene dentro de la misma propuesta, diferentes recorridos con podcasts y videos de la ciudad por lugares emblem\u00e1ticos como la Ca\u00f1ada, Parque Sarmiento, Plaza San Mart\u00edn, Iglesia Catedral y de los Capuchinos, entre otros.<\/p>\n<p>Finalmente, se realizaron mesas de reflexi\u00f3n y an\u00e1lisis con docentes y directivos municipales, a los fines de pensar las prioridades de la escuela post-pandemia.<\/p>\n<p>Para conocer las instituciones que integran nuestro Sistema Educativo Municipal se puede ingresar al siguiente<strong> <a href=\"https:\/\/educacion.cordoba.gob.ar\/seguimos-aprendiendo-en-casa\/conoce-nuestros-jardines-y-escuelas\/\">link <\/a><\/strong><\/p>\n<p>Para ingresar a todo el contenido del Mes de la Educaci\u00f3n, haga click <strong><a href=\"https:\/\/educacion.cordoba.gob.ar\/seguimos-aprendiendo-en-casa\/mes-de-la-educacion\/\">aqu\u00ed.<\/a><\/strong><\/p>\n","protected":false},"excerpt":{"rendered":"<p>Se elabor\u00f3 en conjunto con cada una de las Instituciones municipales para darles visibilidad y exponer sus proyectos institucionales. Por primera vez, los Jardines y Escuelas Municipales tienen su espacio propio en la p\u00e1gina web de la Secretar\u00eda de Educaci\u00f3n de la Municipalidad de C\u00f3rdoba, la que contiene datos de ubicaci\u00f3n, rese\u00f1a de la instituci\u00f3n, [&hellip;]<\/p>\n","protected":false},"author":1,"featured_media":21685,"comment_status":"closed","ping_status":"closed","sticky":false,"template":"","format":"standard","meta":[],"categories":[44],"tags":[],"_links":{"self":[{"href":"http:\/\/cordobadirecto.com\/index.php\/wp-json\/wp\/v2\/posts\/21684"}],"collection":[{"href":"http:\/\/cordobadirecto.com\/index.php\/wp-json\/wp\/v2\/posts"}],"about":[{"href":"http:\/\/cordobadirecto.com\/index.php\/wp-json\/wp\/v2\/types\/post"}],"author":[{"embeddable":true,"href":"http:\/\/cordobadirecto.com\/index.php\/wp-json\/wp\/v2\/users\/1"}],"replies":[{"embeddable":true,"href":"http:\/\/cordobadirecto.com\/index.php\/wp-json\/wp\/v2\/comments?post=21684"}],"version-history":[{"count":0,"href":"http:\/\/cordobadirecto.com\/index.php\/wp-json\/wp\/v2\/posts\/21684\/revisions"}],"wp:featuredmedia":[{"embeddable":true,"href":"http:\/\/cordobadirecto.com\/index.php\/wp-json\/wp\/v2\/media\/21685"}],"wp:attachment":[{"href":"http:\/\/cordobadirecto.com\/index.php\/wp-json\/wp\/v2\/media?parent=21684"}],"wp:term":[{"taxonomy":"category","embeddable":true,"href":"http:\/\/cordobadirecto.com\/index.php\/wp-json\/wp\/v2\/categories?post=21684"},{"taxonomy":"post_tag","embeddable":true,"href":"http:\/\/cordobadirecto.com\/index.php\/wp-json\/wp\/v2\/tags?post=21684"}],"curies":[{"name":"wp","href":"https:\/\/api.w.org\/{rel}","templated":true}]}}