{"id":21686,"date":"2021-10-05T01:06:42","date_gmt":"2021-10-05T01:06:42","guid":{"rendered":"http:\/\/cordobadirecto.com\/index.php\/2021\/10\/05\/alumnos-de-escuelas-municipales-se-involucran-en-la-economia-circular-radio-suquia-96-5\/"},"modified":"2021-10-05T01:06:42","modified_gmt":"2021-10-05T01:06:42","slug":"alumnos-de-escuelas-municipales-se-involucran-en-la-economia-circular-radio-suquia-96-5","status":"publish","type":"post","link":"http:\/\/cordobadirecto.com\/index.php\/2021\/10\/05\/alumnos-de-escuelas-municipales-se-involucran-en-la-economia-circular-radio-suquia-96-5\/","title":{"rendered":"Alumnos de escuelas municipales se involucran en la \u201c<b>Econom\u00eda<\/b> Circular\u201d &#8211; Radio Suquia 96.5"},"content":{"rendered":"<p>El programa \u201cL\u00ednea E\u201d, llevado adelante por la Direcci\u00f3n de Parques Educativos de la Secretar\u00eda de Educaci\u00f3n de <b>C\u00f3rdoba<\/b>, en coordinaci\u00f3n con la Direcci\u00f3n de&nbsp;&#8230; <\/p>\n","protected":false},"excerpt":{"rendered":"<p>El programa \u201cL\u00ednea E\u201d, llevado adelante por la Direcci\u00f3n de Parques Educativos de la Secretar\u00eda de Educaci\u00f3n de C\u00f3rdoba, en coordinaci\u00f3n con la Direcci\u00f3n de&nbsp;&#8230;<\/p>\n","protected":false},"author":1,"featured_media":0,"comment_status":"closed","ping_status":"closed","sticky":false,"template":"","format":"standard","meta":[],"categories":[40],"tags":[],"_links":{"self":[{"href":"http:\/\/cordobadirecto.com\/index.php\/wp-json\/wp\/v2\/posts\/21686"}],"collection":[{"href":"http:\/\/cordobadirecto.com\/index.php\/wp-json\/wp\/v2\/posts"}],"about":[{"href":"http:\/\/cordobadirecto.com\/index.php\/wp-json\/wp\/v2\/types\/post"}],"author":[{"embeddable":true,"href":"http:\/\/cordobadirecto.com\/index.php\/wp-json\/wp\/v2\/users\/1"}],"replies":[{"embeddable":true,"href":"http:\/\/cordobadirecto.com\/index.php\/wp-json\/wp\/v2\/comments?post=21686"}],"version-history":[{"count":0,"href":"http:\/\/cordobadirecto.com\/index.php\/wp-json\/wp\/v2\/posts\/21686\/revisions"}],"wp:attachment":[{"href":"http:\/\/cordobadirecto.com\/index.php\/wp-json\/wp\/v2\/media?parent=21686"}],"wp:term":[{"taxonomy":"category","embeddable":true,"href":"http:\/\/cordobadirecto.com\/index.php\/wp-json\/wp\/v2\/categories?post=21686"},{"taxonomy":"post_tag","embeddable":true,"href":"http:\/\/cordobadirecto.com\/index.php\/wp-json\/wp\/v2\/tags?post=21686"}],"curies":[{"name":"wp","href":"https:\/\/api.w.org\/{rel}","templated":true}]}}