{"id":21687,"date":"2021-10-05T11:35:53","date_gmt":"2021-10-05T11:35:53","guid":{"rendered":"http:\/\/estaciontrip.com.ar\/?p=6245"},"modified":"2021-10-05T11:35:53","modified_gmt":"2021-10-05T11:35:53","slug":"aseguran-que-aerolineas-argentinas-a-fin-de-ano-volara-al-80-de-su-capacidad-prepandemia","status":"publish","type":"post","link":"http:\/\/cordobadirecto.com\/index.php\/2021\/10\/05\/aseguran-que-aerolineas-argentinas-a-fin-de-ano-volara-al-80-de-su-capacidad-prepandemia\/","title":{"rendered":"Aseguran que Aerol\u00edneas Argentinas a fin de a\u00f1o volar\u00e1 al 80% de su capacidad prepandemia"},"content":{"rendered":"<div><img src=\"http:\/\/cordobadirecto.com\/wp-content\/uploads\/2021\/10\/aseguran-que-aerolineas-argentinas-a-fin-de-ano-volara-al-80-de-su-capacidad-prepandemia.jpg\" class=\"ff-og-image-inserted\"><\/div>\n<p><em>As\u00ed lo prometi\u00f3 su presidente Pablo Ceriani; la referencia alcanza s\u00f3lo a las conexiones nacionales.<\/em><\/p>\n<p>El presidente de Aerol\u00edneas Argentinas, Pablo Ceriani, asegur\u00f3 que la empresa volar\u00e1 dentro del pa\u00eds al 80% de su capacidad operativa pre-pandemia hacia fin de a\u00f1o.&nbsp;<\/p>\n<p>De esta manera, la empresa apunta a recuperarse en el mercado dom\u00e9stico antes de lo previsto y con una buena perspectiva de cara a la temporada de verano.&nbsp;<\/p>\n<p>Aerol\u00edneas Argentinas present\u00f3 a fines de septiembre su red de vuelos para el primer trimestre de 2022 con incrementos en las frecuencias en sus 37 destinos dentro de la Argentina y un nuevo mapa de 31 rutas federales sin pasar por Buenos Aires que incluye la incorporaci\u00f3n de rutas como: C\u00f3rdoba \u2013 El Calafate, C\u00f3rdoba \u2013 Ushuaia, C\u00f3rdoba -Trelew, Mendoza-Bariloche, Bariloche \u2013 El&nbsp;Calafate, Tucum\u00e1n&nbsp;\u2013 Iguaz\u00fa y Neuqu\u00e9n \u2013 Salta, entre otros.&nbsp;<\/p>\n<p>En otras declaraciones, dentro del marco de la Asamblea General de IATA, el presidente de Aerol\u00edneas Argentinas previno que&nbsp;<em>\u201csi bien el mercado internacional tardar\u00e1 un poco m\u00e1s en recuperarse, estamos generando ganancias en la ruta entre Buenos Aires y Miami, algo que no ocurre hace varios a\u00f1os\u201d&nbsp;<\/em><\/p>\n<p>Por \u00faltimo, Ceriani expres\u00f3 que&nbsp;<em>\u201cesta Asamblea General es diferente a todas las anteriores. Tenemos que resolver cual es la mejor forma de que la industria a\u00e9rea se recuper\u00e9 luego de los dos peores a\u00f1os de la historia\u201d.&nbsp;<\/em><\/p>\n","protected":false},"excerpt":{"rendered":"<p>As\u00ed lo prometi\u00f3 su presidente Pablo Ceriani; la referencia alcanza s\u00f3lo a las conexiones nacionales. El presidente de Aerol\u00edneas Argentinas, Pablo Ceriani, asegur\u00f3 que la empresa volar\u00e1 dentro del pa\u00eds al 80% de su capacidad operativa pre-pandemia hacia fin de a\u00f1o.&nbsp; De esta manera, la empresa apunta a recuperarse en el mercado dom\u00e9stico antes de [&hellip;]<\/p>\n","protected":false},"author":1,"featured_media":21688,"comment_status":"closed","ping_status":"closed","sticky":false,"template":"","format":"standard","meta":[],"categories":[22],"tags":[],"_links":{"self":[{"href":"http:\/\/cordobadirecto.com\/index.php\/wp-json\/wp\/v2\/posts\/21687"}],"collection":[{"href":"http:\/\/cordobadirecto.com\/index.php\/wp-json\/wp\/v2\/posts"}],"about":[{"href":"http:\/\/cordobadirecto.com\/index.php\/wp-json\/wp\/v2\/types\/post"}],"author":[{"embeddable":true,"href":"http:\/\/cordobadirecto.com\/index.php\/wp-json\/wp\/v2\/users\/1"}],"replies":[{"embeddable":true,"href":"http:\/\/cordobadirecto.com\/index.php\/wp-json\/wp\/v2\/comments?post=21687"}],"version-history":[{"count":0,"href":"http:\/\/cordobadirecto.com\/index.php\/wp-json\/wp\/v2\/posts\/21687\/revisions"}],"wp:featuredmedia":[{"embeddable":true,"href":"http:\/\/cordobadirecto.com\/index.php\/wp-json\/wp\/v2\/media\/21688"}],"wp:attachment":[{"href":"http:\/\/cordobadirecto.com\/index.php\/wp-json\/wp\/v2\/media?parent=21687"}],"wp:term":[{"taxonomy":"category","embeddable":true,"href":"http:\/\/cordobadirecto.com\/index.php\/wp-json\/wp\/v2\/categories?post=21687"},{"taxonomy":"post_tag","embeddable":true,"href":"http:\/\/cordobadirecto.com\/index.php\/wp-json\/wp\/v2\/tags?post=21687"}],"curies":[{"name":"wp","href":"https:\/\/api.w.org\/{rel}","templated":true}]}}