{"id":21695,"date":"2021-10-05T13:19:07","date_gmt":"2021-10-05T13:19:07","guid":{"rendered":"https:\/\/puntoapunto.com.ar\/?p=317073"},"modified":"2021-10-05T13:19:07","modified_gmt":"2021-10-05T13:19:07","slug":"el-nodo-smart-cities-de-cordoba-capacitara-a-ciudades-latinoamericanas-y-del-caribe","status":"publish","type":"post","link":"http:\/\/cordobadirecto.com\/index.php\/2021\/10\/05\/el-nodo-smart-cities-de-cordoba-capacitara-a-ciudades-latinoamericanas-y-del-caribe\/","title":{"rendered":"El Nodo Smart Cities de C\u00f3rdoba capacitar\u00e1 a ciudades latinoamericanas y del Caribe"},"content":{"rendered":"<div class=\"td-post-featured-image\"><a href=\"http:\/\/cordobadirecto.com\/wp-content\/uploads\/2021\/10\/el-nodo-smart-cities-de-cordoba-capacitara-a-ciudades-latinoamericanas-y-del-caribe-6.jpg\" data-caption><img loading=\"lazy\" width=\"696\" height=\"366\" class=\"entry-thumb td-modal-image\" src=\"http:\/\/cordobadirecto.com\/wp-content\/uploads\/2021\/10\/el-nodo-smart-cities-de-cordoba-capacitara-a-ciudades-latinoamericanas-y-del-caribe.jpg\" srcset=\"http:\/\/cordobadirecto.com\/wp-content\/uploads\/2021\/10\/el-nodo-smart-cities-de-cordoba-capacitara-a-ciudades-latinoamericanas-y-del-caribe.jpg 696w, http:\/\/cordobadirecto.com\/wp-content\/uploads\/2021\/10\/el-nodo-smart-cities-de-cordoba-capacitara-a-ciudades-latinoamericanas-y-del-caribe-2.jpg 300w, http:\/\/cordobadirecto.com\/wp-content\/uploads\/2021\/10\/el-nodo-smart-cities-de-cordoba-capacitara-a-ciudades-latinoamericanas-y-del-caribe-3.jpg 768w, http:\/\/cordobadirecto.com\/wp-content\/uploads\/2021\/10\/el-nodo-smart-cities-de-cordoba-capacitara-a-ciudades-latinoamericanas-y-del-caribe-4.jpg 150w, http:\/\/cordobadirecto.com\/wp-content\/uploads\/2021\/10\/el-nodo-smart-cities-de-cordoba-capacitara-a-ciudades-latinoamericanas-y-del-caribe-5.jpg 798w, http:\/\/cordobadirecto.com\/wp-content\/uploads\/2021\/10\/el-nodo-smart-cities-de-cordoba-capacitara-a-ciudades-latinoamericanas-y-del-caribe-6.jpg 1000w\" sizes=\"(max-width: 696px) 100vw, 696px\" alt title=\"smart-cities-.64345d3a.fill-1200x630-c100.jpegquality-60\"><\/a><\/div>\n<p>A partir de una convocatoria realizada por la Uni\u00f3n Europea , el&nbsp;<strong><a href=\"https:\/\/mincyt.cba.gov.ar\/nodo-de-smart-city\/\">Nodo Smart Cities C\u00f3rdoba<\/a><\/strong> ser\u00e1 el responsable de capacitar y transmitir sus experiencias y know how a ciudades y entidades de <strong>pa\u00edses de Am\u00e9rica Latina y el Caribe<\/strong>.<\/p>\n<p>El <strong>Nodo Smart Cities<\/strong> es un espacio de trabajo colaborativo, que surgi\u00f3 de una iniciativa del&nbsp;<strong>Ministerio de Ciencia y Tecnolog\u00eda&nbsp;<\/strong>en conjunto con el&nbsp;<strong>Ministerio de Gobierno de la Provincia de C\u00f3rdoba<\/strong>, y agrupa a los referentes cordobeses en materia de ciudades inteligentes del sector p\u00fablico, el sector acad\u00e9mico y el sector privado.<\/p>\n<p>El Nodo se present\u00f3 y result\u00f3 seleccionado en una&nbsp;<strong>convocatoria de cooperaci\u00f3n triangular promovida por la Uni\u00f3n Europea<\/strong>, que ten\u00eda el objetivo de compartir y transmitir buenas pr\u00e1cticas en materia de ciudades inteligentes con el fin de cumplir con algunos de los objetivos de la agenda 2030 de desarrollo sostenible.<\/p>\n<p>Para aplicar a la Convocatoria, se conform\u00f3 una Alianza compuesta de siete pa\u00edses de Am\u00e9rica Latina y Europa donde el Gobierno de la Provincia de C\u00f3rdoba a trav\u00e9s del Ministerio de Ciencia y Tecnolog\u00eda&nbsp; como integrante del Nodo Smart Cities se constituy\u00f3 como el oferente principal del proyecto, mientras que el oferente de cooperaci\u00f3n ser\u00e1 la empresa Cives Solution, de Viena (Austria).<\/p>\n<p>Las entidades Beneficiarias ser\u00e1n: el Municipio de R\u00edo Negro, Antioqu\u00eda, Colombia, la Fundaci\u00f3n para la gesti\u00f3n y el desarrollo del mismo pa\u00eds, el Instituto de Fomento y Asesor\u00eda Municipal \u2013 IFAM \u2013 de Costa Rica, la Mancomunidad de Municipios Metr\u00f3polis de los Altos, Guatemala, el Grupo Calinter, M\u00e9xico, la Alcald\u00eda de Punta del Este y la Intendencia Departamental de Maldonado de Uruguay. Adem\u00e1s participan del consorcio dos entidades de Costa Rica, Universidad Fundepos y Pacific Tree Co.<\/p>\n<p>De esta manera, durante el mes de octubre C\u00f3rdoba organizar\u00e1 un <strong>curso de sensibilizaci\u00f3n sobre Ciudades Inteligentes que e<\/strong>star\u00e1 a cargo del Nodo de Smart Cities a trav\u00e9s de la Universidad Blas Pascal.<\/p>\n<p>\u201c<strong>Este es un hito muy importante para la Econom\u00eda del Conocimiento en la Provincia<\/strong>, que reafirma la<strong> potencia del sector TIC<\/strong> y su posici\u00f3n a la vanguardia en las nuevas tendencias tecnol\u00f3gicas del mundo. Poder compartir no s\u00f3lo el modelo de trabajo colaborativo que es un modelo de gesti\u00f3n en C\u00f3rdoba, sino tambi\u00e9n<strong> exportar el conocimiento que generamos a otras ciudades de la regi\u00f3n<\/strong>, es un mensaje que nos confirma que \u00e9ste es el camino para el desarrollo\u201d,&nbsp;afirm\u00f3 el Ministro de Ciencia y Tecnolog\u00eda,<strong> Pablo de Chiara<\/strong>.<\/p>\n<div class=\"saboxplugin-wrap\" itemtype=\"http:\/\/schema.org\/Person\" itemscope itemprop=\"author\">\n<div class=\"saboxplugin-tab\">\n<div class=\"saboxplugin-gravatar\"><img alt src=\"http:\/\/cordobadirecto.com\/wp-content\/uploads\/2021\/10\/el-nodo-smart-cities-de-cordoba-capacitara-a-ciudades-latinoamericanas-y-del-caribe-1.jpg\" srcset=\"http:\/\/cordobadirecto.com\/wp-content\/uploads\/2021\/10\/el-nodo-smart-cities-de-cordoba-capacitara-a-ciudades-latinoamericanas-y-del-caribe-7.jpg 2x\" class=\"avatar avatar-100 photo\" height=\"100\" width=\"100\" itemprop=\"image\" loading=\"lazy\"><\/div>\n<div class=\"saboxplugin-desc\" readability=\"3.363184079602\">\n<div itemprop=\"description\" readability=\"4.1393034825871\">\n<p>Este articulo fue escrito por la redacci\u00f3n de Punto a Punto. Seguinos en todas nuestras redes sociales<\/p>\n<\/div>\n<\/div>\n<\/div>\n<\/div>\n<p>No tags for this post. <\/p>\n","protected":false},"excerpt":{"rendered":"<p>A partir de una convocatoria realizada por la Uni\u00f3n Europea , el&nbsp;Nodo Smart Cities C\u00f3rdoba ser\u00e1 el responsable de capacitar y transmitir sus experiencias y know how a ciudades y entidades de pa\u00edses de Am\u00e9rica Latina y el Caribe. El Nodo Smart Cities es un espacio de trabajo colaborativo, que surgi\u00f3 de una iniciativa del&nbsp;Ministerio [&hellip;]<\/p>\n","protected":false},"author":1,"featured_media":21696,"comment_status":"closed","ping_status":"closed","sticky":false,"template":"","format":"standard","meta":[],"categories":[25],"tags":[],"_links":{"self":[{"href":"http:\/\/cordobadirecto.com\/index.php\/wp-json\/wp\/v2\/posts\/21695"}],"collection":[{"href":"http:\/\/cordobadirecto.com\/index.php\/wp-json\/wp\/v2\/posts"}],"about":[{"href":"http:\/\/cordobadirecto.com\/index.php\/wp-json\/wp\/v2\/types\/post"}],"author":[{"embeddable":true,"href":"http:\/\/cordobadirecto.com\/index.php\/wp-json\/wp\/v2\/users\/1"}],"replies":[{"embeddable":true,"href":"http:\/\/cordobadirecto.com\/index.php\/wp-json\/wp\/v2\/comments?post=21695"}],"version-history":[{"count":0,"href":"http:\/\/cordobadirecto.com\/index.php\/wp-json\/wp\/v2\/posts\/21695\/revisions"}],"wp:featuredmedia":[{"embeddable":true,"href":"http:\/\/cordobadirecto.com\/index.php\/wp-json\/wp\/v2\/media\/21696"}],"wp:attachment":[{"href":"http:\/\/cordobadirecto.com\/index.php\/wp-json\/wp\/v2\/media?parent=21695"}],"wp:term":[{"taxonomy":"category","embeddable":true,"href":"http:\/\/cordobadirecto.com\/index.php\/wp-json\/wp\/v2\/categories?post=21695"},{"taxonomy":"post_tag","embeddable":true,"href":"http:\/\/cordobadirecto.com\/index.php\/wp-json\/wp\/v2\/tags?post=21695"}],"curies":[{"name":"wp","href":"https:\/\/api.w.org\/{rel}","templated":true}]}}