{"id":21701,"date":"2021-10-05T20:15:00","date_gmt":"2021-10-05T20:15:00","guid":{"rendered":"http:\/\/cordobadirecto.com\/index.php\/2021\/10\/05\/la-recoleccion-de-carton-en-el-centro-tendra-horarios-trabajadores-identificados-y-puntos-de-acopio\/"},"modified":"2021-10-05T20:15:00","modified_gmt":"2021-10-05T20:15:00","slug":"la-recoleccion-de-carton-en-el-centro-tendra-horarios-trabajadores-identificados-y-puntos-de-acopio","status":"publish","type":"post","link":"http:\/\/cordobadirecto.com\/index.php\/2021\/10\/05\/la-recoleccion-de-carton-en-el-centro-tendra-horarios-trabajadores-identificados-y-puntos-de-acopio\/","title":{"rendered":"La recolecci\u00f3n de cart\u00f3n en el Centro tendr\u00e1 horarios, trabajadores identificados y puntos de acopio"},"content":{"rendered":"<p>Al mismo tiempo, el <b>nuevo<\/b> ordenamiento tendr\u00e1 impacto en la <b>econom\u00eda<\/b> circular. &#8230; Y este martes la Municipalidad de <b>C\u00f3rdoba<\/b> dio un paso sustancial en la&nbsp;&#8230; <\/p>\n","protected":false},"excerpt":{"rendered":"<p>Al mismo tiempo, el nuevo ordenamiento tendr\u00e1 impacto en la econom\u00eda circular. &#8230; Y este martes la Municipalidad de C\u00f3rdoba dio un paso sustancial en la&nbsp;&#8230;<\/p>\n","protected":false},"author":1,"featured_media":0,"comment_status":"closed","ping_status":"closed","sticky":false,"template":"","format":"standard","meta":[],"categories":[40],"tags":[],"_links":{"self":[{"href":"http:\/\/cordobadirecto.com\/index.php\/wp-json\/wp\/v2\/posts\/21701"}],"collection":[{"href":"http:\/\/cordobadirecto.com\/index.php\/wp-json\/wp\/v2\/posts"}],"about":[{"href":"http:\/\/cordobadirecto.com\/index.php\/wp-json\/wp\/v2\/types\/post"}],"author":[{"embeddable":true,"href":"http:\/\/cordobadirecto.com\/index.php\/wp-json\/wp\/v2\/users\/1"}],"replies":[{"embeddable":true,"href":"http:\/\/cordobadirecto.com\/index.php\/wp-json\/wp\/v2\/comments?post=21701"}],"version-history":[{"count":0,"href":"http:\/\/cordobadirecto.com\/index.php\/wp-json\/wp\/v2\/posts\/21701\/revisions"}],"wp:attachment":[{"href":"http:\/\/cordobadirecto.com\/index.php\/wp-json\/wp\/v2\/media?parent=21701"}],"wp:term":[{"taxonomy":"category","embeddable":true,"href":"http:\/\/cordobadirecto.com\/index.php\/wp-json\/wp\/v2\/categories?post=21701"},{"taxonomy":"post_tag","embeddable":true,"href":"http:\/\/cordobadirecto.com\/index.php\/wp-json\/wp\/v2\/tags?post=21701"}],"curies":[{"name":"wp","href":"https:\/\/api.w.org\/{rel}","templated":true}]}}