{"id":21898,"date":"2021-10-07T02:30:12","date_gmt":"2021-10-07T02:30:12","guid":{"rendered":"https:\/\/www.bbc.com\/mundo\/noticias-america-latina-58824498"},"modified":"2021-10-07T02:30:12","modified_gmt":"2021-10-07T02:30:12","slug":"pedro-castillo-nombra-a-mirtha-vasquez-nueva-presidenta-del-consejo-de-ministros-de-peru-tras-la-renuncia-de-bellido","status":"publish","type":"post","link":"http:\/\/cordobadirecto.com\/index.php\/2021\/10\/07\/pedro-castillo-nombra-a-mirtha-vasquez-nueva-presidenta-del-consejo-de-ministros-de-peru-tras-la-renuncia-de-bellido\/","title":{"rendered":"Pedro Castillo nombra a Mirtha V\u00e1squez nueva presidenta del Consejo de Ministros de Per\u00fa tras la renuncia de Bellido"},"content":{"rendered":"<div dir=\"ltr\" class=\"e1j2237y5 bbc-q4ibpr e57qer20\">\n<div class=\"bbc-1atl7vu e1c9i7u14\">\n<ul role=\"list\" class=\"bbc-cdrraw e1c9i7u12\">\n<li role=\"listitem\" class=\"bbc-1a3w4ok e1c9i7u11\">Redacci\u00f3n <\/li>\n<li role=\"listitem\" class=\"bbc-1p92jtu e1c9i7u10\">BBC News Mundo<\/li>\n<\/ul>\n<\/div>\n<\/div>\n<div dir=\"ltr\" class=\"e1j2237y6 bbc-q4ibpr e57qer20\"><time datetime=\"2021-10-07\" class=\"bbc-14xtggo e4zesg50\">7 octubre 2021, 01:59 GMT<\/time><\/p>\n<p><time datetime=\"2021-10-07\" class=\"bbc-14xtggo e4zesg50\">Actualizado 35 minutos<\/time><\/p>\n<\/div>\n<div dir=\"ltr\" class=\"bbc-1ka88fa e57qer20\">\n<figure class=\"bbc-1qdcvv9 e6bmn90\">\n<div dir=\"ltr\" class=\"bbc-172p16q e57qer20\">\n<div dir=\"ltr\" class=\"bbc-189y18v e57qer20\" readability=\"6.5\">\n<div data-e2e=\"image-placeholder\" class=\"bbc-997y1y e1whu0\" readability=\"8\"><img loading=\"lazy\" srcset=\"http:\/\/cordobadirecto.com\/wp-content\/uploads\/2021\/10\/pedro-castillo-nombra-a-mirtha-vasquez-nueva-presidenta-del-consejo-de-ministros-de-peru-tras-la-renuncia-de-bellido-4.jpg 240w, http:\/\/cordobadirecto.com\/wp-content\/uploads\/2021\/10\/pedro-castillo-nombra-a-mirtha-vasquez-nueva-presidenta-del-consejo-de-ministros-de-peru-tras-la-renuncia-de-bellido-5.jpg 320w, http:\/\/cordobadirecto.com\/wp-content\/uploads\/2021\/10\/pedro-castillo-nombra-a-mirtha-vasquez-nueva-presidenta-del-consejo-de-ministros-de-peru-tras-la-renuncia-de-bellido-6.jpg 480w, http:\/\/cordobadirecto.com\/wp-content\/uploads\/2021\/10\/pedro-castillo-nombra-a-mirtha-vasquez-nueva-presidenta-del-consejo-de-ministros-de-peru-tras-la-renuncia-de-bellido-7.jpg 624w, http:\/\/cordobadirecto.com\/wp-content\/uploads\/2021\/10\/pedro-castillo-nombra-a-mirtha-vasquez-nueva-presidenta-del-consejo-de-ministros-de-peru-tras-la-renuncia-de-bellido-8.jpg 800w\" alt=\"Pedro Castillo.\" src=\"http:\/\/cordobadirecto.com\/wp-content\/uploads\/2021\/10\/pedro-castillo-nombra-a-mirtha-vasquez-nueva-presidenta-del-consejo-de-ministros-de-peru-tras-la-renuncia-de-bellido.jpg\" sizes=\"(min-width: 1008px) 645px, 100vw\" width=\"976\" height=\"549\" class=\"eehpdyc0 bbc-100dhyn e1enwo3v0\"><\/p>\n<p role=\"text\" class=\"bbc-1s1cxbv etq3yw90\"><span class=\"bbc-1gnhmg2 e1yt7oin0\">Fuente de la imagen, <\/span><span lang=\"en-GB\">Getty Images<\/span><\/p>\n<\/div>\n<\/div>\n<div dir=\"ltr\" class=\"bbc-3edg7g e57qer20\" readability=\"6\"><figcaption dir=\"ltr\" class=\"bbc-1t9zlwf eede9f50\" readability=\"2\"><span class=\"bbc-1gnhmg2 e1yt7oin0\">Pie de foto, <\/span><\/p>\n<p>El nuevo gobierno se interpreta como un giro a la moderaci\u00f3n de Castillo.<\/p>\n<\/figcaption><\/div>\n<\/div>\n<\/figure>\n<\/div>\n<div dir=\"ltr\" class=\"bbc-19j92fr e57qer20\" readability=\"12\">\n<p dir=\"ltr\" class=\"bbc-bm53ic e1cc2ql70\"><b>El presidente de Per\u00fa, Pedro Castillo, jurament\u00f3 este mi\u00e9rcoles a los nuevos miembros de su gobierno, remodelado despu\u00e9s de que el mandatario le pidiera renunciar al ya ex primer ministro Guido Bellido. <\/b><\/p>\n<\/div>\n<div dir=\"ltr\" class=\"bbc-19j92fr e57qer20\" readability=\"9\">\n<p dir=\"ltr\" class=\"bbc-bm53ic e1cc2ql70\">Castillo nombr\u00f3 como sucesora de Bellido a Mirtha V\u00e1squez, ex presidenta del Congreso y congresista por el progresista Frente Amplio. <\/p>\n<\/div>\n<div dir=\"ltr\" class=\"bbc-19j92fr e57qer20\" readability=\"9\">\n<p dir=\"ltr\" class=\"bbc-bm53ic e1cc2ql70\">La primera ministra jur\u00f3 su cargo<b> &#8220;por este pa\u00eds de mujeres y hombres que todos los d\u00edas luchan por vivir con dignidad, sin discriminaci\u00f3n&#8221;. <\/b><\/p>\n<\/div>\n<div dir=\"ltr\" class=\"bbc-19j92fr e57qer20\" readability=\"8\">\n<p dir=\"ltr\" class=\"bbc-bm53ic e1cc2ql70\">La nueva l\u00edder del gobierno es una mujer conocida por su activismo medioambiental y su defensa de los derechos de las mujeres. <\/p>\n<\/div>\n<div dir=\"ltr\" class=\"bbc-19j92fr e57qer20\" readability=\"12\">\n<p dir=\"ltr\" class=\"bbc-bm53ic e1cc2ql70\">Como abogada, seg\u00fan relata el diario La Rep\u00fablica, actu\u00f3 como representante de M\u00e1xima Acu\u00f1a, una mujer que se ha convertido en un<b> s\u00edmbolo en Per\u00fa por su lucha contra una gran compa\u00f1\u00eda minera. <\/b><\/p>\n<\/div>\n<div dir=\"ltr\" class=\"bbc-19j92fr e57qer20\" readability=\"11\">\n<p dir=\"ltr\" class=\"bbc-bm53ic e1cc2ql70\">En 2020 se convirti\u00f3 en congresista de la Rep\u00fablica por el Departamento de Cajamarca. Tras la renuncia del expresidente Manuel Merino, despu\u00e9s de los violentos incidentes que siguieron a la vacancia de Mart\u00edn Vizcarra, V\u00e1squez fue elegida presidenta del Congreso. <\/p>\n<\/div>\n<div dir=\"ltr\" class=\"bbc-1ka88fa e57qer20\">\n<figure class=\"bbc-1qdcvv9 e6bmn90\">\n<div dir=\"ltr\" class=\"bbc-172p16q e57qer20\">\n<div dir=\"ltr\" class=\"bbc-189y18v e57qer20\" readability=\"6.5\">\n<div data-e2e=\"image-placeholder\" class=\"bbc-997y1y e1whu0\" readability=\"8\"><noscript><img loading=\"lazy\" srcset=\"http:\/\/cordobadirecto.com\/wp-content\/uploads\/2021\/10\/pedro-castillo-nombra-a-mirtha-vasquez-nueva-presidenta-del-consejo-de-ministros-de-peru-tras-la-renuncia-de-bellido-9.jpg 240w, http:\/\/cordobadirecto.com\/wp-content\/uploads\/2021\/10\/pedro-castillo-nombra-a-mirtha-vasquez-nueva-presidenta-del-consejo-de-ministros-de-peru-tras-la-renuncia-de-bellido-10.jpg 320w, http:\/\/cordobadirecto.com\/wp-content\/uploads\/2021\/10\/pedro-castillo-nombra-a-mirtha-vasquez-nueva-presidenta-del-consejo-de-ministros-de-peru-tras-la-renuncia-de-bellido-11.jpg 480w, http:\/\/cordobadirecto.com\/wp-content\/uploads\/2021\/10\/pedro-castillo-nombra-a-mirtha-vasquez-nueva-presidenta-del-consejo-de-ministros-de-peru-tras-la-renuncia-de-bellido-12.jpg 624w, http:\/\/cordobadirecto.com\/wp-content\/uploads\/2021\/10\/pedro-castillo-nombra-a-mirtha-vasquez-nueva-presidenta-del-consejo-de-ministros-de-peru-tras-la-renuncia-de-bellido-13.jpg 800w\" alt=\"Mirtha V\u00e1squez, junto a Francisco Sagasti.\" src=\"http:\/\/cordobadirecto.com\/wp-content\/uploads\/2021\/10\/pedro-castillo-nombra-a-mirtha-vasquez-nueva-presidenta-del-consejo-de-ministros-de-peru-tras-la-renuncia-de-bellido-1.jpg\" sizes=\"(min-width: 1008px) 645px, 100vw\" width=\"976\" height=\"549\" class=\"eehpdyc0 bbc-100dhyn e1enwo3v0\"><\/noscript><\/p>\n<p role=\"text\" class=\"bbc-1s1cxbv etq3yw90\"><span class=\"bbc-1gnhmg2 e1yt7oin0\">Fuente de la imagen, <\/span><span lang=\"en-GB\">CESAR VON BANCELS \/ Getty<\/span><\/p>\n<\/div>\n<\/div>\n<div dir=\"ltr\" class=\"bbc-3edg7g e57qer20\" readability=\"6\"><figcaption dir=\"ltr\" class=\"bbc-1t9zlwf eede9f50\" readability=\"2\"><span class=\"bbc-1gnhmg2 e1yt7oin0\">Pie de foto, <\/span><\/p>\n<p>Mirtha V\u00e1squez fue presidenta del Congreso durante la presidencia de Francisco Sagasti.<\/p>\n<\/figcaption><\/div>\n<\/div>\n<\/figure>\n<\/div>\n<div dir=\"ltr\" class=\"bbc-19j92fr e57qer20\" readability=\"8\">\n<p dir=\"ltr\" class=\"bbc-bm53ic e1cc2ql70\">El nuevo gobierno <b>contar\u00e1 con cinco mujeres,<\/b> mientras que en el anterior solo hab\u00eda dos. <\/p>\n<\/div>\n<div dir=\"ltr\" class=\"bbc-19j92fr e57qer20\" readability=\"11\">\n<p dir=\"ltr\" class=\"bbc-bm53ic e1cc2ql70\">El presidente ratific\u00f3 al economista moderado Pedro Francke como ministro de Econom\u00eda y Finanzas. Francke es visto como una figura clave para tranquilizar a los mercados, despu\u00e9s de que la oposici\u00f3n acusara en la campa\u00f1a electoral a Castillo de querer emular en Per\u00fa el modelo socialista de Cuba y Venezuela. <\/p>\n<\/div>\n<div dir=\"ltr\" class=\"bbc-19j92fr e57qer20\" readability=\"11\">\n<p dir=\"ltr\" class=\"bbc-bm53ic e1cc2ql70\">Otros dirigentes a los que se considera cercanos al presidente, como Walter Ayala, titular de Defensa, contin\u00faan en el cargo. <\/p>\n<\/div>\n<div dir=\"ltr\" class=\"bbc-19j92fr e57qer20\" readability=\"9\">\n<p dir=\"ltr\" class=\"bbc-bm53ic e1cc2ql70\">Castillo hab\u00eda anunciado horas antes la renuncia de Bellido, que hab\u00eda estado envuelto en la pol\u00e9mica desde que accedi\u00f3 al cargo hac\u00eda dos meses y medio. <\/p>\n<\/div>\n<p><h2 id=\"En-favor-de-la-gobernabilidad\" tabindex=\"-1\" class=\"bbc-l3e97o e14hemmw0\">&#8220;En favor de la gobernabilidad&#8221;<\/h2>\n<\/p>\n<div dir=\"ltr\" class=\"bbc-19j92fr e57qer20\" readability=\"9\">\n<p dir=\"ltr\" class=\"bbc-bm53ic e1cc2ql70\">En un breve mensaje a la naci\u00f3n, Castillo dijo que tom\u00f3 algunas decisiones &#8220;en favor de la gobernabilidad&#8221; del pa\u00eds.<\/p>\n<\/div>\n<div dir=\"ltr\" class=\"bbc-19j92fr e57qer20\" readability=\"9\">\n<p dir=\"ltr\" class=\"bbc-bm53ic e1cc2ql70\">&#8220;Per\u00fa espera mucho de sus autoridades. Es momento de poner al Per\u00fa por encima de toda ideolog\u00eda y posiciones partidarias&#8221;, dijo Castillo.<\/p>\n<\/div>\n<div dir=\"ltr\" class=\"bbc-19j92fr e57qer20\" readability=\"10\">\n<p dir=\"ltr\" class=\"bbc-bm53ic e1cc2ql70\">&#8220;Por ello, informo al pa\u00eds que hemos aceptado la renuncia del presidente del Consejo de Ministros, Guido Bellido Ugarte&#8221;.<\/p>\n<\/div>\n<div dir=\"ltr\" class=\"bbc-19j92fr e57qer20\" readability=\"12\">\n<p dir=\"ltr\" class=\"bbc-bm53ic e1cc2ql70\">El reemplazo del pol\u00e9mico Bellido, investigado por presunta corrupci\u00f3n y cercano al sector m\u00e1s radical del oficialista Per\u00fa Libre, parece indicar <b>una apuesta por la moderaci\u00f3n del presidente Castillo, <\/b>que hab\u00eda visto como algunos de sus ministros hab\u00edan sido cuestionados en el Congreso. <\/p>\n<\/div>\n<div dir=\"ltr\" class=\"bbc-1ka88fa e57qer20\">\n<figure class=\"bbc-1qdcvv9 e6bmn90\">\n<div dir=\"ltr\" class=\"bbc-172p16q e57qer20\">\n<div dir=\"ltr\" class=\"bbc-189y18v e57qer20\" readability=\"6.5\">\n<div data-e2e=\"image-placeholder\" class=\"bbc-997y1y e1whu0\" readability=\"8\"><noscript><img loading=\"lazy\" srcset=\"http:\/\/cordobadirecto.com\/wp-content\/uploads\/2021\/10\/pedro-castillo-nombra-a-mirtha-vasquez-nueva-presidenta-del-consejo-de-ministros-de-peru-tras-la-renuncia-de-bellido-14.jpg 240w, http:\/\/cordobadirecto.com\/wp-content\/uploads\/2021\/10\/pedro-castillo-nombra-a-mirtha-vasquez-nueva-presidenta-del-consejo-de-ministros-de-peru-tras-la-renuncia-de-bellido-15.jpg 320w, http:\/\/cordobadirecto.com\/wp-content\/uploads\/2021\/10\/pedro-castillo-nombra-a-mirtha-vasquez-nueva-presidenta-del-consejo-de-ministros-de-peru-tras-la-renuncia-de-bellido-16.jpg 480w, http:\/\/cordobadirecto.com\/wp-content\/uploads\/2021\/10\/pedro-castillo-nombra-a-mirtha-vasquez-nueva-presidenta-del-consejo-de-ministros-de-peru-tras-la-renuncia-de-bellido-17.jpg 624w, http:\/\/cordobadirecto.com\/wp-content\/uploads\/2021\/10\/pedro-castillo-nombra-a-mirtha-vasquez-nueva-presidenta-del-consejo-de-ministros-de-peru-tras-la-renuncia-de-bellido-18.jpg 800w\" alt=\"Guido Bellido\" src=\"http:\/\/cordobadirecto.com\/wp-content\/uploads\/2021\/10\/pedro-castillo-nombra-a-mirtha-vasquez-nueva-presidenta-del-consejo-de-ministros-de-peru-tras-la-renuncia-de-bellido-2.jpg\" sizes=\"(min-width: 1008px) 645px, 100vw\" width=\"976\" height=\"549\" class=\"eehpdyc0 bbc-100dhyn e1enwo3v0\"><\/noscript><\/p>\n<p role=\"text\" class=\"bbc-1s1cxbv etq3yw90\"><span class=\"bbc-1gnhmg2 e1yt7oin0\">Fuente de la imagen, <\/span><span lang=\"en-GB\">ERNESTO BENAVIDES \/ Getty<\/span><\/p>\n<\/div>\n<\/div>\n<div dir=\"ltr\" class=\"bbc-3edg7g e57qer20\" readability=\"6\"><figcaption dir=\"ltr\" class=\"bbc-1t9zlwf eede9f50\" readability=\"2\"><span class=\"bbc-1gnhmg2 e1yt7oin0\">Pie de foto, <\/span><\/p>\n<p>Bellido se hab\u00eda visto salpicado por varios esc\u00e1ndalos.<\/p>\n<\/figcaption><\/div>\n<\/div>\n<\/figure>\n<\/div>\n<div dir=\"ltr\" class=\"bbc-19j92fr e57qer20\" readability=\"9\">\n<p dir=\"ltr\" class=\"bbc-bm53ic e1cc2ql70\">En un mensaje posterior, Bellido culp\u00f3 a las &#8220;fuerzas f\u00e1cticas&#8221; que &#8220;han ido entorpeciendo al gobierno sistem\u00e1ticamente&#8221;.<\/p>\n<\/div>\n<div dir=\"ltr\" class=\"bbc-19j92fr e57qer20\" readability=\"13\">\n<p dir=\"ltr\" class=\"bbc-bm53ic e1cc2ql70\">&#8220;Estos poderes f\u00e1cticos, financieros y empresariales tienen capturados los \u00f3rganos de justicia que, amparados en el eufemismo de la econom\u00eda de poderes, no se someten a las elecciones y quieren gobernar nuestro pa\u00eds como una organizaci\u00f3n que criminaliza a todo opositor pol\u00edtico&#8221;, asegur\u00f3.<\/p>\n<\/div>\n<div dir=\"ltr\" class=\"bbc-19j92fr e57qer20\" readability=\"9\">\n<p dir=\"ltr\" class=\"bbc-bm53ic e1cc2ql70\">Tambi\u00e9n dijo que no sab\u00eda por qu\u00e9 Castillo le hab\u00eda pedido su renuncia, aunque asegur\u00f3 que el mandatario <b>&#8220;es presidente de todos&#8221;.<\/b><\/p>\n<\/div>\n<div dir=\"ltr\" class=\"bbc-19j92fr e57qer20\" readability=\"13\">\n<p dir=\"ltr\" class=\"bbc-bm53ic e1cc2ql70\">No solo Bellido sali\u00f3 del gobierno. El ministro de Trabajo, Iber Marav\u00ed, acusado de comandar fuerzas de la guerrilla mao\u00edsta de Sendero Luminoso en la d\u00e9cada de 1980, cesa y al frente de su ministerio queda ahora Betssy Ch\u00e1vez, congresista de Per\u00fa Libre. <\/p>\n<\/div>\n<div dir=\"ltr\" class=\"bbc-19j92fr e57qer20\" readability=\"9\">\n<p dir=\"ltr\" class=\"bbc-bm53ic e1cc2ql70\">El Congreso hab\u00eda iniciado el procedimiento para apartar a Marav\u00ed del cargo por su presunto pasado senderista, que \u00e9l niega. <\/p>\n<\/div>\n<div dir=\"ltr\" class=\"bbc-1ka88fa e57qer20\">\n<figure class=\"bbc-1qdcvv9 e6bmn90\">\n<div dir=\"ltr\" class=\"bbc-172p16q e57qer20\">\n<div dir=\"ltr\" class=\"bbc-189y18v e57qer20\">\n<div data-e2e=\"image-placeholder\" class=\"bbc-997y1y e1whu0\"><noscript><img loading=\"lazy\" srcset=\"http:\/\/cordobadirecto.com\/wp-content\/uploads\/2021\/10\/pedro-castillo-nombra-a-mirtha-vasquez-nueva-presidenta-del-consejo-de-ministros-de-peru-tras-la-renuncia-de-bellido-19.jpg 240w, http:\/\/cordobadirecto.com\/wp-content\/uploads\/2021\/10\/pedro-castillo-nombra-a-mirtha-vasquez-nueva-presidenta-del-consejo-de-ministros-de-peru-tras-la-renuncia-de-bellido-20.jpg 320w, http:\/\/cordobadirecto.com\/wp-content\/uploads\/2021\/10\/pedro-castillo-nombra-a-mirtha-vasquez-nueva-presidenta-del-consejo-de-ministros-de-peru-tras-la-renuncia-de-bellido-21.jpg 464w\" alt=\"l\u00ednea\" src=\"http:\/\/cordobadirecto.com\/wp-content\/uploads\/2021\/10\/pedro-castillo-nombra-a-mirtha-vasquez-nueva-presidenta-del-consejo-de-ministros-de-peru-tras-la-renuncia-de-bellido-3.jpg\" sizes=\"(min-width: 1008px) 645px, 100vw\" width=\"464\" height=\"2\" class=\"eehpdyc0 bbc-100dhyn e1enwo3v0\"><\/noscript><\/div>\n<\/div>\n<\/div>\n<\/figure>\n<\/div>\n<div dir=\"ltr\" class=\"bbc-19j92fr e57qer20\" readability=\"8\">\n<p dir=\"ltr\" class=\"bbc-bm53ic e1cc2ql70\"><i class=\"bbc-h1y5j7 ewc4zcb0\">Ahora puedes recibir notificaciones de BBC News Mundo. Descarga nuestra app y act\u00edvalas para no perderte nuestro mejor contenido.<\/i><\/p>\n<\/div>\n","protected":false},"excerpt":{"rendered":"<p>Redacci\u00f3n BBC News Mundo 7 octubre 2021, 01:59 GMT Actualizado 35 minutos Fuente de la imagen, Getty Images Pie de foto, El nuevo gobierno se interpreta como un giro a la moderaci\u00f3n de Castillo. El presidente de Per\u00fa, Pedro Castillo, jurament\u00f3 este mi\u00e9rcoles a los nuevos miembros de su gobierno, remodelado despu\u00e9s de que el [&hellip;]<\/p>\n","protected":false},"author":1,"featured_media":21899,"comment_status":"closed","ping_status":"closed","sticky":false,"template":"","format":"standard","meta":[],"categories":[24],"tags":[],"_links":{"self":[{"href":"http:\/\/cordobadirecto.com\/index.php\/wp-json\/wp\/v2\/posts\/21898"}],"collection":[{"href":"http:\/\/cordobadirecto.com\/index.php\/wp-json\/wp\/v2\/posts"}],"about":[{"href":"http:\/\/cordobadirecto.com\/index.php\/wp-json\/wp\/v2\/types\/post"}],"author":[{"embeddable":true,"href":"http:\/\/cordobadirecto.com\/index.php\/wp-json\/wp\/v2\/users\/1"}],"replies":[{"embeddable":true,"href":"http:\/\/cordobadirecto.com\/index.php\/wp-json\/wp\/v2\/comments?post=21898"}],"version-history":[{"count":0,"href":"http:\/\/cordobadirecto.com\/index.php\/wp-json\/wp\/v2\/posts\/21898\/revisions"}],"wp:featuredmedia":[{"embeddable":true,"href":"http:\/\/cordobadirecto.com\/index.php\/wp-json\/wp\/v2\/media\/21899"}],"wp:attachment":[{"href":"http:\/\/cordobadirecto.com\/index.php\/wp-json\/wp\/v2\/media?parent=21898"}],"wp:term":[{"taxonomy":"category","embeddable":true,"href":"http:\/\/cordobadirecto.com\/index.php\/wp-json\/wp\/v2\/categories?post=21898"},{"taxonomy":"post_tag","embeddable":true,"href":"http:\/\/cordobadirecto.com\/index.php\/wp-json\/wp\/v2\/tags?post=21898"}],"curies":[{"name":"wp","href":"https:\/\/api.w.org\/{rel}","templated":true}]}}