{"id":21978,"date":"2021-10-07T03:07:09","date_gmt":"2021-10-07T03:07:09","guid":{"rendered":"http:\/\/cordobadirecto.com\/index.php\/2021\/10\/07\/carlos-vives-regresa-a-la-actuacion-con-una-serie-en-la-que-participara-tambien-su-hija\/"},"modified":"2021-10-07T03:07:09","modified_gmt":"2021-10-07T03:07:09","slug":"carlos-vives-regresa-a-la-actuacion-con-una-serie-en-la-que-participara-tambien-su-hija","status":"publish","type":"post","link":"http:\/\/cordobadirecto.com\/index.php\/2021\/10\/07\/carlos-vives-regresa-a-la-actuacion-con-una-serie-en-la-que-participara-tambien-su-hija\/","title":{"rendered":"Carlos Vives regresa a la actuaci\u00f3n con una serie en la que participar\u00e1 tambi\u00e9n su hija"},"content":{"rendered":"<div class=\"image\" id=\"image\"> <img src=\"http:\/\/cordobadirecto.com\/wp-content\/uploads\/2021\/10\/carlos-vives-regresa-a-la-actuacion-con-una-serie-en-la-que-participara-tambien-su-hija.jpg\" alt title><\/div>\n<p>El artista colombiano Carlos Vives anunci\u00f3 su regreso a la actuaci\u00f3n despu\u00e9s de una ausencia de dos d\u00e9cadas, en este caso con una serie de la plataforma Disney+ en la que estar\u00e1 acompa\u00f1ado por su hija menor.<\/p>\n<p>Vives regresar\u00e1 a la TV con <strong>&#8220;El club de los graves&#8221;<\/strong>, sobre un profesor de m\u00fasica de secundaria<strong> &#8220;un poco particular&#8221;<\/strong>, que usa m\u00e9todos no convencionales en una escuela estricta para <strong>&#8220;sanar sus heridas&#8221;<\/strong> a trav\u00e9s de la m\u00fasica, explic\u00f3 el artista.<\/p>\n<p>El elenco est\u00e1 conformado por los j\u00f3venes actores <strong>Kevin Bury, Gregorio Uma\u00f1a, Juan Manuel Lenis, Juan Camilo Gonz\u00e1lez, Mariano <\/strong>y<strong> Luis Fernando Salas Catalina Polo, Mar\u00eda Fernanda Mar\u00edn, Manuela Duque, Salom\u00e9 Camargo y Brainer Gamboa<\/strong>, entre otros, adem\u00e1s de Elena Vives, de 11 a\u00f1os, inform\u00f3 un comunicado.<\/p>\n<p>La producci\u00f3n, que ser\u00e1 filmada en su totalidad en Am\u00e9rica Latina y est\u00e1 a cargo de TeleColombia, representa el retorno de Vives a la actuaci\u00f3n, el arte que lo dio a conocer en toda Am\u00e9rica Latina, gracias a telenovelas grabadas en su pa\u00eds y Puerto Rico. <\/p>\n","protected":false},"excerpt":{"rendered":"<p>El artista colombiano Carlos Vives anunci\u00f3 su regreso a la actuaci\u00f3n despu\u00e9s de una ausencia de dos d\u00e9cadas, en este caso con una serie de la plataforma Disney+ en la que estar\u00e1 acompa\u00f1ado por su hija menor. Vives regresar\u00e1 a la TV con &#8220;El club de los graves&#8221;, sobre un profesor de m\u00fasica de secundaria [&hellip;]<\/p>\n","protected":false},"author":1,"featured_media":21979,"comment_status":"closed","ping_status":"closed","sticky":false,"template":"","format":"standard","meta":[],"categories":[20],"tags":[],"_links":{"self":[{"href":"http:\/\/cordobadirecto.com\/index.php\/wp-json\/wp\/v2\/posts\/21978"}],"collection":[{"href":"http:\/\/cordobadirecto.com\/index.php\/wp-json\/wp\/v2\/posts"}],"about":[{"href":"http:\/\/cordobadirecto.com\/index.php\/wp-json\/wp\/v2\/types\/post"}],"author":[{"embeddable":true,"href":"http:\/\/cordobadirecto.com\/index.php\/wp-json\/wp\/v2\/users\/1"}],"replies":[{"embeddable":true,"href":"http:\/\/cordobadirecto.com\/index.php\/wp-json\/wp\/v2\/comments?post=21978"}],"version-history":[{"count":0,"href":"http:\/\/cordobadirecto.com\/index.php\/wp-json\/wp\/v2\/posts\/21978\/revisions"}],"wp:featuredmedia":[{"embeddable":true,"href":"http:\/\/cordobadirecto.com\/index.php\/wp-json\/wp\/v2\/media\/21979"}],"wp:attachment":[{"href":"http:\/\/cordobadirecto.com\/index.php\/wp-json\/wp\/v2\/media?parent=21978"}],"wp:term":[{"taxonomy":"category","embeddable":true,"href":"http:\/\/cordobadirecto.com\/index.php\/wp-json\/wp\/v2\/categories?post=21978"},{"taxonomy":"post_tag","embeddable":true,"href":"http:\/\/cordobadirecto.com\/index.php\/wp-json\/wp\/v2\/tags?post=21978"}],"curies":[{"name":"wp","href":"https:\/\/api.w.org\/{rel}","templated":true}]}}