{"id":22021,"date":"2021-10-06T19:48:36","date_gmt":"2021-10-06T19:48:36","guid":{"rendered":"https:\/\/www.cordoba.gob.ar\/?p=14361"},"modified":"2021-10-06T19:48:36","modified_gmt":"2021-10-06T19:48:36","slug":"supermanzanas-de-caravana-mas-de-100-actividades-artisticas-y-culturales-gratuitas-para-disfrutar-este-finde-largo","status":"publish","type":"post","link":"http:\/\/cordobadirecto.com\/index.php\/2021\/10\/06\/supermanzanas-de-caravana-mas-de-100-actividades-artisticas-y-culturales-gratuitas-para-disfrutar-este-finde-largo\/","title":{"rendered":"\u201cSupermanzanas de Caravana\u201d: m\u00e1s de 100 actividades art\u00edsticas y culturales gratuitas para disfrutar este \u201cfinde\u201d largo"},"content":{"rendered":"<div><img src=\"http:\/\/cordobadirecto.com\/wp-content\/uploads\/2021\/10\/supermanzanas-de-caravana-mas-de-100-actividades-artisticas-y-culturales-gratuitas-para-disfrutar-este-finde-largo.jpg\" class=\"ff-og-image-inserted\"><\/div>\n<ul>\n<li><strong>La Municipalidad present\u00f3 la propuesta que se desarrollar\u00e1 del jueves 7 al domingo 10 de octubre.<\/strong><\/li>\n<li><strong>La extensa grilla tendr\u00e1 lugar de manera simult\u00e1nea en las supermanzanas del Mercado Norte, plaza de la Intendencia, Paseo del Buen Pastor y Casco Hist\u00f3rico.<\/strong><\/li>\n<\/ul>\n<hr>\n<p>Con un festival in\u00e9dito y multiescenario, la Municipalidad de C\u00f3rdoba present\u00f3 una grilla con m\u00e1s de 100 actividades art\u00edsticas y culturales gratuitas para disfrutar el fin de semana largo en las 4 supermanzanas de la ciudad. Se trata de nuevos espacios creados en plena pandemia.<\/p>\n<p>El festival \u201cSupermanzanas de Caravana\u201d tendr\u00e1 como eje transversal la multiculturalidad que caracteriza a nuestra ciudad en particular y lo latinoamericano en general.<\/p>\n<p>La extensa grilla invita a disfrutar de la gastronom\u00eda, el arte, la cultura y la historia de nuestra ciudad y se desarrollar\u00e1 de manera simult\u00e1nea desde hoy hasta el domingo 10.<\/p>\n<p>Adem\u00e1s, el festival se sumar\u00e1 a las propuestas de la 35\u00b0 Feria del Libro, que se extiende hasta el 11 de octubre.<\/p>\n<p>Las actividades, impulsadas desde la Secretar\u00eda de Gobierno, se desarrollar\u00e1n de manera simult\u00e1nea en los cuatro puntos de la ciudad recientemente intervenidos para darle lugar a los peatones y las bicicletas: supermanzana Mercado Norte, Supermanzana de la Intendencia, Supermanzana Hist\u00f3rica y Supermanzana Joven del Buen Pastor.<\/p>\n<p><em>\u201cEsta propuesta in\u00e9dita es la continuidad de este proyecto que la gesti\u00f3n que encabeza el intendente Llaryora y tiene como objetivo que la gente pueda volver a recuperar espacios que siempre fueron de los vecinos pero que estaba ocupado por colectivos, autos. Ahora, en cambio, estos lugares se llenan de gastronom\u00eda, cultura, artistas, y familias\u201d,<\/em> reflexion\u00f3 el secretario de Gobierno, Miguel Siciliano.<\/p>\n<p>Como parte de la iniciativa, la gastronom\u00eda tendr\u00e1 un papel protag\u00f3nico con diversas actividades como el \u201cFree Morfing Tour\u201d, que invita a un paseo por bares y restos, degustando comidas, bebidas y escuchando historias y relatos de la Ciudad; una jornada con cocina en vivo, m\u00fasica, humor se suman a la usual oferta gastron\u00f3mica del Mercado Norte; y el ciclo de conversaciones y cocina en vivo \u201cBueno para comer y pensar\u201d, junto a cocineros\/as, oradores\/as, expertos\/as en la tem\u00e1tica.<\/p>\n<p>Las diferentes expresiones art\u00edsticas tambi\u00e9n estar\u00e1n presentes en los cinco escenarios montados en cada una de las Supermanzanas. Desde las primeras horas de la tarde y hasta el anochecer habr\u00e1 m\u00fasica en vivo con bandas locales, danza, DJs, street art y humoristas en cinco escenarios.<\/p>\n<p><em>\u201cEl festival de las supermanzanas tiene la particularidad de subrayar aquellos atributos de la ciudad de C\u00f3rdoba. Ya hicimos esto con los 30 a\u00f1os de la Isla de los Patos, el trekking urbano y el bloque del r\u00edo, adem\u00e1s junto al Mercado Norte hicimos el d\u00eda y la noche de los mercados, o cuando impulsamos las noches de los cementerios.<\/em><\/p>\n<p><em>Esta propuesta no s\u00f3lo es un acontecimiento que impulsar\u00e1 las reservas tur\u00edsticas sino tambi\u00e9n subraya aquello que creemos que somos y nos hace sentir orgullosos\u201d<\/em>, se\u00f1al\u00f3 por su parte el director general de Promoci\u00f3n de la ciudad, Pancho Marchiaro.<\/p>\n<p>Tambi\u00e9n habr\u00e1 visitas guiadas que rescatan la presencia nativa y el legado jesuita, recorriendo puntos hist\u00f3ricos y tur\u00edsticos relevantes de la ciudad, como el Templo Mayor de la Compa\u00f1\u00eda de Jes\u00fas, la Capilla Ntra. Sra. de Lourdes y la Capilla Dom\u00e9stica.<\/p>\n<p>Los m\u00e1s chicos tendr\u00e1n tambi\u00e9n actividades para disfrutar durante los cuatro d\u00edas en las supermanzanas. El Circo Piskui \u201cDivertirisas\u201d presentar\u00e1 sus acrobacias para toda la familia, y se realizar\u00e1n talleres de origami y expresi\u00f3n pl\u00e1stica.<\/p>\n<p>Cabe destacar que esta iniciativa que resalta nuestro patrimonio tangible e intangible, integra el trabajo conjunto llevado a cabo entre el municipio y el sector privado a trav\u00e9s de las diferentes mesas de articulaci\u00f3n, como la Mesa de Turismo, la de Gastronom\u00eda o la de Espect\u00e1culos, entre otras.<\/p>\n<p><em>\u201cEsperamos que con este festival todos puedan pasar un gran fin de semana largo en C\u00f3rdoba capital, lo importante es que nos cuidemos, tenemos niveles hist\u00f3ricos de ocupaci\u00f3n que no hemos tenido en estos \u00faltimos dos a\u00f1os por la pandemia y esto nos pone muy contentos ya que esto ha sido parte de un trabajo de articulaci\u00f3n p\u00fablica con el sector\u201d<\/em>, agreg\u00f3 el director general de Turismo, Pablo Bianco.<\/p>\n<p>La grilla completa del Festival \u201cSupermanzanas de Carnaval\u201d est\u00e1 disponible en el siguiente<strong> <a href=\"https:\/\/turismo.cordoba.gob.ar\/supermanzanasdecaravana\/\">link.<\/a><\/strong><\/p>\n","protected":false},"excerpt":{"rendered":"<p>La Municipalidad present\u00f3 la propuesta que se desarrollar\u00e1 del jueves 7 al domingo 10 de octubre. La extensa grilla tendr\u00e1 lugar de manera simult\u00e1nea en las supermanzanas del Mercado Norte, plaza de la Intendencia, Paseo del Buen Pastor y Casco Hist\u00f3rico. Con un festival in\u00e9dito y multiescenario, la Municipalidad de C\u00f3rdoba present\u00f3 una grilla con [&hellip;]<\/p>\n","protected":false},"author":1,"featured_media":22022,"comment_status":"closed","ping_status":"closed","sticky":false,"template":"","format":"standard","meta":[],"categories":[44],"tags":[],"_links":{"self":[{"href":"http:\/\/cordobadirecto.com\/index.php\/wp-json\/wp\/v2\/posts\/22021"}],"collection":[{"href":"http:\/\/cordobadirecto.com\/index.php\/wp-json\/wp\/v2\/posts"}],"about":[{"href":"http:\/\/cordobadirecto.com\/index.php\/wp-json\/wp\/v2\/types\/post"}],"author":[{"embeddable":true,"href":"http:\/\/cordobadirecto.com\/index.php\/wp-json\/wp\/v2\/users\/1"}],"replies":[{"embeddable":true,"href":"http:\/\/cordobadirecto.com\/index.php\/wp-json\/wp\/v2\/comments?post=22021"}],"version-history":[{"count":0,"href":"http:\/\/cordobadirecto.com\/index.php\/wp-json\/wp\/v2\/posts\/22021\/revisions"}],"wp:featuredmedia":[{"embeddable":true,"href":"http:\/\/cordobadirecto.com\/index.php\/wp-json\/wp\/v2\/media\/22022"}],"wp:attachment":[{"href":"http:\/\/cordobadirecto.com\/index.php\/wp-json\/wp\/v2\/media?parent=22021"}],"wp:term":[{"taxonomy":"category","embeddable":true,"href":"http:\/\/cordobadirecto.com\/index.php\/wp-json\/wp\/v2\/categories?post=22021"},{"taxonomy":"post_tag","embeddable":true,"href":"http:\/\/cordobadirecto.com\/index.php\/wp-json\/wp\/v2\/tags?post=22021"}],"curies":[{"name":"wp","href":"https:\/\/api.w.org\/{rel}","templated":true}]}}