{"id":22054,"date":"2021-10-07T19:37:06","date_gmt":"2021-10-07T19:37:06","guid":{"rendered":"https:\/\/www.cordoba.gob.ar\/?p=14431"},"modified":"2021-10-07T19:37:06","modified_gmt":"2021-10-07T19:37:06","slug":"el-transporte-urbano-sera-gratuito-todos-los-domingos-de-octubre","status":"publish","type":"post","link":"http:\/\/cordobadirecto.com\/index.php\/2021\/10\/07\/el-transporte-urbano-sera-gratuito-todos-los-domingos-de-octubre\/","title":{"rendered":"El transporte urbano ser\u00e1 gratuito todos los domingos de octubre"},"content":{"rendered":"<div><img src=\"http:\/\/cordobadirecto.com\/wp-content\/uploads\/2021\/10\/el-transporte-urbano-sera-gratuito-todos-los-domingos-de-octubre.jpg\" class=\"ff-og-image-inserted\"><\/div>\n<ul>\n<li><strong>El intendente Mart\u00edn Llaryora hizo el anuncio en el marco de la conmemoraci\u00f3n por el Mes de las Personas Mayores y la celebraci\u00f3n del D\u00eda de la Madre.<\/strong><\/li>\n<li><strong>La medida tiene como objetivo promover el reencuentro familiar y brindar la posibilidad del traslado gratuito para visitar los lugares de esparcimiento de la ciudad.<\/strong><\/li>\n<\/ul>\n<hr>\n<p>El intendente Mart\u00edn Llaryora anunci\u00f3 hoy que el transporte p\u00fablico de pasajeros ser\u00e1 gratuito todos los domingos del mes de octubre, replicando as\u00ed la medida implementada por primera vez el pasado domingo.<\/p>\n<p>La iniciativa de la Municipalidad de C\u00f3rdoba se enmarca en la celebraci\u00f3n del Mes de las Personas Mayores, en el que tambi\u00e9n se festeja el D\u00eda de la Madre. <em>\u201cPara conmemorar este mes tan especial, hemos dispuesto que la medida que tuvo tanto \u00e9xito el domingo pasado se repita todos los domingos de octubre, para que ustedes puedan visitar a sus familias y festejar como se merecen\u201d<\/em>, explic\u00f3 Llaryora.<\/p>\n<p>Tal como ocurriera el domingo pasado, la gratuidad del boleto de transporte urbano se aplicar\u00e1 en el horario de 8 a 24 horas para todos los vecinos, sin distinci\u00f3n de edad.<\/p>\n<p>El anuncio del intendente tuvo lugar durante un festejo que reuni\u00f3 a m\u00e1s de 2.500 personas mayores que asisten a Centros de D\u00eda municipales y provinciales.<\/p>\n<p>Es la primera vez que ambos Estados organizan conjuntamente una jornada de estas caracter\u00edsticas.<\/p>\n<p>En este sentido, la Coordinadora del Gabinete Social y diputada nacional, Alejandra Vigo, resalt\u00f3 que por primera vez hay acciones coordinadas por Provincia y Municipio, <em>\u201ccon un intendente que juega de memoria con el gobernador para proyectar juntos esta ciudad a\u00fan pese a las dificultades. Lo que veo es que los cordobeses estamos recuperando ese orgullo de vivir en esta ciudad\u201d.<\/em><\/p>\n","protected":false},"excerpt":{"rendered":"<p>El intendente Mart\u00edn Llaryora hizo el anuncio en el marco de la conmemoraci\u00f3n por el Mes de las Personas Mayores y la celebraci\u00f3n del D\u00eda de la Madre. La medida tiene como objetivo promover el reencuentro familiar y brindar la posibilidad del traslado gratuito para visitar los lugares de esparcimiento de la ciudad. El intendente [&hellip;]<\/p>\n","protected":false},"author":1,"featured_media":22055,"comment_status":"closed","ping_status":"closed","sticky":false,"template":"","format":"standard","meta":[],"categories":[44],"tags":[],"_links":{"self":[{"href":"http:\/\/cordobadirecto.com\/index.php\/wp-json\/wp\/v2\/posts\/22054"}],"collection":[{"href":"http:\/\/cordobadirecto.com\/index.php\/wp-json\/wp\/v2\/posts"}],"about":[{"href":"http:\/\/cordobadirecto.com\/index.php\/wp-json\/wp\/v2\/types\/post"}],"author":[{"embeddable":true,"href":"http:\/\/cordobadirecto.com\/index.php\/wp-json\/wp\/v2\/users\/1"}],"replies":[{"embeddable":true,"href":"http:\/\/cordobadirecto.com\/index.php\/wp-json\/wp\/v2\/comments?post=22054"}],"version-history":[{"count":0,"href":"http:\/\/cordobadirecto.com\/index.php\/wp-json\/wp\/v2\/posts\/22054\/revisions"}],"wp:featuredmedia":[{"embeddable":true,"href":"http:\/\/cordobadirecto.com\/index.php\/wp-json\/wp\/v2\/media\/22055"}],"wp:attachment":[{"href":"http:\/\/cordobadirecto.com\/index.php\/wp-json\/wp\/v2\/media?parent=22054"}],"wp:term":[{"taxonomy":"category","embeddable":true,"href":"http:\/\/cordobadirecto.com\/index.php\/wp-json\/wp\/v2\/categories?post=22054"},{"taxonomy":"post_tag","embeddable":true,"href":"http:\/\/cordobadirecto.com\/index.php\/wp-json\/wp\/v2\/tags?post=22054"}],"curies":[{"name":"wp","href":"https:\/\/api.w.org\/{rel}","templated":true}]}}