{"id":2206,"date":"2021-02-26T07:01:59","date_gmt":"2021-02-26T07:01:59","guid":{"rendered":"https:\/\/lmdiario.com.ar\/contenido\/276269\/agustin-druetta-vuelve-a-presentarse-en-la-parisina-casa-de-arte"},"modified":"2021-02-26T07:01:59","modified_gmt":"2021-02-26T07:01:59","slug":"agustin-druetta-vuelve-a-presentarse-en-la-parisina","status":"publish","type":"post","link":"http:\/\/cordobadirecto.com\/index.php\/2021\/02\/26\/agustin-druetta-vuelve-a-presentarse-en-la-parisina\/","title":{"rendered":"Agust\u00edn Druetta vuelve a presentarse en La Parisina"},"content":{"rendered":"<div readability=\"32\"> <img alt=\"Agust\u00edn Druetta gentileza\" class=\"img-responsive\" height=\"664\" loading=\"lazy\" sizes=\"auto\" src=\"http:\/\/cordobadirecto.com\/wp-content\/uploads\/2021\/02\/agustin-druetta-vuelve-a-presentarse-en-la-parisina.jpg\" srcset=\"http:\/\/cordobadirecto.com\/wp-content\/uploads\/2021\/02\/agustin-druetta-vuelve-a-presentarse-en-la-parisina.jpg 1000w, http:\/\/cordobadirecto.com\/wp-content\/uploads\/2021\/02\/agustin-druetta-vuelve-a-presentarse-en-la-parisina-1.jpg 400w\" width=\"1000\"> <\/p>\n<p> <span>Agust\u00edn Druetta volver\u00e1 a repasar su repertorio este viernes desde las 21:30. <\/span> <span>Foto: gentileza<\/span> <\/p>\n<\/p><\/div>\n<div readability=\"66.468517600397\">\n<p>Despu\u00e9s de llenar la primera funci\u00f3n, el cantautor cordob\u00e9s <strong>Agust\u00edn Druetta volver\u00e1 a presentarse en La Parisina Casa de Arte<\/strong>, para&nbsp; interpretar una vez m\u00e1s las canciones de su repertorio como solista y repasar algunos de los temas que se hicieron tradicionales desde su participaci\u00f3n en diversos grupos de la escena provincial.&nbsp;<\/p>\n<p><strong>\u201cAmo tocar en bares, hay bares m\u00edticos, los banco. Pero no los elijo para mostrar mis canciones. Quiz\u00e1s s\u00ed para hacer covers, versiones, o ir a re\u00edrse un rato, pero no para la obra que tan cuidadosamente hice. Por eso eleg\u00ed hacer un concierto en La Parisina. Por eso eleg\u00ed hacerlo con amigues. Por eso la gente entendi\u00f3 la idea y llen\u00f3 la primera funci\u00f3n. Por eso el viernes hago la segunda\u201d<\/strong>, escribi\u00f3 el m\u00fasico en su cuenta oficial de Facebook cuando anunciaba un segundo concierto luego de copar la capacidad habilitada para el lugar apenas unos d\u00edas atr\u00e1s.<\/p>\n<p>En su mensaje, <strong>Druetta incluso analiz\u00f3 la dif\u00edcil situaci\u00f3n que para los artistas representa encontrar espacios aptos para poder llevar adelante su actividad en las condiciones que cada obra necesita para ser respetada y ejecutada del mejor modo posible<\/strong>. Esa reflexi\u00f3n, que tuvo una importante repercusi\u00f3n en las redes, expone tambi\u00e9n una realidad que se vive desde hace tiempo en la escena local y que, como casi todo, se profundiz\u00f3 en la pandemia.<\/p>\n<p><strong>La cita entonces es para este viernes 26 a las 21:30. (con puntualidad de pandemia).<\/strong> Canci\u00f3n de autor, guitarra y voz, con invitados de lujo es la propuesta que sigue sumando alternativas al men\u00fa que en C\u00f3rdoba dan forma al regreso de la actividad cultural. Esta vez, desde un m\u00edtico espacio cultural ubicado en el coraz\u00f3n de barrio Alberdi.<\/p>\n<p><strong>Las entradas est\u00e1n disponibles \u00fanicamente en la web oficial del artista: <a href=\"http:\/\/www.agustindruetta.com.ar\" rel=\"noopener\" target=\"_blank\">www.agustindruetta.com.ar<\/a><\/strong><\/p>\n<p><iframe allow=\"accelerometer; autoplay; clipboard-write; encrypted-media; gyroscope; picture-in-picture\" allowfullscreen frameborder=\"0\" height=\"315\" loading=\"lazy\" src=\"https:\/\/www.youtube.com\/embed\/1Un1woUe08s\" width=\"560\">[embedded content]<\/iframe><\/p>\n<\/p><\/div>\n","protected":false},"excerpt":{"rendered":"<p>Agust\u00edn Druetta volver\u00e1 a repasar su repertorio este viernes desde las 21:30. Foto: gentileza Despu\u00e9s de llenar la primera funci\u00f3n, el cantautor cordob\u00e9s Agust\u00edn Druetta volver\u00e1 a presentarse en La Parisina Casa de Arte, para&nbsp; interpretar una vez m\u00e1s las canciones de su repertorio como solista y repasar algunos de los temas que se hicieron [&hellip;]<\/p>\n","protected":false},"author":1,"featured_media":2207,"comment_status":"open","ping_status":"closed","sticky":false,"template":"","format":"standard","meta":[],"categories":[19],"tags":[],"_links":{"self":[{"href":"http:\/\/cordobadirecto.com\/index.php\/wp-json\/wp\/v2\/posts\/2206"}],"collection":[{"href":"http:\/\/cordobadirecto.com\/index.php\/wp-json\/wp\/v2\/posts"}],"about":[{"href":"http:\/\/cordobadirecto.com\/index.php\/wp-json\/wp\/v2\/types\/post"}],"author":[{"embeddable":true,"href":"http:\/\/cordobadirecto.com\/index.php\/wp-json\/wp\/v2\/users\/1"}],"replies":[{"embeddable":true,"href":"http:\/\/cordobadirecto.com\/index.php\/wp-json\/wp\/v2\/comments?post=2206"}],"version-history":[{"count":0,"href":"http:\/\/cordobadirecto.com\/index.php\/wp-json\/wp\/v2\/posts\/2206\/revisions"}],"wp:featuredmedia":[{"embeddable":true,"href":"http:\/\/cordobadirecto.com\/index.php\/wp-json\/wp\/v2\/media\/2207"}],"wp:attachment":[{"href":"http:\/\/cordobadirecto.com\/index.php\/wp-json\/wp\/v2\/media?parent=2206"}],"wp:term":[{"taxonomy":"category","embeddable":true,"href":"http:\/\/cordobadirecto.com\/index.php\/wp-json\/wp\/v2\/categories?post=2206"},{"taxonomy":"post_tag","embeddable":true,"href":"http:\/\/cordobadirecto.com\/index.php\/wp-json\/wp\/v2\/tags?post=2206"}],"curies":[{"name":"wp","href":"https:\/\/api.w.org\/{rel}","templated":true}]}}