{"id":22073,"date":"2021-10-07T16:25:00","date_gmt":"2021-10-07T16:25:00","guid":{"rendered":"http:\/\/cordobadirecto.com\/index.php\/2021\/10\/07\/en-gira-por-italia-merkel-se-reunio-con-francisco-y-destaco-al-premier-mario-draghi\/"},"modified":"2021-10-07T16:25:00","modified_gmt":"2021-10-07T16:25:00","slug":"en-gira-por-italia-merkel-se-reunio-con-francisco-y-destaco-al-premier-mario-draghi","status":"publish","type":"post","link":"http:\/\/cordobadirecto.com\/index.php\/2021\/10\/07\/en-gira-por-italia-merkel-se-reunio-con-francisco-y-destaco-al-premier-mario-draghi\/","title":{"rendered":"En gira por Italia, Merkel se reuni\u00f3 con Francisco y destac\u00f3 al premier Mario Draghi"},"content":{"rendered":"<div class=\"image\" id=\"image\" readability=\"8\"> <img src=\"http:\/\/cordobadirecto.com\/wp-content\/uploads\/2021\/10\/en-gira-por-italia-merkel-se-reunio-con-francisco-y-destaco-al-premier-mario-draghi.jpg\" alt=\"La reuni\u00f3n fue a solas durante 45 minutos en la Biblioteca Privada del Palacio Apost\u00f3lico Vaticano. Foto: Vatican News\" title=\"La reuni\u00f3n fue a solas durante 45 minutos en la Biblioteca Privada del Palacio Apost\u00f3lico Vaticano. Foto: Vatican News\"><\/p>\n<p>La reuni\u00f3n fue a solas durante 45 minutos en la Biblioteca Privada del Palacio Apost\u00f3lico Vaticano. Foto: Vatican News<\/p>\n<\/div>\n<p>La canciller alemana saliente,<strong> Angela Merkel, destac\u00f3 este jueves al premier italiano Mario Draghi como el &#8220;garante del euro&#8221;<\/strong>, tras una reuni\u00f3n bilateral en medio de su gira de un d\u00eda por Roma durante la que tambi\u00e9n se reuni\u00f3 con el papa Francisco y particip\u00f3 junto al pont\u00edfice de un encuentro por la paz en el Coliseo.<\/p>\n<p>En el que podr\u00eda ser el \u00faltimo viaje de Merkel a Italia antes de dejar el Gobierno tras casi 16 a\u00f1os, el pont\u00edfice y la canciller alemana tuvieron hoy una reuni\u00f3n a solas durante 45 minutos en la Biblioteca Privada del Palacio Apost\u00f3lico Vaticano, inform\u00f3 el Vaticano.<\/p>\n<p>Tras la reuni\u00f3n, Merkel <strong>destac\u00f3 la preocupaci\u00f3n del Vaticano en la lucha contra el cambio clim\u00e1tico<\/strong> y, de manera particular &#8220;que el Santo Padre se encargue personalmente de ese tema&#8221;, seg\u00fan plante\u00f3 en di\u00e1logo con la prensa al salir del encuentro<\/p>\n<p>El Vaticano, en tanto, subray\u00f3 a trav\u00e9s de un comunicado que, en las reuniones de Merkel con el Papa y con el secretario de Estado Pietro Parolin, &#8220;se trataron temas de inter\u00e9s rec\u00edproco en el \u00e1mbito internacional y regional, conviniendo la oportunidad de relanzar la cooperaci\u00f3n para afrontar las m\u00faltiples crisis actuales, con particular referencia a las consecuencias de la emergencia sanitaria y las migraciones&#8221;.<\/p>\n<p>El encuentro de este jueves fue el s\u00e9ptimo entre Francisco y Merkel como jefa de Gobierno de su pa\u00eds, despu\u00e9s de que decidi\u00f3 no volver a presentarse a las \u00faltimas elecciones, celebradas el mes pasado.<\/p>\n<p>En su visita a la &#8220;ciudad eterna&#8221;, Merkel se reuni\u00f3 tambi\u00e9n con Draghi, expresidente del Banco Central Europeo (BCE), a quien calific\u00f3 como un &#8220;garante del euro&#8221; durante su paso por el organismo continental, cuando la toc\u00f3 navegar la crisis de deuda de varios pa\u00edses de la eurozona, entre ellos Italia.<\/p>\n<p>En declaraciones a la prensa desde la sede del Gobierno italiano, <strong>Merkel convoc\u00f3 junto a Draghi a &#8220;trabajar sobre las futuras inversiones, partiendo de la crisis de la Covid-19&#8221;.<\/strong><\/p>\n<p>Antes de ver al Papa, Merkel visit\u00f3 la sede de la Facultad de Antropolog\u00eda de la Universidad Gregoriana de Roma, uno de los centros de formaci\u00f3n de sacerdotes para la lucha contra pederast\u00eda, y luego fue a la redacci\u00f3n de la revista jesuita La Civilt\u00e0 Cattolica, la publicaci\u00f3n cultural m\u00e1s antigua de Italia.<\/p>\n<p>En ese marco, la canciller reconoci\u00f3 que con el Papa tambi\u00e9n trataron el tema de los abusos dentro de la Iglesia y plante\u00f3 que &#8220;es importante que la Iglesia mantenga su credibilidad&#8221; en la lucha contra la pederast\u00eda.<\/p>\n<div class=\"image\" id=\"image\" readability=\"7\"> <img src=\"http:\/\/cordobadirecto.com\/wp-content\/uploads\/2021\/10\/en-gira-por-italia-merkel-se-reunio-con-francisco-y-destaco-al-premier-mario-draghi-1.jpg\" alt=\"Merkel destac\u00f3 la preocupaci\u00f3n del Vaticano en la lucha contra el cambio clim\u00e1tico. Foto: AFP\" title=\"Merkel destac\u00f3 la preocupaci\u00f3n del Vaticano en la lucha contra el cambio clim\u00e1tico. Foto: AFP\"><\/p>\n<p>Merkel destac\u00f3 la preocupaci\u00f3n del Vaticano en la lucha contra el cambio clim\u00e1tico. Foto: AFP<\/p>\n<\/div>\n<p>Cerca de las 17 de Roma, <strong>Merkel y el Papa encabezaron un encuentro por la Paz junto a l\u00edderes religiosos<\/strong>, en el que el pont\u00edfice llam\u00f3 a resistir &#8220;las pasiones sectarias y nacionalistas&#8221;, al tiempo que convoc\u00f3 a no dejar la vida de los pueblos &#8220;en manos de los intereses de unos pocos&#8221;.<\/p>\n<p>&#8220;La vida de los pueblos no es un juego, es cosa seria y nos concierne a todos; no se puede dejar en manos de los intereses de unos pocos o a merced de pasiones sectarias y nacionalistas&#8221;, plante\u00f3 el pont\u00edfice al participar del encuentro &#8220;Pueblos hermanos, tierra futura&#8221;, organizado por la comunidad cat\u00f3lica San Egidio frente al Coliseo romano.<\/p>\n<p>En ese marco, al recordar &#8220;los brutales enfrentamientos de masas&#8221; que se daban en el lugar siglos atr\u00e1s, Francisco lament\u00f3 que &#8220;tambi\u00e9n hoy se asiste a la violencia y a la guerra, al hermano que mata al hermano como si fuera un juego que miramos de lejos, indiferentes y convencidos de que nunca nos tocar\u00e1&#8221;.<\/p>\n<p>&#8220;Pero con la vida de los pueblos y de los ni\u00f1os no se puede jugar. No podemos permanecer indiferentes&#8221;, anim\u00f3 el Papa, antes de lamentar que &#8220;en demasiadas partes del mundo, m\u00e1s que prevalecer el di\u00e1logo y la cooperaci\u00f3n, retoma fuerza el enfrentamiento militar como instrumento decisivo para imponerse&#8221;.<\/p>\n<p>&#8220;Menos armas y m\u00e1s comida, menos hipocres\u00eda y m\u00e1s transparencia, m\u00e1s vacunas distribuidas equitativamente y menos fusiles vendidos neciamente.&#8221;, sostuvo Francisco en otro camino de su discurso contrario a la industria armamentista.<\/p>\n<p>Merkel, en tanto, aprovech\u00f3 su discurso para marcar la <strong>&#8220;necesidad de una apertura y una tolerancia para construir un nuevo comienzo juntos&#8221; tras la pandemia.<\/strong><\/p>\n<p>Durante el acto de este jueves, el Papa y los otros l\u00edderes religiosos como el gran Im\u00e1n de Al-Azhar, Ahmad Al-Tayeb, m\u00e1xima autoridad del Islam sunnita, suscribieron un &#8220;llamado por la paz&#8221; en el que plantearon que &#8220;debe reanudarse pronto el proceso de desarme hoy bloqueado&#8221; a nivel mundial.<\/p>\n","protected":false},"excerpt":{"rendered":"<p>La reuni\u00f3n fue a solas durante 45 minutos en la Biblioteca Privada del Palacio Apost\u00f3lico Vaticano. Foto: Vatican News La canciller alemana saliente, Angela Merkel, destac\u00f3 este jueves al premier italiano Mario Draghi como el &#8220;garante del euro&#8221;, tras una reuni\u00f3n bilateral en medio de su gira de un d\u00eda por Roma durante la que [&hellip;]<\/p>\n","protected":false},"author":1,"featured_media":22074,"comment_status":"closed","ping_status":"closed","sticky":false,"template":"","format":"standard","meta":[],"categories":[24],"tags":[],"_links":{"self":[{"href":"http:\/\/cordobadirecto.com\/index.php\/wp-json\/wp\/v2\/posts\/22073"}],"collection":[{"href":"http:\/\/cordobadirecto.com\/index.php\/wp-json\/wp\/v2\/posts"}],"about":[{"href":"http:\/\/cordobadirecto.com\/index.php\/wp-json\/wp\/v2\/types\/post"}],"author":[{"embeddable":true,"href":"http:\/\/cordobadirecto.com\/index.php\/wp-json\/wp\/v2\/users\/1"}],"replies":[{"embeddable":true,"href":"http:\/\/cordobadirecto.com\/index.php\/wp-json\/wp\/v2\/comments?post=22073"}],"version-history":[{"count":0,"href":"http:\/\/cordobadirecto.com\/index.php\/wp-json\/wp\/v2\/posts\/22073\/revisions"}],"wp:featuredmedia":[{"embeddable":true,"href":"http:\/\/cordobadirecto.com\/index.php\/wp-json\/wp\/v2\/media\/22074"}],"wp:attachment":[{"href":"http:\/\/cordobadirecto.com\/index.php\/wp-json\/wp\/v2\/media?parent=22073"}],"wp:term":[{"taxonomy":"category","embeddable":true,"href":"http:\/\/cordobadirecto.com\/index.php\/wp-json\/wp\/v2\/categories?post=22073"},{"taxonomy":"post_tag","embeddable":true,"href":"http:\/\/cordobadirecto.com\/index.php\/wp-json\/wp\/v2\/tags?post=22073"}],"curies":[{"name":"wp","href":"https:\/\/api.w.org\/{rel}","templated":true}]}}