{"id":22100,"date":"2021-10-08T02:02:35","date_gmt":"2021-10-08T02:02:35","guid":{"rendered":"https:\/\/www.bbc.com\/mundo\/noticias-internacional-58824494"},"modified":"2021-10-08T02:02:35","modified_gmt":"2021-10-08T02:02:35","slug":"premio-nobel-de-la-paz-6-de-los-premiados-mas-polemicos-de-la-historia-y-un-notable-ausente","status":"publish","type":"post","link":"http:\/\/cordobadirecto.com\/index.php\/2021\/10\/08\/premio-nobel-de-la-paz-6-de-los-premiados-mas-polemicos-de-la-historia-y-un-notable-ausente\/","title":{"rendered":"Premio Nobel de la Paz: 6 de los premiados m\u00e1s pol\u00e9micos de la historia (y un notable ausente)"},"content":{"rendered":"<div dir=\"ltr\" class=\"e1j2237y5 bbc-q4ibpr e57qer20\">\n<div class=\"bbc-1atl7vu e1c9i7u14\">\n<ul role=\"list\" class=\"bbc-k0l9bd e1c9i7u12\">\n<li role=\"listitem\" class=\"bbc-1a3w4ok e1c9i7u11\">Redacci\u00f3n <\/li>\n<li role=\"listitem\" class=\"bbc-1p92jtu e1c9i7u10\">BBC News Mundo<\/li>\n<\/ul>\n<\/div>\n<\/div>\n<p><time datetime=\"2021-10-08\" class=\"bbc-14xtggo e4zesg50\">1 hora<\/time><\/p>\n<div dir=\"ltr\" class=\"bbc-1ka88fa e57qer20\">\n<figure class=\"bbc-1qdcvv9 e6bmn90\">\n<div dir=\"ltr\" class=\"bbc-172p16q e57qer20\">\n<div dir=\"ltr\" class=\"bbc-189y18v e57qer20\" readability=\"6.5\">\n<div data-e2e=\"image-placeholder\" class=\"bbc-997y1y e1whu0\" readability=\"8\"><img loading=\"lazy\" srcset=\"http:\/\/cordobadirecto.com\/wp-content\/uploads\/2021\/10\/premio-nobel-de-la-paz-6-de-los-premiados-mas-polemicos-de-la-historia-y-un-notable-ausente-9.jpg 240w, http:\/\/cordobadirecto.com\/wp-content\/uploads\/2021\/10\/premio-nobel-de-la-paz-6-de-los-premiados-mas-polemicos-de-la-historia-y-un-notable-ausente-10.jpg 320w, http:\/\/cordobadirecto.com\/wp-content\/uploads\/2021\/10\/premio-nobel-de-la-paz-6-de-los-premiados-mas-polemicos-de-la-historia-y-un-notable-ausente-11.jpg 480w, http:\/\/cordobadirecto.com\/wp-content\/uploads\/2021\/10\/premio-nobel-de-la-paz-6-de-los-premiados-mas-polemicos-de-la-historia-y-un-notable-ausente-12.jpg 624w, http:\/\/cordobadirecto.com\/wp-content\/uploads\/2021\/10\/premio-nobel-de-la-paz-6-de-los-premiados-mas-polemicos-de-la-historia-y-un-notable-ausente-13.jpg 800w\" alt=\"Medalla del premio Nobel.\" src=\"http:\/\/cordobadirecto.com\/wp-content\/uploads\/2021\/10\/premio-nobel-de-la-paz-6-de-los-premiados-mas-polemicos-de-la-historia-y-un-notable-ausente.jpg\" sizes=\"(min-width: 1008px) 645px, 100vw\" width=\"976\" height=\"549\" class=\"eehpdyc0 bbc-100dhyn e1enwo3v0\"><\/p>\n<p role=\"text\" class=\"bbc-1s1cxbv etq3yw90\"><span class=\"bbc-1gnhmg2 e1yt7oin0\">Fuente de la imagen, <\/span><span lang=\"en-GB\">Getty Images<\/span><\/p>\n<\/div>\n<\/div>\n<div dir=\"ltr\" class=\"bbc-3edg7g e57qer20\" readability=\"6\"><figcaption dir=\"ltr\" class=\"bbc-1t9zlwf eede9f50\" readability=\"2\"><span class=\"bbc-1gnhmg2 e1yt7oin0\">Pie de foto, <\/span><\/p>\n<p>El Nobel se viene entregando desde 1901.<\/p>\n<\/figcaption><\/div>\n<\/div>\n<\/figure>\n<\/div>\n<div dir=\"ltr\" class=\"bbc-19j92fr e57qer20\" readability=\"8\">\n<p dir=\"ltr\" class=\"bbc-bm53ic e1cc2ql70\"><b>El ganador del premio Nobel de la Paz de 2021 se anunciar\u00e1 este viernes. \u00bfCausar\u00e1 tanta pol\u00e9mica como algunos de los anteriores galardonados? <\/b><\/p>\n<\/div>\n<div dir=\"ltr\" class=\"bbc-19j92fr e57qer20\" readability=\"11\">\n<p dir=\"ltr\" class=\"bbc-bm53ic e1cc2ql70\">Considerado uno de los premios m\u00e1s prestigiosos del mundo, el Nobel de la Paz es uno de los seis galardones creados por Alfred Nobel, cient\u00edfico, empresario y fil\u00e1ntropo sueco. <\/p>\n<\/div>\n<div dir=\"ltr\" class=\"bbc-19j92fr e57qer20\" readability=\"9\">\n<p dir=\"ltr\" class=\"bbc-bm53ic e1cc2ql70\">Pero debido a su car\u00e1cter pol\u00edtico, el de la Paz ha estado envuelto en la controversia con mucha m\u00e1s frecuencia que las otras cinco categor\u00edas de premios Nobel.<\/p>\n<\/div>\n<div dir=\"ltr\" class=\"bbc-19j92fr e57qer20\" readability=\"9\">\n<p dir=\"ltr\" class=\"bbc-bm53ic e1cc2ql70\">A continuaci\u00f3n, seis de los premiados que m\u00e1s pol\u00e9mica despertaron y un gran ausente en la lista de premiados. <\/p>\n<\/div>\n<p><h2 id=\"Barack-Obama\" tabindex=\"-1\" class=\"bbc-l3e97o e14hemmw0\">Barack Obama<\/h2>\n<\/p>\n<div dir=\"ltr\" class=\"bbc-1ka88fa e57qer20\">\n<figure class=\"bbc-1qdcvv9 e6bmn90\">\n<div dir=\"ltr\" class=\"bbc-172p16q e57qer20\">\n<div dir=\"ltr\" class=\"bbc-189y18v e57qer20\" readability=\"6.5\">\n<div data-e2e=\"image-placeholder\" class=\"bbc-997y1y e1whu0\" readability=\"8\"><noscript><img loading=\"lazy\" srcset=\"http:\/\/cordobadirecto.com\/wp-content\/uploads\/2021\/10\/premio-nobel-de-la-paz-6-de-los-premiados-mas-polemicos-de-la-historia-y-un-notable-ausente-14.jpg 240w, http:\/\/cordobadirecto.com\/wp-content\/uploads\/2021\/10\/premio-nobel-de-la-paz-6-de-los-premiados-mas-polemicos-de-la-historia-y-un-notable-ausente-15.jpg 320w, http:\/\/cordobadirecto.com\/wp-content\/uploads\/2021\/10\/premio-nobel-de-la-paz-6-de-los-premiados-mas-polemicos-de-la-historia-y-un-notable-ausente-16.jpg 480w, http:\/\/cordobadirecto.com\/wp-content\/uploads\/2021\/10\/premio-nobel-de-la-paz-6-de-los-premiados-mas-polemicos-de-la-historia-y-un-notable-ausente-17.jpg 624w, http:\/\/cordobadirecto.com\/wp-content\/uploads\/2021\/10\/premio-nobel-de-la-paz-6-de-los-premiados-mas-polemicos-de-la-historia-y-un-notable-ausente-18.jpg 800w\" alt=\"Obama recibe el Nobel de la Paz en 2009.\" src=\"http:\/\/cordobadirecto.com\/wp-content\/uploads\/2021\/10\/premio-nobel-de-la-paz-6-de-los-premiados-mas-polemicos-de-la-historia-y-un-notable-ausente-1.jpg\" sizes=\"(min-width: 1008px) 645px, 100vw\" width=\"976\" height=\"549\" class=\"eehpdyc0 bbc-100dhyn e1enwo3v0\"><\/noscript><\/p>\n<p role=\"text\" class=\"bbc-1s1cxbv etq3yw90\"><span class=\"bbc-1gnhmg2 e1yt7oin0\">Fuente de la imagen, <\/span><span lang=\"en-GB\">Getty Images<\/span><\/p>\n<\/div>\n<\/div>\n<div dir=\"ltr\" class=\"bbc-3edg7g e57qer20\" readability=\"6\"><figcaption dir=\"ltr\" class=\"bbc-1t9zlwf eede9f50\" readability=\"2\"><span class=\"bbc-1gnhmg2 e1yt7oin0\">Pie de foto, <\/span><\/p>\n<p>Obama llevaba en el poder solo 9 meses cuando recibi\u00f3 el Nobel.<\/p>\n<\/figcaption><\/div>\n<\/div>\n<\/figure>\n<\/div>\n<div dir=\"ltr\" class=\"bbc-19j92fr e57qer20\" readability=\"10\">\n<p dir=\"ltr\" class=\"bbc-bm53ic e1cc2ql70\">Mucha gente, entre ellos el mismo premiado, se qued\u00f3 sorprendida cuando el expresidente de Estados Unidos Barack Obama gan\u00f3 el Nobel de 2009.<\/p>\n<\/div>\n<div dir=\"ltr\" class=\"bbc-19j92fr e57qer20\" readability=\"8\">\n<p dir=\"ltr\" class=\"bbc-bm53ic e1cc2ql70\">Obama lleg\u00f3 a escribir en sus memorias que su primera reacci\u00f3n al enterarse fue preguntar &#8220;\u00bfpor qu\u00e9?&#8221;<\/p>\n<\/div>\n<div dir=\"ltr\" class=\"bbc-19j92fr e57qer20\" readability=\"10\">\n<p dir=\"ltr\" class=\"bbc-bm53ic e1cc2ql70\">Solo llevaba nueve meses como presidente de Estados Unidos y muchos cr\u00edticos calificaban de prematura la concesi\u00f3n de tan importante galard\u00f3n. De hecho, el plazo para enviar nominaciones hab\u00eda vencido solo 12 d\u00edas despu\u00e9s de que Obama jurara como presidente. <\/p>\n<\/div>\n<div dir=\"ltr\" class=\"bbc-19j92fr e57qer20\" readability=\"11\">\n<p dir=\"ltr\" class=\"bbc-bm53ic e1cc2ql70\">En 2015, el ex director del Instituto Noble, Geir Lundestad, insinu\u00f3 en declaraciones a la BBC que el comit\u00e9 que decidi\u00f3 premiar a Obama se arrepinti\u00f3 despu\u00e9s de su decisi\u00f3n. <\/p>\n<\/div>\n<div dir=\"ltr\" class=\"bbc-19j92fr e57qer20\" readability=\"10\">\n<p dir=\"ltr\" class=\"bbc-bm53ic e1cc2ql70\">En los ocho a\u00f1os de Obama en la Casa Blanca, tropas estadounidenses combatieron en Afganist\u00e1n, Irak y Siria. <\/p>\n<\/div>\n<p><h2 id=\"Yasser-Arafat\" tabindex=\"-1\" class=\"bbc-l3e97o e14hemmw0\">Yasser Arafat<\/h2>\n<\/p>\n<div dir=\"ltr\" class=\"bbc-1ka88fa e57qer20\">\n<figure class=\"bbc-1qdcvv9 e6bmn90\">\n<div dir=\"ltr\" class=\"bbc-172p16q e57qer20\">\n<div dir=\"ltr\" class=\"bbc-189y18v e57qer20\" readability=\"6.5\">\n<div data-e2e=\"image-placeholder\" class=\"bbc-997y1y e1whu0\" readability=\"8\"><noscript><img loading=\"lazy\" srcset=\"http:\/\/cordobadirecto.com\/wp-content\/uploads\/2021\/10\/premio-nobel-de-la-paz-6-de-los-premiados-mas-polemicos-de-la-historia-y-un-notable-ausente-19.jpg 240w, http:\/\/cordobadirecto.com\/wp-content\/uploads\/2021\/10\/premio-nobel-de-la-paz-6-de-los-premiados-mas-polemicos-de-la-historia-y-un-notable-ausente-20.jpg 320w, http:\/\/cordobadirecto.com\/wp-content\/uploads\/2021\/10\/premio-nobel-de-la-paz-6-de-los-premiados-mas-polemicos-de-la-historia-y-un-notable-ausente-21.jpg 480w, http:\/\/cordobadirecto.com\/wp-content\/uploads\/2021\/10\/premio-nobel-de-la-paz-6-de-los-premiados-mas-polemicos-de-la-historia-y-un-notable-ausente-22.jpg 624w, http:\/\/cordobadirecto.com\/wp-content\/uploads\/2021\/10\/premio-nobel-de-la-paz-6-de-los-premiados-mas-polemicos-de-la-historia-y-un-notable-ausente-23.jpg 800w\" alt=\"Yasser Arafat posa con el premio de 1994 junto al ex primer ministro israel\u00ed Isaac Rabin (i) y el ministro israel\u00ed de Exteriores Shimon Peres.\" src=\"http:\/\/cordobadirecto.com\/wp-content\/uploads\/2021\/10\/premio-nobel-de-la-paz-6-de-los-premiados-mas-polemicos-de-la-historia-y-un-notable-ausente-2.jpg\" sizes=\"(min-width: 1008px) 645px, 100vw\" width=\"976\" height=\"549\" class=\"eehpdyc0 bbc-100dhyn e1enwo3v0\"><\/noscript><\/p>\n<p role=\"text\" class=\"bbc-1s1cxbv etq3yw90\"><span class=\"bbc-1gnhmg2 e1yt7oin0\">Fuente de la imagen, <\/span><span lang=\"en-GB\">Getty Images<\/span><\/p>\n<\/div>\n<\/div>\n<div dir=\"ltr\" class=\"bbc-3edg7g e57qer20\" readability=\"6\"><figcaption dir=\"ltr\" class=\"bbc-1t9zlwf eede9f50\" readability=\"2\"><span class=\"bbc-1gnhmg2 e1yt7oin0\">Pie de foto, <\/span><\/p>\n<p>La decisi\u00f3n de premiar a Yasser Arafat en 1994 gener\u00f3 divisi\u00f3n en el comit\u00e9 que lo eligi\u00f3.<\/p>\n<\/figcaption><\/div>\n<\/div>\n<\/figure>\n<\/div>\n<div dir=\"ltr\" class=\"bbc-19j92fr e57qer20\" readability=\"14\">\n<p dir=\"ltr\" class=\"bbc-bm53ic e1cc2ql70\">El fallecido l\u00edder palestino recibi\u00f3 el premio en 1994 junto con el entonces primer ministro israel\u00ed, Isaac Rabin, y su ministro de Exteriores Shimon Peres, en reconocimiento a su trabajo en la consecuci\u00f3n de los Acuerdos de Paz de Oslo, que en la d\u00e9cada de 1990 supusieron una ventana a la esperanza de una posible paz en el largo conflicto entre israel\u00edes y palestinos. <\/p>\n<\/div>\n<div dir=\"ltr\" class=\"bbc-19j92fr e57qer20\" readability=\"10\">\n<p dir=\"ltr\" class=\"bbc-bm53ic e1cc2ql70\">La decisi\u00f3n de premiar a Arafat, que hab\u00eda estado envuelto en acciones armadas, provoc\u00f3 cr\u00edticas en Israel y otros pa\u00edses. <\/p>\n<\/div>\n<div dir=\"ltr\" class=\"bbc-19j92fr e57qer20\" readability=\"8\">\n<p dir=\"ltr\" class=\"bbc-bm53ic e1cc2ql70\">De hecho, la elecci\u00f3n de Arafat caus\u00f3 un revuelo dentro del propio comit\u00e9 que lo eligi\u00f3. <\/p>\n<\/div>\n<div dir=\"ltr\" class=\"bbc-19j92fr e57qer20\" readability=\"9\">\n<p dir=\"ltr\" class=\"bbc-bm53ic e1cc2ql70\">Uno de sus miembros, el pol\u00edtico noruego Kare Kristiansen, dimiti\u00f3 como gesto de protesta. <\/p>\n<\/div>\n<p><h2 id=\"Aung-San-Suu-Kyi\" tabindex=\"-1\" class=\"bbc-l3e97o e14hemmw0\">Aung San Suu Kyi<\/h2>\n<\/p>\n<div dir=\"ltr\" class=\"bbc-1ka88fa e57qer20\">\n<figure class=\"bbc-1qdcvv9 e6bmn90\">\n<div dir=\"ltr\" class=\"bbc-172p16q e57qer20\">\n<div dir=\"ltr\" class=\"bbc-189y18v e57qer20\" readability=\"6.5\">\n<div data-e2e=\"image-placeholder\" class=\"bbc-997y1y e1whu0\" readability=\"8\"><noscript><img loading=\"lazy\" srcset=\"http:\/\/cordobadirecto.com\/wp-content\/uploads\/2021\/10\/premio-nobel-de-la-paz-6-de-los-premiados-mas-polemicos-de-la-historia-y-un-notable-ausente-24.jpg 240w, http:\/\/cordobadirecto.com\/wp-content\/uploads\/2021\/10\/premio-nobel-de-la-paz-6-de-los-premiados-mas-polemicos-de-la-historia-y-un-notable-ausente-25.jpg 320w, http:\/\/cordobadirecto.com\/wp-content\/uploads\/2021\/10\/premio-nobel-de-la-paz-6-de-los-premiados-mas-polemicos-de-la-historia-y-un-notable-ausente-26.jpg 480w, http:\/\/cordobadirecto.com\/wp-content\/uploads\/2021\/10\/premio-nobel-de-la-paz-6-de-los-premiados-mas-polemicos-de-la-historia-y-un-notable-ausente-27.jpg 624w, http:\/\/cordobadirecto.com\/wp-content\/uploads\/2021\/10\/premio-nobel-de-la-paz-6-de-los-premiados-mas-polemicos-de-la-historia-y-un-notable-ausente-28.jpg 800w\" alt=\"Aung San Suu Kyi\" src=\"http:\/\/cordobadirecto.com\/wp-content\/uploads\/2021\/10\/premio-nobel-de-la-paz-6-de-los-premiados-mas-polemicos-de-la-historia-y-un-notable-ausente-3.jpg\" sizes=\"(min-width: 1008px) 645px, 100vw\" width=\"976\" height=\"549\" class=\"eehpdyc0 bbc-100dhyn e1enwo3v0\"><\/noscript><\/p>\n<p role=\"text\" class=\"bbc-1s1cxbv etq3yw90\"><span class=\"bbc-1gnhmg2 e1yt7oin0\">Fuente de la imagen, <\/span><span lang=\"en-GB\">Getty Images<\/span><\/p>\n<\/div>\n<\/div>\n<div dir=\"ltr\" class=\"bbc-3edg7g e57qer20\" readability=\"6.5\"><figcaption dir=\"ltr\" class=\"bbc-1t9zlwf eede9f50\" readability=\"3\"><span class=\"bbc-1gnhmg2 e1yt7oin0\">Pie de foto, <\/span><\/p>\n<p>La postura de Aung San Suu Kyi en la crisis de los Rohingya llev\u00f3 a que algunos pidieran que se la despojara de su Nobel.<\/p>\n<\/figcaption><\/div>\n<\/div>\n<\/figure>\n<\/div>\n<div dir=\"ltr\" class=\"bbc-19j92fr e57qer20\" readability=\"8\">\n<p dir=\"ltr\" class=\"bbc-bm53ic e1cc2ql70\">La pol\u00edtica birmana gan\u00f3 el Nobel de la Paz en 1991 por su lucha no violenta contra el gobierno militar de su pa\u00eds. <\/p>\n<\/div>\n<div dir=\"ltr\" class=\"bbc-19j92fr e57qer20\" readability=\"11\">\n<p dir=\"ltr\" class=\"bbc-bm53ic e1cc2ql70\">Pero m\u00e1s de 20 a\u00f1os despu\u00e9s, fue objeto de fuertes cr\u00edticas por no denunciar las matanzas y violaciones de los derechos humanos de la minor\u00eda musulmana de los rohingya en Myammar, que Naciones Unidas catalog\u00f3 como un &#8220;genocidio&#8221;. <\/p>\n<\/div>\n<div dir=\"ltr\" class=\"bbc-19j92fr e57qer20\" readability=\"8\">\n<p dir=\"ltr\" class=\"bbc-bm53ic e1cc2ql70\">Hubo incluso llamados a que se la despojara del premio, pero las reglas no lo permit\u00edan. <\/p>\n<\/div>\n<p><h2 id=\"Abiy-Ahmed\" tabindex=\"-1\" class=\"bbc-l3e97o e14hemmw0\">Abiy Ahmed<\/h2>\n<\/p>\n<div dir=\"ltr\" class=\"bbc-1ka88fa e57qer20\">\n<figure class=\"bbc-1qdcvv9 e6bmn90\">\n<div dir=\"ltr\" class=\"bbc-172p16q e57qer20\">\n<div dir=\"ltr\" class=\"bbc-189y18v e57qer20\" readability=\"6.5\">\n<div data-e2e=\"image-placeholder\" class=\"bbc-997y1y e1whu0\" readability=\"8\"><noscript><img loading=\"lazy\" srcset=\"http:\/\/cordobadirecto.com\/wp-content\/uploads\/2021\/10\/premio-nobel-de-la-paz-6-de-los-premiados-mas-polemicos-de-la-historia-y-un-notable-ausente-29.jpg 240w, http:\/\/cordobadirecto.com\/wp-content\/uploads\/2021\/10\/premio-nobel-de-la-paz-6-de-los-premiados-mas-polemicos-de-la-historia-y-un-notable-ausente-30.jpg 320w, http:\/\/cordobadirecto.com\/wp-content\/uploads\/2021\/10\/premio-nobel-de-la-paz-6-de-los-premiados-mas-polemicos-de-la-historia-y-un-notable-ausente-31.jpg 480w, http:\/\/cordobadirecto.com\/wp-content\/uploads\/2021\/10\/premio-nobel-de-la-paz-6-de-los-premiados-mas-polemicos-de-la-historia-y-un-notable-ausente-32.jpg 624w, http:\/\/cordobadirecto.com\/wp-content\/uploads\/2021\/10\/premio-nobel-de-la-paz-6-de-los-premiados-mas-polemicos-de-la-historia-y-un-notable-ausente-33.jpg 800w\" alt=\"El primer ministro de Etiop\u00eda, Abiy Ahmed.\" src=\"http:\/\/cordobadirecto.com\/wp-content\/uploads\/2021\/10\/premio-nobel-de-la-paz-6-de-los-premiados-mas-polemicos-de-la-historia-y-un-notable-ausente-4.jpg\" sizes=\"(min-width: 1008px) 645px, 100vw\" width=\"976\" height=\"549\" class=\"eehpdyc0 bbc-100dhyn e1enwo3v0\"><\/noscript><\/p>\n<p role=\"text\" class=\"bbc-1s1cxbv etq3yw90\"><span class=\"bbc-1gnhmg2 e1yt7oin0\">Fuente de la imagen, <\/span><span lang=\"en-GB\">Getty Images<\/span><\/p>\n<\/div>\n<\/div>\n<div dir=\"ltr\" class=\"bbc-3edg7g e57qer20\" readability=\"7\"><figcaption dir=\"ltr\" class=\"bbc-1t9zlwf eede9f50\" readability=\"4\"><span class=\"bbc-1gnhmg2 e1yt7oin0\">Pie de foto, <\/span><\/p>\n<p>El primer ministro de Etiop\u00eda, Abiy Ahmed, recibi\u00f3 el premio de 2020.<\/p>\n<\/figcaption><\/div>\n<\/div>\n<\/figure>\n<\/div>\n<div dir=\"ltr\" class=\"bbc-19j92fr e57qer20\" readability=\"8\">\n<p dir=\"ltr\" class=\"bbc-bm53ic e1cc2ql70\">El primer ministro de Etiop\u00eda recibi\u00f3 el premio en diciembre de 2020 por sus esfuerzos por resolver un viejo conflicto fronterizo con Eritrea. <\/p>\n<\/div>\n<div dir=\"ltr\" class=\"bbc-19j92fr e57qer20\" readability=\"8\">\n<p dir=\"ltr\" class=\"bbc-bm53ic e1cc2ql70\">Pero poco m\u00e1s de un a\u00f1o despu\u00e9s, la decisi\u00f3n de premiarlo estaba envuelta en dudas. <\/p>\n<\/div>\n<div dir=\"ltr\" class=\"bbc-19j92fr e57qer20\" readability=\"9\">\n<p dir=\"ltr\" class=\"bbc-bm53ic e1cc2ql70\">En la comunidad internacional surg\u00edan cr\u00edticas a la decisi\u00f3n de Ahmed de desplegar tropas en la regi\u00f3n de Tigray, en el norte de Etiop\u00eda. <\/p>\n<\/div>\n<div dir=\"ltr\" class=\"bbc-19j92fr e57qer20\" readability=\"8\">\n<p dir=\"ltr\" class=\"bbc-bm53ic e1cc2ql70\">Los combates all\u00ed han dejado miles de muertos y la ONU describi\u00f3 lo ocurrido como una &#8220;destrucci\u00f3n desoladora&#8221;. <\/p>\n<\/div>\n<p><h2 id=\"Wangari-Mathai-\" tabindex=\"-1\" class=\"bbc-l3e97o e14hemmw0\">Wangari Mathai <\/h2>\n<\/p>\n<div dir=\"ltr\" class=\"bbc-1ka88fa e57qer20\">\n<figure class=\"bbc-1qdcvv9 e6bmn90\">\n<div dir=\"ltr\" class=\"bbc-172p16q e57qer20\">\n<div dir=\"ltr\" class=\"bbc-189y18v e57qer20\" readability=\"6.5\">\n<div data-e2e=\"image-placeholder\" class=\"bbc-997y1y e1whu0\" readability=\"8\"><noscript><img loading=\"lazy\" srcset=\"http:\/\/cordobadirecto.com\/wp-content\/uploads\/2021\/10\/premio-nobel-de-la-paz-6-de-los-premiados-mas-polemicos-de-la-historia-y-un-notable-ausente-34.jpg 240w, http:\/\/cordobadirecto.com\/wp-content\/uploads\/2021\/10\/premio-nobel-de-la-paz-6-de-los-premiados-mas-polemicos-de-la-historia-y-un-notable-ausente-35.jpg 320w, http:\/\/cordobadirecto.com\/wp-content\/uploads\/2021\/10\/premio-nobel-de-la-paz-6-de-los-premiados-mas-polemicos-de-la-historia-y-un-notable-ausente-36.jpg 480w, http:\/\/cordobadirecto.com\/wp-content\/uploads\/2021\/10\/premio-nobel-de-la-paz-6-de-los-premiados-mas-polemicos-de-la-historia-y-un-notable-ausente-37.jpg 624w, http:\/\/cordobadirecto.com\/wp-content\/uploads\/2021\/10\/premio-nobel-de-la-paz-6-de-los-premiados-mas-polemicos-de-la-historia-y-un-notable-ausente-38.jpg 800w\" alt=\"Wangari Mathai.\" src=\"http:\/\/cordobadirecto.com\/wp-content\/uploads\/2021\/10\/premio-nobel-de-la-paz-6-de-los-premiados-mas-polemicos-de-la-historia-y-un-notable-ausente-5.jpg\" sizes=\"(min-width: 1008px) 645px, 100vw\" width=\"976\" height=\"549\" class=\"eehpdyc0 bbc-100dhyn e1enwo3v0\"><\/noscript><\/p>\n<p role=\"text\" class=\"bbc-1s1cxbv etq3yw90\"><span class=\"bbc-1gnhmg2 e1yt7oin0\">Fuente de la imagen, <\/span><span lang=\"en-GB\">Getty Images<\/span><\/p>\n<\/div>\n<\/div>\n<div dir=\"ltr\" class=\"bbc-3edg7g e57qer20\" readability=\"6\"><figcaption dir=\"ltr\" class=\"bbc-1t9zlwf eede9f50\" readability=\"2\"><span class=\"bbc-1gnhmg2 e1yt7oin0\">Pie de foto, <\/span><\/p>\n<p>Wangari Mathai recibi\u00f3 cr\u00edticas por sus opiniones sobre el origen del VIH.<\/p>\n<\/figcaption><\/div>\n<\/div>\n<\/figure>\n<\/div>\n<div dir=\"ltr\" class=\"bbc-19j92fr e57qer20\" readability=\"8\">\n<p dir=\"ltr\" class=\"bbc-bm53ic e1cc2ql70\">La fallecida activista keniana se convirti\u00f3 en 2004 en la primera mujer africana en lograr el galard\u00f3n. <\/p>\n<\/div>\n<div dir=\"ltr\" class=\"bbc-19j92fr e57qer20\" readability=\"8\">\n<p dir=\"ltr\" class=\"bbc-bm53ic e1cc2ql70\">Pero la decisi\u00f3n empez\u00f3 a ser cuestionada cuando se conocieron comentarios que hab\u00eda hecho sobre el virus del SIDA. <\/p>\n<\/div>\n<div dir=\"ltr\" class=\"bbc-19j92fr e57qer20\" readability=\"8\">\n<p dir=\"ltr\" class=\"bbc-bm53ic e1cc2ql70\">Mathai insinu\u00f3 que elVIH hab\u00eda sido creado artificialmente como un arma biol\u00f3gica con el que destruir a los negros. <\/p>\n<\/div>\n<div dir=\"ltr\" class=\"bbc-19j92fr e57qer20\" readability=\"7\">\n<p dir=\"ltr\" class=\"bbc-bm53ic e1cc2ql70\">No hay ninguna evidencia cient\u00edfica de esta teor\u00eda conspirativa. <\/p>\n<\/div>\n<p><h2 id=\"Henry-Kissinger-\" tabindex=\"-1\" class=\"bbc-l3e97o e14hemmw0\">Henry Kissinger <\/h2>\n<\/p>\n<div dir=\"ltr\" class=\"bbc-1ka88fa e57qer20\">\n<figure class=\"bbc-1qdcvv9 e6bmn90\">\n<div dir=\"ltr\" class=\"bbc-172p16q e57qer20\">\n<div dir=\"ltr\" class=\"bbc-189y18v e57qer20\" readability=\"6.5\">\n<div data-e2e=\"image-placeholder\" class=\"bbc-997y1y e1whu0\" readability=\"8\"><noscript><img loading=\"lazy\" srcset=\"http:\/\/cordobadirecto.com\/wp-content\/uploads\/2021\/10\/premio-nobel-de-la-paz-6-de-los-premiados-mas-polemicos-de-la-historia-y-un-notable-ausente-39.jpg 240w, http:\/\/cordobadirecto.com\/wp-content\/uploads\/2021\/10\/premio-nobel-de-la-paz-6-de-los-premiados-mas-polemicos-de-la-historia-y-un-notable-ausente-40.jpg 320w, http:\/\/cordobadirecto.com\/wp-content\/uploads\/2021\/10\/premio-nobel-de-la-paz-6-de-los-premiados-mas-polemicos-de-la-historia-y-un-notable-ausente-41.jpg 480w, http:\/\/cordobadirecto.com\/wp-content\/uploads\/2021\/10\/premio-nobel-de-la-paz-6-de-los-premiados-mas-polemicos-de-la-historia-y-un-notable-ausente-42.jpg 624w, http:\/\/cordobadirecto.com\/wp-content\/uploads\/2021\/10\/premio-nobel-de-la-paz-6-de-los-premiados-mas-polemicos-de-la-historia-y-un-notable-ausente-43.jpg 800w\" alt=\"Henry Kissinger (d) and Le Duc Tho durante la negociaci\u00f3n de un alto el fuego en Vietnam en 1973.\" src=\"http:\/\/cordobadirecto.com\/wp-content\/uploads\/2021\/10\/premio-nobel-de-la-paz-6-de-los-premiados-mas-polemicos-de-la-historia-y-un-notable-ausente-6.jpg\" sizes=\"(min-width: 1008px) 645px, 100vw\" width=\"976\" height=\"549\" class=\"eehpdyc0 bbc-100dhyn e1enwo3v0\"><\/noscript><\/p>\n<p role=\"text\" class=\"bbc-1s1cxbv etq3yw90\"><span class=\"bbc-1gnhmg2 e1yt7oin0\">Fuente de la imagen, <\/span><span lang=\"en-GB\">Getty Images<\/span><\/p>\n<\/div>\n<\/div>\n<div dir=\"ltr\" class=\"bbc-3edg7g e57qer20\" readability=\"7\"><figcaption dir=\"ltr\" class=\"bbc-1t9zlwf eede9f50\" readability=\"4\"><span class=\"bbc-1gnhmg2 e1yt7oin0\">Pie de foto, <\/span><\/p>\n<p>Henry Kissinger (d) y Le Duc Tho (con el brazo levantado) fueron premiados conjuntamente en 1973, pero el pol\u00edtico vietnamita declin\u00f3 el galard\u00f3n.<\/p>\n<\/figcaption><\/div>\n<\/div>\n<\/figure>\n<\/div>\n<div dir=\"ltr\" class=\"bbc-19j92fr e57qer20\" readability=\"11\">\n<p dir=\"ltr\" class=\"bbc-bm53ic e1cc2ql70\">En 1973, el entonces secretario de Estado de Estados Unidos, Henry Kissinger, recibi\u00f3 el Nobel de la Paz.<\/p>\n<\/div>\n<div dir=\"ltr\" class=\"bbc-19j92fr e57qer20\" readability=\"10\">\n<p dir=\"ltr\" class=\"bbc-bm53ic e1cc2ql70\">El premio a un dirigente envuelto en algunos de los espisodios m\u00e1s pol\u00e9micos de la pol\u00edtica exterior de su pa\u00eds, como los bombardeos secretos en Camboya o el apoyo a reg\u00edmenes militares en Sudam\u00e9rica dej\u00f3 a muchos boquiabiertos. <\/p>\n<\/div>\n<div dir=\"ltr\" class=\"bbc-19j92fr e57qer20\" readability=\"9\">\n<p dir=\"ltr\" class=\"bbc-bm53ic e1cc2ql70\">Junto a Kissinger fue premiado el l\u00edder norvietnamita Le Duc Tho, por su papel en la negociaci\u00f3n de un alto el fuego en la guerra de Vietnam. <\/p>\n<\/div>\n<div dir=\"ltr\" class=\"bbc-19j92fr e57qer20\" readability=\"8\">\n<p dir=\"ltr\" class=\"bbc-bm53ic e1cc2ql70\">Dos miembros del comit\u00e9 de los Nobel presentaron su renuncia y el New York Times se refiri\u00f3 al premio como el Nobel de la Guerra.<\/p>\n<\/div>\n<div dir=\"ltr\" class=\"bbc-19j92fr e57qer20\" readability=\"7\">\n<p dir=\"ltr\" class=\"bbc-bm53ic e1cc2ql70\"><b>El nunca premiado<\/b><b>:<\/b><b> Gandhi<\/b><\/p>\n<\/div>\n<div dir=\"ltr\" class=\"bbc-1ka88fa e57qer20\">\n<figure class=\"bbc-1qdcvv9 e6bmn90\">\n<div dir=\"ltr\" class=\"bbc-172p16q e57qer20\">\n<div dir=\"ltr\" class=\"bbc-189y18v e57qer20\" readability=\"6.5\">\n<div data-e2e=\"image-placeholder\" class=\"bbc-997y1y e1whu0\" readability=\"8\"><noscript><img loading=\"lazy\" srcset=\"http:\/\/cordobadirecto.com\/wp-content\/uploads\/2021\/10\/premio-nobel-de-la-paz-6-de-los-premiados-mas-polemicos-de-la-historia-y-un-notable-ausente-44.jpg 240w, http:\/\/cordobadirecto.com\/wp-content\/uploads\/2021\/10\/premio-nobel-de-la-paz-6-de-los-premiados-mas-polemicos-de-la-historia-y-un-notable-ausente-45.jpg 320w, http:\/\/cordobadirecto.com\/wp-content\/uploads\/2021\/10\/premio-nobel-de-la-paz-6-de-los-premiados-mas-polemicos-de-la-historia-y-un-notable-ausente-46.jpg 480w, http:\/\/cordobadirecto.com\/wp-content\/uploads\/2021\/10\/premio-nobel-de-la-paz-6-de-los-premiados-mas-polemicos-de-la-historia-y-un-notable-ausente-47.jpg 624w, http:\/\/cordobadirecto.com\/wp-content\/uploads\/2021\/10\/premio-nobel-de-la-paz-6-de-los-premiados-mas-polemicos-de-la-historia-y-un-notable-ausente-48.jpg 739w\" alt=\"Mahatma Ghandi r\u00ede con sus nietas Ava y Manu.\" src=\"http:\/\/cordobadirecto.com\/wp-content\/uploads\/2021\/10\/premio-nobel-de-la-paz-6-de-los-premiados-mas-polemicos-de-la-historia-y-un-notable-ausente-7.jpg\" sizes=\"(min-width: 1008px) 645px, 100vw\" width=\"739\" height=\"493\" class=\"eehpdyc0 bbc-100dhyn e1enwo3v0\"><\/noscript><\/p>\n<p role=\"text\" class=\"bbc-1s1cxbv etq3yw90\"><span class=\"bbc-1gnhmg2 e1yt7oin0\">Fuente de la imagen, <\/span><span lang=\"en-GB\">Getty Images<\/span><\/p>\n<\/div>\n<\/div>\n<div dir=\"ltr\" class=\"bbc-3edg7g e57qer20\" readability=\"6.5\"><figcaption dir=\"ltr\" class=\"bbc-1t9zlwf eede9f50\" readability=\"3\"><span class=\"bbc-1gnhmg2 e1yt7oin0\">Pie de foto, <\/span><\/p>\n<p>Gandhi es un \u00edcono del pacifismo en el siglo XX, pero nunca consigui\u00f3 el premio.<\/p>\n<\/figcaption><\/div>\n<\/div>\n<\/figure>\n<\/div>\n<div dir=\"ltr\" class=\"bbc-19j92fr e57qer20\" readability=\"7\">\n<p dir=\"ltr\" class=\"bbc-bm53ic e1cc2ql70\">Los Nobel de la Paz son famosos tambi\u00e9n por algunas ausencias destacadas en su palmar\u00e9s. <\/p>\n<\/div>\n<div dir=\"ltr\" class=\"bbc-19j92fr e57qer20\" readability=\"7\">\n<p dir=\"ltr\" class=\"bbc-bm53ic e1cc2ql70\">Quiz\u00e1 la m\u00e1s notoria sea la de Mahatma Gandhi. <\/p>\n<\/div>\n<div dir=\"ltr\" class=\"bbc-19j92fr e57qer20\" readability=\"10\">\n<p dir=\"ltr\" class=\"bbc-bm53ic e1cc2ql70\">Pese a ser nominado varias veces, el pol\u00edtico indio, que se convirti\u00f3 en un s\u00edmbolo del movimiento pacifista en el siglo XX nunca recibi\u00f3 el premio. <\/p>\n<\/div>\n<div dir=\"ltr\" class=\"bbc-19j92fr e57qer20\" readability=\"11\">\n<p dir=\"ltr\" class=\"bbc-bm53ic e1cc2ql70\">En 2006, el historiador noruego Geir Lundestad, entonces presidente del Comit\u00e9 del Nobel, dijo que no haber reconocido los logros de Gandhi hab\u00eda sido el mayor fallo en la historia de los Nobel. <\/p>\n<\/div>\n<div dir=\"ltr\" class=\"bbc-1ka88fa e57qer20\">\n<figure class=\"bbc-1qdcvv9 e6bmn90\">\n<div dir=\"ltr\" class=\"bbc-172p16q e57qer20\">\n<div dir=\"ltr\" class=\"bbc-189y18v e57qer20\">\n<div data-e2e=\"image-placeholder\" class=\"bbc-997y1y e1whu0\"><noscript><img loading=\"lazy\" srcset=\"http:\/\/cordobadirecto.com\/wp-content\/uploads\/2021\/10\/premio-nobel-de-la-paz-6-de-los-premiados-mas-polemicos-de-la-historia-y-un-notable-ausente-49.jpg 240w, http:\/\/cordobadirecto.com\/wp-content\/uploads\/2021\/10\/premio-nobel-de-la-paz-6-de-los-premiados-mas-polemicos-de-la-historia-y-un-notable-ausente-50.jpg 320w, http:\/\/cordobadirecto.com\/wp-content\/uploads\/2021\/10\/premio-nobel-de-la-paz-6-de-los-premiados-mas-polemicos-de-la-historia-y-un-notable-ausente-51.jpg 464w\" alt=\"L\u00ednea\" src=\"http:\/\/cordobadirecto.com\/wp-content\/uploads\/2021\/10\/premio-nobel-de-la-paz-6-de-los-premiados-mas-polemicos-de-la-historia-y-un-notable-ausente-8.jpg\" sizes=\"(min-width: 1008px) 645px, 100vw\" width=\"464\" height=\"2\" class=\"eehpdyc0 bbc-100dhyn e1enwo3v0\"><\/noscript><\/div>\n<\/div>\n<\/div>\n<\/figure>\n<\/div>\n<div dir=\"ltr\" class=\"bbc-19j92fr e57qer20\" readability=\"8\">\n<p dir=\"ltr\" class=\"bbc-bm53ic e1cc2ql70\"><i class=\"bbc-h1y5j7 ewc4zcb0\">Recuerda que<\/i><i class=\"bbc-h1y5j7 ewc4zcb0\"> puedes recibir notificaciones de BBC Mundo. Descarga la nueva versi\u00f3n de nuestra app y act\u00edvalas para no perderte nuestro mejor contenido.<\/i><\/p>\n<\/div>\n","protected":false},"excerpt":{"rendered":"<p>Redacci\u00f3n BBC News Mundo 1 hora Fuente de la imagen, Getty Images Pie de foto, El Nobel se viene entregando desde 1901. El ganador del premio Nobel de la Paz de 2021 se anunciar\u00e1 este viernes. \u00bfCausar\u00e1 tanta pol\u00e9mica como algunos de los anteriores galardonados? Considerado uno de los premios m\u00e1s prestigiosos del mundo, el [&hellip;]<\/p>\n","protected":false},"author":1,"featured_media":22101,"comment_status":"closed","ping_status":"closed","sticky":false,"template":"","format":"standard","meta":[],"categories":[24],"tags":[],"_links":{"self":[{"href":"http:\/\/cordobadirecto.com\/index.php\/wp-json\/wp\/v2\/posts\/22100"}],"collection":[{"href":"http:\/\/cordobadirecto.com\/index.php\/wp-json\/wp\/v2\/posts"}],"about":[{"href":"http:\/\/cordobadirecto.com\/index.php\/wp-json\/wp\/v2\/types\/post"}],"author":[{"embeddable":true,"href":"http:\/\/cordobadirecto.com\/index.php\/wp-json\/wp\/v2\/users\/1"}],"replies":[{"embeddable":true,"href":"http:\/\/cordobadirecto.com\/index.php\/wp-json\/wp\/v2\/comments?post=22100"}],"version-history":[{"count":0,"href":"http:\/\/cordobadirecto.com\/index.php\/wp-json\/wp\/v2\/posts\/22100\/revisions"}],"wp:featuredmedia":[{"embeddable":true,"href":"http:\/\/cordobadirecto.com\/index.php\/wp-json\/wp\/v2\/media\/22101"}],"wp:attachment":[{"href":"http:\/\/cordobadirecto.com\/index.php\/wp-json\/wp\/v2\/media?parent=22100"}],"wp:term":[{"taxonomy":"category","embeddable":true,"href":"http:\/\/cordobadirecto.com\/index.php\/wp-json\/wp\/v2\/categories?post=22100"},{"taxonomy":"post_tag","embeddable":true,"href":"http:\/\/cordobadirecto.com\/index.php\/wp-json\/wp\/v2\/tags?post=22100"}],"curies":[{"name":"wp","href":"https:\/\/api.w.org\/{rel}","templated":true}]}}