{"id":22181,"date":"2021-10-08T03:16:42","date_gmt":"2021-10-08T03:16:42","guid":{"rendered":"http:\/\/cordobadirecto.com\/index.php\/2021\/10\/08\/recomendaciones-para-disfrutar-del-gran-momento-del-cine-chileno\/"},"modified":"2021-10-08T03:16:42","modified_gmt":"2021-10-08T03:16:42","slug":"recomendaciones-para-disfrutar-del-gran-momento-del-cine-chileno","status":"publish","type":"post","link":"http:\/\/cordobadirecto.com\/index.php\/2021\/10\/08\/recomendaciones-para-disfrutar-del-gran-momento-del-cine-chileno\/","title":{"rendered":"Recomendaciones para disfrutar del gran momento del cine chileno"},"content":{"rendered":"<div class=\"image\" id=\"image\"> <img src=\"http:\/\/cordobadirecto.com\/wp-content\/uploads\/2021\/10\/recomendaciones-para-disfrutar-del-gran-momento-del-cine-chileno.jpg\" alt title><\/div>\n<p>El reciente estreno en Netflix del documental <strong>\u201cColonia Dignidad: Una secta alemana en Chile\u201d <\/strong>es una buena forma de acercarse no solo a una investigaci\u00f3n que reconstruye en detalle una historia tan fascinante como desgarradora que marc\u00f3 los \u00faltimos 60 a\u00f1os de la sociedad trasandina sino tambi\u00e9n a un momento de esplendor en el audiovisual chileno. Y hablamos de audiovisual porque el fen\u00f3meno alcanza a cortos y largometrajes de ficci\u00f3n, de animaci\u00f3n y documentales, as\u00ed como a series.<\/p>\n<div class=\"title-big clearfix\"><span>\u201cColonia Dignidad\u201d<\/span><\/div>\n<p> <iframe width=\"560\" height=\"315\" src=\"https:\/\/www.youtube.com\/embed\/IvbU0ZUFl2w?wmode=transparent&amp;showinfo=0&amp;autohide=1&amp;rel=0\" frameborder=\"0\" allowfullscreen>[embedded content]<\/iframe> <\/p>\n<p>&#8220;Colonia Dignidad&#8221;<\/p>\n<p>Si bien este documental, dividido en seis partes de una hora cada una, es una coproducci\u00f3n con Alemania, puede decirse que el aporte chileno (entre los creadores est\u00e1 el talentoso documentalista local Cristi\u00e1n Leighton) fue decisivo.<\/p>\n<p><strong>A partir de un notable entramado de materiales de archivo y testimonios reveladores <\/strong>(como el de Salo Luna), la serie describe el surgimiento (cuando en 1961 unos colonos germanos se asentaron en la Regi\u00f3n del Maule), apogeo (durante la dictadura de Augusto Pinochet, con quien mantuvieron una muy cercana y fruct\u00edfera relaci\u00f3n) y ca\u00edda de ese enclave manejado con mano dura hasta su muerte en abril de 2010 por el nazi Paul Sch\u00e4fer.<\/p>\n<p><strong>Abuso de menores, lavado de cerebros, connivencia con el poder<\/strong> (all\u00ed funcion\u00f3 un centro clandestino de detenci\u00f3n y torturas)&#8230; en ese supuestamente apacible y pintoresco enclave que manten\u00eda las tradiciones alemanas se organizaba, en verdad, una acumulaci\u00f3n de horrores y perversiones.<\/p>\n<p>Hoy, rebautizada como Villa Baviera, la comunidad manejada por descendientes de sus fundadores intenta sostener el lugar como un centro tur\u00edstico en medio de controversias y heridas que todav\u00eda est\u00e1n muy lejos de cicatrizar. La serie de Netflix, de todas maneras, no es el \u00fanico acercamiento reciente al tema. De hecho, uno de los documentales m\u00e1s premiados en festivales durante el \u00faltimo a\u00f1o ha sido <strong>\u201cCantos de represi\u00f3n\u201d<\/strong>, conmovedor registro de Marianne Hougen-Moraga y Estephan Wagner.<\/p>\n<p>Chile es, adem\u00e1s, el \u00faltimo pa\u00eds sudamericano en haber ganado el premio Oscar a Mejor Pel\u00edcula Internacional en 2018 con <strong>\u201cUna mujer fant\u00e1stica\u201d<\/strong>, de Sebasti\u00e1n Lelio (disponible en Amazon Prime Video). Y justamente Lelio es uno de los realizadores de ese origen que ya se han consolidado en el \u00e1mbito internacional con t\u00edtulos como <strong>\u201cDesobediencia\u201d <\/strong>(Netflix), con Rachel Weisz y Rachel McAdams, y<strong> \u201cGloria Bell\u201d<\/strong> (Amazon Prime Video), con Julianne Moore, que es una remake en ingl\u00e9s de un \u00e9xito previo del propio director como <strong>\u201cGloria\u201d<\/strong> (se puede ver en Qubit). Otro cineasta insoslayable es Pablo Larra\u00edn -tambi\u00e9n poderoso productor junto a su hermano Juan de Dios-, quien pendula entre producciones chilenas como <strong>\u201cTony Manero\u201d<\/strong> (Netflix), <strong>\u201cNo\u201d<\/strong> (Netflix y Amazon Prime Video), <strong>\u201cEl Club\u201d<\/strong> (Netflix), \u201cNeruda\u201d (Amazon Prime Video) y<strong> \u201cEma\u201d <\/strong>(MUBI), y otros films rodados en el exterior como <strong>\u201cJackie\u201d <\/strong>(HBO Max), con Natalie Portman como Jackie Kennedy; y otra biopic como la flamante <strong>\u201cSpencer\u201d,<\/strong> con Kristen Stewart como Lady Di.<\/p>\n<p>Pero como Lelio y Larra\u00edn ya son dos autores consagrados, es bueno escapar de la \u201cdictadura\u201d de los algoritmos que nos destacan siempre los mismos t\u00edtulos con amplio despliegue de producci\u00f3n para encontrar peque\u00f1as y valiosas pel\u00edculas chilenas en las distintas plataformas de streaming.<\/p>\n<div class=\"title-big clearfix\"><span>\u201cEl agente topo\u201d<\/span><\/div>\n<p> <iframe width=\"560\" height=\"315\" src=\"https:\/\/www.youtube.com\/embed\/Wdr7levRwO0?wmode=transparent&amp;showinfo=0&amp;autohide=1&amp;rel=0\" frameborder=\"0\" allowfullscreen>[embedded content]<\/iframe> <\/p>\n<p>&#8220;El agente topo&#8221;<\/p>\n<p>Documental del 2020, de Maite Alberdi (Netflix). <strong>Nominada al Oscar al Mejor Largometraje Documental,<\/strong> esta nueva pel\u00edcula de la talentosa directora de \u201cLa Once\u201d sigue a Sergio Chamy, un encantador viudo de 83 a\u00f1os con m\u00e1s entusiasmo que talento para trabajar en esp\u00eda. Luego de entrenarse en el uso de la c\u00e1mara de fotos del celular y del WhatsApp (herramientas fundamentales para su misi\u00f3n), el protagonista se interna en un geri\u00e1trico para vigilar a una anciana que podr\u00eda ser objeto de malostratos en ese asilo de ancianos. Entre el documental observacional, el film noir, el cine de detectives, la comedia de enredos y hasta ciertos rasgos rom\u00e1nticos y emotivos, resulta una propuesta tragic\u00f3mica y agridulce con unos cuantos pasajes inspirados de indudable autenticidad.<\/p>\n<div class=\"title-big clearfix\"><span>\u201cLemebel\u201d<\/span><\/div>\n<p><\/p>\n<div class=\"image\" id=\"image\"> <img src=\"http:\/\/cordobadirecto.com\/wp-content\/uploads\/2021\/10\/recomendaciones-para-disfrutar-del-gran-momento-del-cine-chileno-1.jpg\" alt title><\/div>\n<p>Del a\u00f1o 2019, de Joanna Reposi Garibaldi (Amazon Prime Video).<strong> Pedro Lemebel (1952-2015) fue un escritor, performer y activista<\/strong> chileno que se convirti\u00f3 en una celebridad literaria mundial, en s\u00edmbolo de la resistencia al pinochetismo, en referente de la lucha por los derechos de la comunidad LGBTIQ+. La directora conoci\u00f3 al artista en 1999 y en 2007 ambos decidieron iniciar este proyecto cinematogr\u00e1fico que durante muchos a\u00f1os qued\u00f3 en stand by. Con un material de archivo extraordinario por la intimidad y visceralidad de sus im\u00e1genes, Reposi Garibaldi va exponiendo el pensamiento, el accionar, las sensaciones, las contradicciones, los traumas y el genio creativo de Lemebel. M\u00e1s all\u00e1 de las pol\u00e9micas que gener\u00f3 en su pa\u00eds, lo que verdaderamente importa es que el film logra transmitir la pasi\u00f3n, el talento, la intensidad, la capacidad de provocaci\u00f3n, el esp\u00edritu de lucha y varias de las multiples facetas de un artista que busc\u00f3 siempre trascender los l\u00edmites, los prejuicios y las represiones de una sociedad bastante pacata como la chilena.<\/p>\n<div class=\"title-big clearfix\"><span>\u201cTengo miedo, torero\u201d<\/span><\/div>\n<p>Pel\u00edcula de 2020, de Rodrigo Sep\u00falveda (Amazon Prime Video). Y siguiendo con Lemebel, en 2001 public\u00f3 la que ser\u00eda su \u00fanica novela, en la que narr\u00f3 <strong>una historia de amor imposible en tiempos del fallido atentado contra Augusto Pinochet<\/strong> ocurrido el 7 de septiembre de 1986. Buena parte del triunfo art\u00edstico del film se debe al extraordinario trabajo de Alfredo Castro, quien construye con el personaje de La Loca del Frente, una veterana travesti de clase baja que ocupa un decadente conventillo y sobrevive prostituy\u00e9ndose, una de las mejores actuaciones de su ya distinguida carrera. Epica rom\u00e1ntica en tiempos oscuros, \u201cTengo miedo, torero\u201d (que tiene algo del esp\u00edritu almodovariano) aborda la clandestinidad y la represi\u00f3n desde una doble perspectiva: la pol\u00edtica y la sexual.<\/p>\n<div class=\"title-big clearfix\"><span>\u201cJoven y alocada\u201d<\/span><\/div>\n<p>De Marialy Rivas (Netflix). Daniela, <strong>una adolescente de familia evang\u00e9lica, decide experimentar al m\u00e1ximo su sexualidad.<\/strong> El film de 2013 juega con los dos polos que constituyen al personaje principal: el conservadurismo exagerado de su familia choca fuertemente con las b\u00fasquedas de la protagonista. La tensi\u00f3n entre los dos extremos irreconciliables encuentran un punto de escape a partir de la creaci\u00f3n de un blog, que le permite a Daniela comentar sus experiencias desde el \u201canonimato\u201d de la web, pero adem\u00e1s le posibilita a Rivas explorar narrativas diferentes y abordar la disoluci\u00f3n entre lo p\u00fablico y lo privado.<\/p>\n<div class=\"title-big clearfix\"><span>\u201cPiola\u201d<\/span><\/div>\n<p>De Luis Alejandro P\u00e9rez (Netflix). Esta \u00f3pera prima del a\u00f1o 2020 <strong>refleja el creciente descontento y descontenci\u00f3n de la juventud de Santiago<\/strong> en un retrato potente que no necesita del subrayado ni la denuncia obvia. Hip hop, grafitis, tatuajes, porros, explosi\u00f3n hormonal, ganas de vivir de la m\u00fasica contra los prejuicios de los adultos, diferencias generacionales (conflictos con padres y maestros), represi\u00f3n policial, problemas educativos y econ\u00f3micos, barrios pobres, insatisfacci\u00f3n con el estado de las cosas, tensiones y lealtades dentro del grupo de amigos&#8230; P\u00e9rez aborda varios t\u00f3picos recurrentes de las pel\u00edculas juveniles, con los rituales de iniciaci\u00f3n que van marcando el ingreso a la vida adulta, esas contradicciones \u00edntimas entre el ansia de descubrimiento y la sensaci\u00f3n de permanente frustraci\u00f3n, de nunca estar en el lugar correcto en el momento indicado.<\/p>\n<div class=\"title-big clearfix\"><span>\u201cTarde para morir joven\u201d<\/span><\/div>\n<p><\/p>\n<div class=\"image\" id=\"image\"> <img src=\"http:\/\/cordobadirecto.com\/wp-content\/uploads\/2021\/10\/recomendaciones-para-disfrutar-del-gran-momento-del-cine-chileno-2.jpg\" alt title><\/div>\n<p>Filme del 2018, de Dominga Sotomayor (Amazon Prime Video). La acci\u00f3n transcurre en un espacio concreto y en un tiempo a\u00fan m\u00e1s determinado, pero remite a cualquier lugar y a cualquier \u00e9poca. Diciembre de 1989 y principios de 1990, por ejemplo. Aprieta el calor del verano austral. En la periferia rural de Santiago de Chile <strong>una comunidad de amigos o familiares parece ajena a los cambios que est\u00e1 experimentando su pa\u00eds<\/strong>\u2026 y aun as\u00ed, todo est\u00e1 cambiando entre sus miembros. Es el inicio del fin de la dictadura de Pinochet.<\/p>\n<div class=\"title-big clearfix\"><span>\u201cNadie sabe que estoy aqu\u00ed\u201d<\/span><\/div>\n<p>Del 2020, de Gaspar Antillo (Netflix). Unos flashbacks y unas im\u00e1genes con textura de viejos VHS nos muestran un casting infantil, unas actuaciones musicales y la certeza de un enga\u00f1o. El peque\u00f1o Memo tiene una voz prodigiosa, pero un look poco \u201ctelevisivo\u201d. En cambio, <strong>Angelo tiene toda la pinta del mundo y se convierte en \u00eddolo juvenil&#8230; haciendo playback<\/strong> (de grabaciones de Memo, por supuesto). Ya en la actualidad, Memo (Jorge Garcia, visto en la serie Lost) es un hombre obeso que vive recluido con su t\u00edo (Luis Gnecco) en una casa \/ granja \/ curtiembre ovina aislada en el sur de Chile. Casi no habla y ha hecho lo posible por lidiar con su traum\u00e1tico pasado mediante la negaci\u00f3n, la incomunicaci\u00f3n y la soledad. Pero de la forma m\u00e1s inesperada llegar\u00e1 al lugar Marta (Millaray Lobos), una joven que se interesar\u00e1 por \u00e9l y por su historia, abriendo adem\u00e1s la posibilidad de algo de amor y de quebrar ese ostracismo paralizante. El debutante Antillo sale airoso de cuestiones generalmente espinosas como la explotaci\u00f3n infantil, el regodeo en el patetismo y en personajes torturados. Lo hace, en definitiva, con m\u00e1s nobleza que negrura.<\/p>\n<div class=\"title-big clearfix\"><span>\u201cMala junta\u201d<\/span><\/div>\n<p>De Claudia Huaiquimilla (Amazon Prime Video). Esta \u00f3pera prima del a\u00f1o 2016 narra las historias de vida de dos quincea\u00f1eros de distintos or\u00edgenes, familias escindidas y duras existencias que se conocen en el sur del pa\u00eds en medio de un violento conflicto entre el gobierno y la comunidad mapuche por un reclamo de tierras. En el arranque del film <strong>Tano comete un robo y, tras ser apresado, es enviado a vivir con su padre como \u00faltima oportunidad antes de ser encerrado en un instituto de menores<\/strong>. Cheo, por su parte, es un joven mapuche que vive con su madre, una de las l\u00edderes de la comunidad, y es v\u00edctima de bullying y segregaci\u00f3n en el colegio secundario. Entre ambos muchachos se ir\u00e1n estableciendo algunos lazos de amistad, mientras el contexto (no s\u00f3lo escolar, sino tambi\u00e9n por la represi\u00f3n policial, las presiones de la asistente social, las profundas diferencias generacionales y las t\u00edpicas angustias adolescentes) es cada vez m\u00e1s desgarrador. Construida con solidez y convicci\u00f3n, resulta bastante m\u00e1s que un simple panfleto con vocaci\u00f3n pol\u00edticamente correcta.<\/p>\n","protected":false},"excerpt":{"rendered":"<p>El reciente estreno en Netflix del documental \u201cColonia Dignidad: Una secta alemana en Chile\u201d es una buena forma de acercarse no solo a una investigaci\u00f3n que reconstruye en detalle una historia tan fascinante como desgarradora que marc\u00f3 los \u00faltimos 60 a\u00f1os de la sociedad trasandina sino tambi\u00e9n a un momento de esplendor en el audiovisual [&hellip;]<\/p>\n","protected":false},"author":1,"featured_media":22182,"comment_status":"closed","ping_status":"closed","sticky":false,"template":"","format":"standard","meta":[],"categories":[20],"tags":[],"_links":{"self":[{"href":"http:\/\/cordobadirecto.com\/index.php\/wp-json\/wp\/v2\/posts\/22181"}],"collection":[{"href":"http:\/\/cordobadirecto.com\/index.php\/wp-json\/wp\/v2\/posts"}],"about":[{"href":"http:\/\/cordobadirecto.com\/index.php\/wp-json\/wp\/v2\/types\/post"}],"author":[{"embeddable":true,"href":"http:\/\/cordobadirecto.com\/index.php\/wp-json\/wp\/v2\/users\/1"}],"replies":[{"embeddable":true,"href":"http:\/\/cordobadirecto.com\/index.php\/wp-json\/wp\/v2\/comments?post=22181"}],"version-history":[{"count":0,"href":"http:\/\/cordobadirecto.com\/index.php\/wp-json\/wp\/v2\/posts\/22181\/revisions"}],"wp:featuredmedia":[{"embeddable":true,"href":"http:\/\/cordobadirecto.com\/index.php\/wp-json\/wp\/v2\/media\/22182"}],"wp:attachment":[{"href":"http:\/\/cordobadirecto.com\/index.php\/wp-json\/wp\/v2\/media?parent=22181"}],"wp:term":[{"taxonomy":"category","embeddable":true,"href":"http:\/\/cordobadirecto.com\/index.php\/wp-json\/wp\/v2\/categories?post=22181"},{"taxonomy":"post_tag","embeddable":true,"href":"http:\/\/cordobadirecto.com\/index.php\/wp-json\/wp\/v2\/tags?post=22181"}],"curies":[{"name":"wp","href":"https:\/\/api.w.org\/{rel}","templated":true}]}}