{"id":22233,"date":"2021-10-08T21:00:00","date_gmt":"2021-10-08T21:00:00","guid":{"rendered":"http:\/\/cordobadirecto.com\/index.php\/2021\/10\/08\/la-foto-del-presidente-que-impacta-en-cordoba-politica-la-voz-del-interior\/"},"modified":"2021-10-08T21:00:00","modified_gmt":"2021-10-08T21:00:00","slug":"la-foto-del-presidente-que-impacta-en-cordoba-politica-la-voz-del-interior","status":"publish","type":"post","link":"http:\/\/cordobadirecto.com\/index.php\/2021\/10\/08\/la-foto-del-presidente-que-impacta-en-cordoba-politica-la-voz-del-interior\/","title":{"rendered":"La foto del Presidente que impacta en <b>C\u00f3rdoba<\/b> | Pol\u00edtica | La Voz del Interior"},"content":{"rendered":"<p>Juntos. El presidente Alberto Fern\u00e1ndez, M\u00e1ximo Kirchner y el ministro Eduardo de Pedro, el jueves, rumbo al acto en <b>Nueva<\/b> Chicago. <\/p>\n","protected":false},"excerpt":{"rendered":"<p>Juntos. El presidente Alberto Fern\u00e1ndez, M\u00e1ximo Kirchner y el ministro Eduardo de Pedro, el jueves, rumbo al acto en Nueva Chicago.<\/p>\n","protected":false},"author":1,"featured_media":0,"comment_status":"closed","ping_status":"closed","sticky":false,"template":"","format":"standard","meta":[],"categories":[40],"tags":[],"_links":{"self":[{"href":"http:\/\/cordobadirecto.com\/index.php\/wp-json\/wp\/v2\/posts\/22233"}],"collection":[{"href":"http:\/\/cordobadirecto.com\/index.php\/wp-json\/wp\/v2\/posts"}],"about":[{"href":"http:\/\/cordobadirecto.com\/index.php\/wp-json\/wp\/v2\/types\/post"}],"author":[{"embeddable":true,"href":"http:\/\/cordobadirecto.com\/index.php\/wp-json\/wp\/v2\/users\/1"}],"replies":[{"embeddable":true,"href":"http:\/\/cordobadirecto.com\/index.php\/wp-json\/wp\/v2\/comments?post=22233"}],"version-history":[{"count":0,"href":"http:\/\/cordobadirecto.com\/index.php\/wp-json\/wp\/v2\/posts\/22233\/revisions"}],"wp:attachment":[{"href":"http:\/\/cordobadirecto.com\/index.php\/wp-json\/wp\/v2\/media?parent=22233"}],"wp:term":[{"taxonomy":"category","embeddable":true,"href":"http:\/\/cordobadirecto.com\/index.php\/wp-json\/wp\/v2\/categories?post=22233"},{"taxonomy":"post_tag","embeddable":true,"href":"http:\/\/cordobadirecto.com\/index.php\/wp-json\/wp\/v2\/tags?post=22233"}],"curies":[{"name":"wp","href":"https:\/\/api.w.org\/{rel}","templated":true}]}}