{"id":22259,"date":"2021-10-08T20:37:22","date_gmt":"2021-10-08T20:37:22","guid":{"rendered":"https:\/\/cordoba.gob.ar\/?p=14498"},"modified":"2021-10-08T20:37:22","modified_gmt":"2021-10-08T20:37:22","slug":"barrio-las-violetas-tiene-su-plaza-renovada-con-playon-deportivo-y-cancha-de-futbol-con-cesped-sintetico","status":"publish","type":"post","link":"http:\/\/cordobadirecto.com\/index.php\/2021\/10\/08\/barrio-las-violetas-tiene-su-plaza-renovada-con-playon-deportivo-y-cancha-de-futbol-con-cesped-sintetico\/","title":{"rendered":"Barrio Las Violetas tiene su plaza renovada, con play\u00f3n deportivo y cancha de f\u00fatbol con c\u00e9sped sint\u00e9tico"},"content":{"rendered":"<div><img src=\"http:\/\/cordobadirecto.com\/wp-content\/uploads\/2021\/10\/barrio-las-violetas-tiene-su-plaza-renovada-con-playon-deportivo-y-cancha-de-futbol-con-cesped-sintetico.jpg\" class=\"ff-og-image-inserted\"><\/div>\n<ul>\n<li><strong>El intendente Mart\u00edn Llaryora inaugur\u00f3 las obras ejecutadas por la Municipalidad de C\u00f3rdoba en el marco del programa \u201cLa Plaza de Tu Barrio\u201d.<\/strong><\/li>\n<li><strong>El espacio cuenta ahora con cancha de mini b\u00e1squet, modernos juegos infantiles e inclusivos, luces LED, y nuevo mobiliario urbano.<\/strong><\/li>\n<\/ul>\n<hr>\n<p>En el marco de la recuperaci\u00f3n de los espacios p\u00fablicos en la ciudad, los vecinos del barrio Las Violetas ya pueden disfrutar de la renovada plaza ubicada en el cruce de las calles Barrientos y Manuel Sol\u00e1, al oeste de la ciudad. Las acciones agregaron elementos inexistentes hasta el momento, dot\u00e1ndolo de instalaciones de calidad para vivir al aire libre.<\/p>\n<p>El intendente Mart\u00edn Llaryora inaugur\u00f3 las flamantes instalaciones que ahora cuentan con cancha de f\u00fatbol con c\u00e9sped y b\u00e1squet, Patio de las Infancias con modernos juegos infantiles, nuevo mobiliario urbano, forestaci\u00f3n e iluminaci\u00f3n LED.<\/p>\n<p>El play\u00f3n polideportivo de 180 metros cuadrados dispone de cancha de mini basquet y f\u00fatbol con base antigolpes y c\u00e9sped sint\u00e9tico, adem\u00e1s de un sector con elementos gimn\u00e1sticos.<\/p>\n<p>Se suma tambi\u00e9n el nuevo \u201cPatios de las Infancias\u201d, una novedosa zona de 200 metros cuadrados de esparcimiento dise\u00f1ada especialmente para los ni\u00f1os, con rejas que delimitan el sector, juegos modernos e inclusivos, todos montados sobre un piso antigolpes, fabricado con caucho reciclado.<\/p>\n<p>Para mejorar la movilidad en el espacio, se colocaron 350 metros cuadrados de adoquines de hormig\u00f3n color rojo y otros 1.000 metros cuadrados en nuevas veredas de hormig\u00f3n, adem\u00e1s de rampas para la circulaci\u00f3n de personas con discapacidad motora. A su vez se colocaron 30 bancos de madera, de hormig\u00f3n y mesas para que los vecinos puedan pasar la tarde en familia y con amigos.<\/p>\n<p>En la oportunidad, el Intendente puso en valor el trabajo mancomunado del Municipio con el Centro Vecinal y el compromiso de sus autoridades para gestionar los reclamos de los vecinos: <em>\u201cEsta plaza es una respuesta al pedido del barrio. Aqu\u00ed se pusieron juegos de primera calidad, con las mismas caracter\u00edsticas respecto a las principales plazas de la ciudad, con luminarias led, c\u00e9sped sint\u00e9tico, piso de caucho en el \u201d Patio de las Infancias\u201d.<\/em><\/p>\n<p>En la plaza se pusieron nuevos \u00e1rboles ejemplares en maceteros, junto a la recuperaci\u00f3n de zonas con c\u00e9sped, el enrejado de los canteros y otras tareas de jardiner\u00eda para embellecer el lugar. Tambi\u00e9n se realiz\u00f3 una intervenci\u00f3n art\u00edstica con la pintura de distintos murales.<\/p>\n<p>La Municipalidad de C\u00f3rdoba trabaja en simult\u00e1neo en otros 12 espacios verdes en el marco del programa \u201cLa Plaza de tu Barrio\u201d, desarrollado a trav\u00e9s de la Direcci\u00f3n de Espacios Verdes de la Secretar\u00eda de Gesti\u00f3n Ambiental.<\/p>\n<p>La primera etapa del programa \u201cLa Plaza de Tu Barrio\u201d, alcanzar\u00e1 a m\u00e1s de 60 plazas, con una inversi\u00f3n superior a los $ 1.100 millones.<\/p>\n<p>Las tareas se desarrollan adem\u00e1s en plaza Eva Per\u00f3n (Arguello), plaza Jer\u00f3nimo del Barco (Alto Alberdi), plaza Gregoria Matorras (Gral. Bustos), plaza Los Naranjos (Los Naranjos), Terminal de \u00d3mnibus (Nueva C\u00f3rdoba) plaza 12 de Octubre (Escobar), plaza Trulal\u00e1 (Ampliaci\u00f3n Pueyrred\u00f3n), plaza Hero\u00ednas de Ayohuma (Patricios), la plaza Alem (Pueyrred\u00f3n) la plaza del Cementerio San Jer\u00f3nimo, la de barrio Inaudi y la Villa Rivadavia.<\/p>\n","protected":false},"excerpt":{"rendered":"<p>El intendente Mart\u00edn Llaryora inaugur\u00f3 las obras ejecutadas por la Municipalidad de C\u00f3rdoba en el marco del programa \u201cLa Plaza de Tu Barrio\u201d. El espacio cuenta ahora con cancha de mini b\u00e1squet, modernos juegos infantiles e inclusivos, luces LED, y nuevo mobiliario urbano. En el marco de la recuperaci\u00f3n de los espacios p\u00fablicos en la [&hellip;]<\/p>\n","protected":false},"author":1,"featured_media":22260,"comment_status":"closed","ping_status":"closed","sticky":false,"template":"","format":"standard","meta":[],"categories":[44],"tags":[],"_links":{"self":[{"href":"http:\/\/cordobadirecto.com\/index.php\/wp-json\/wp\/v2\/posts\/22259"}],"collection":[{"href":"http:\/\/cordobadirecto.com\/index.php\/wp-json\/wp\/v2\/posts"}],"about":[{"href":"http:\/\/cordobadirecto.com\/index.php\/wp-json\/wp\/v2\/types\/post"}],"author":[{"embeddable":true,"href":"http:\/\/cordobadirecto.com\/index.php\/wp-json\/wp\/v2\/users\/1"}],"replies":[{"embeddable":true,"href":"http:\/\/cordobadirecto.com\/index.php\/wp-json\/wp\/v2\/comments?post=22259"}],"version-history":[{"count":0,"href":"http:\/\/cordobadirecto.com\/index.php\/wp-json\/wp\/v2\/posts\/22259\/revisions"}],"wp:featuredmedia":[{"embeddable":true,"href":"http:\/\/cordobadirecto.com\/index.php\/wp-json\/wp\/v2\/media\/22260"}],"wp:attachment":[{"href":"http:\/\/cordobadirecto.com\/index.php\/wp-json\/wp\/v2\/media?parent=22259"}],"wp:term":[{"taxonomy":"category","embeddable":true,"href":"http:\/\/cordobadirecto.com\/index.php\/wp-json\/wp\/v2\/categories?post=22259"},{"taxonomy":"post_tag","embeddable":true,"href":"http:\/\/cordobadirecto.com\/index.php\/wp-json\/wp\/v2\/tags?post=22259"}],"curies":[{"name":"wp","href":"https:\/\/api.w.org\/{rel}","templated":true}]}}