{"id":22261,"date":"2021-10-08T18:58:52","date_gmt":"2021-10-08T18:58:52","guid":{"rendered":"https:\/\/cordoba.gob.ar\/?p=14491"},"modified":"2021-10-08T18:58:52","modified_gmt":"2021-10-08T18:58:52","slug":"espectaculos-gratuitos-en-el-teatro-griego-por-la-feria-del-libro-cordoba","status":"publish","type":"post","link":"http:\/\/cordobadirecto.com\/index.php\/2021\/10\/08\/espectaculos-gratuitos-en-el-teatro-griego-por-la-feria-del-libro-cordoba\/","title":{"rendered":"Espect\u00e1culos gratuitos en el Teatro Griego por la Feria del Libro C\u00f3rdoba"},"content":{"rendered":"<div><img src=\"http:\/\/cordobadirecto.com\/wp-content\/uploads\/2021\/10\/espectaculos-gratuitos-en-el-teatro-griego-por-la-feria-del-libro-cordoba.jpg\" class=\"ff-og-image-inserted\"><\/div>\n<ul>\n<li><strong>La jornada se llevar\u00e1 a cabo est\u00e1 tarde, desde las 18.<\/strong><\/li>\n<li><strong>Habr\u00e1 shows gratuitos de m\u00fasica, teatro y danza abiertos a todo p\u00fablico.<\/strong><\/li>\n<\/ul>\n<hr>\n<p>En el marco de la 35\u00b0 Feria del Libro, esta tarde se llevar\u00e1 a cabo una serie de shows art\u00edsticos en el Teatro Griego para diversos p\u00fablicos y de acceso gratuito, desde las 18.<\/p>\n<p>Entre los shows previstos, habr\u00e1 un homenaje a Mar\u00eda Elena Walsh; m\u00fasica y poes\u00eda sobre diversidad y amor con Susy Shock y Juan I\u00f1aki; y una puesta de danza teatro en torno a la obra del artista pl\u00e1stico Antonio Segu\u00ed.<\/p>\n<p>GRILLA DEL TEATRO GRIEGO<\/p>\n<p>Homenaje a Mar\u00eda Elena Walsh<\/p>\n<p>-18 h. \u201cEl pa\u00eds de Mar\u00eda Elena Walsh\u201d, un recorrido por el pa\u00eds del que habla la gran cantautora argentina, a trav\u00e9s de sus canciones. De este espect\u00e1culo, que cruza m\u00fasica y narraciones, participar\u00e1n Soledad Ceballos y Pilar Mercado en voz, Ali El Kadre Apto en piano, Andr\u00e9 Maurel en percusi\u00f3n y Juan Ceballos en guitarra. Relatos: Adri\u00e1n Baigorria.<\/p>\n<p>Obra de danza teatro \u201cLa Carcajada de los Misteriosos\u201d<\/p>\n<p>-19.30 h. \u201cLa carcajada de los misteriosos\u201d a cargo del Elenco Municipal de Danza Teatro. Esta propuesta busca hincar el diente en la obra del artista cordob\u00e9s Antonio Segu\u00ed, en sus secretos y enigmas para seguirle la huella a la disidencia. Los personajes recorren un universo sin sentido donde lo leve y lo grave de la risa irrumpe y excede el lenguaje.<\/p>\n<p>Cuenta con direcci\u00f3n y coreograf\u00eda de Marina Sarmiento. Las personas int\u00e9rpretes son Julio C\u00e9sar Baz\u00e1n, Gustavo M\u00e1ximo Luna, Lorena Gasparini, Pamela Fern\u00e1ndez, David Amaya, Nicol\u00e1s Dellarole, Bel\u00e9n Ghioldi, Patricia Valdez, Andr\u00e9s Oviedo, Araceli Gelleni, Roberto Santiago Delgado y Sim\u00f3n Garita-Onand\u00eda; y Sabrina Cassini es la subdirectora del elenco.<\/p>\n<p>\u201cAbrazar\u201d por Susy Shock y Juan I\u00f1aki<\/p>\n<p>-21 h. el d\u00fao Susy Shock y Juan I\u00f1aki ofrecer\u00e1 \u201cAbrazar\u201d, con un encuentro de m\u00fasica y poes\u00eda diversa para cantar desde los bordes. El show integra canciones y poemas, la alegr\u00eda y el drama perfumado de un mundo que a\u00fan se intenta ocultar. Crea un espacio para hablar de diversidad, femicidios, intolerancia, del presente y el futuro, del grito trans, el amor y la profunda ternura queer. Resume canciones y poemas compuestos por ambos (en conjunto e individualmente). Musicalmente se nutre de coplas, candombes, chacareras, chamam\u00e9 y dem\u00e1s.<\/p>\n<p>La puesta contar\u00e1 con Susy en voz, caja y textos; I\u00f1aki en charango, percusi\u00f3n y arreglos; Caro Bonillo en guitarras; Andrea Baz\u00e1n en guitarra y Cecilia Fandi\u00f1o: teclado, acorde\u00f3n, flauta, voz.<\/p>\n<p><strong>Programaci\u00f3n de la FLC 2021<\/strong><\/p>\n<p><a href=\"https:\/\/bit.ly\/FLC21_Presen\">AGENDA PRESENCIAL<\/a><br \/><a href=\"https:\/\/bit.ly\/FLC21_Virtual\">AGENDA VIRTUAL<\/a><\/p>\n<p>M\u00e1s sobre FLC 2021: <strong>editorialmunicipal.cordoba.gob.ar<\/strong><\/p>\n","protected":false},"excerpt":{"rendered":"<p>La jornada se llevar\u00e1 a cabo est\u00e1 tarde, desde las 18. Habr\u00e1 shows gratuitos de m\u00fasica, teatro y danza abiertos a todo p\u00fablico. En el marco de la 35\u00b0 Feria del Libro, esta tarde se llevar\u00e1 a cabo una serie de shows art\u00edsticos en el Teatro Griego para diversos p\u00fablicos y de acceso gratuito, desde [&hellip;]<\/p>\n","protected":false},"author":1,"featured_media":22262,"comment_status":"closed","ping_status":"closed","sticky":false,"template":"","format":"standard","meta":[],"categories":[44],"tags":[],"_links":{"self":[{"href":"http:\/\/cordobadirecto.com\/index.php\/wp-json\/wp\/v2\/posts\/22261"}],"collection":[{"href":"http:\/\/cordobadirecto.com\/index.php\/wp-json\/wp\/v2\/posts"}],"about":[{"href":"http:\/\/cordobadirecto.com\/index.php\/wp-json\/wp\/v2\/types\/post"}],"author":[{"embeddable":true,"href":"http:\/\/cordobadirecto.com\/index.php\/wp-json\/wp\/v2\/users\/1"}],"replies":[{"embeddable":true,"href":"http:\/\/cordobadirecto.com\/index.php\/wp-json\/wp\/v2\/comments?post=22261"}],"version-history":[{"count":0,"href":"http:\/\/cordobadirecto.com\/index.php\/wp-json\/wp\/v2\/posts\/22261\/revisions"}],"wp:featuredmedia":[{"embeddable":true,"href":"http:\/\/cordobadirecto.com\/index.php\/wp-json\/wp\/v2\/media\/22262"}],"wp:attachment":[{"href":"http:\/\/cordobadirecto.com\/index.php\/wp-json\/wp\/v2\/media?parent=22261"}],"wp:term":[{"taxonomy":"category","embeddable":true,"href":"http:\/\/cordobadirecto.com\/index.php\/wp-json\/wp\/v2\/categories?post=22261"},{"taxonomy":"post_tag","embeddable":true,"href":"http:\/\/cordobadirecto.com\/index.php\/wp-json\/wp\/v2\/tags?post=22261"}],"curies":[{"name":"wp","href":"https:\/\/api.w.org\/{rel}","templated":true}]}}