{"id":22263,"date":"2021-10-08T11:09:33","date_gmt":"2021-10-08T11:09:33","guid":{"rendered":"https:\/\/www.bbc.com\/mundo\/noticias-america-latina-58794275"},"modified":"2021-10-08T11:09:33","modified_gmt":"2021-10-08T11:09:33","slug":"eutanasia-mi-mama-va-a-morir-el-domingo-a-las-7-de-la-manana-y-esta-feliz-el-testimonio-de-un-hijo-que-ayuda-a-su-madre-a-tener-una-muerte-digna-en-colombia","status":"publish","type":"post","link":"http:\/\/cordobadirecto.com\/index.php\/2021\/10\/08\/eutanasia-mi-mama-va-a-morir-el-domingo-a-las-7-de-la-manana-y-esta-feliz-el-testimonio-de-un-hijo-que-ayuda-a-su-madre-a-tener-una-muerte-digna-en-colombia\/","title":{"rendered":"Eutanasia | &#8220;Mi mam\u00e1 va a morir el domingo a las 7 de la ma\u00f1ana. Y est\u00e1 feliz&#8221;: el testimonio de un hijo que ayuda a su madre a tener &#8220;una muerte digna&#8221; en Colombia"},"content":{"rendered":"<div dir=\"ltr\" class=\"e1j2237y5 bbc-q4ibpr e57qer20\">\n<div class=\"bbc-1atl7vu e1c9i7u14\">\n<ul role=\"list\" class=\"bbc-k0l9bd e1c9i7u12\">\n<li role=\"listitem\" class=\"bbc-1a3w4ok e1c9i7u11\">Cecilia Barr\u00eda<\/li>\n<li role=\"listitem\" class=\"bbc-1p92jtu e1c9i7u10\">BBC News Mundo<\/li>\n<\/ul>\n<\/div>\n<\/div>\n<p><time datetime=\"2021-10-08\" class=\"bbc-14xtggo e4zesg50\">8 octubre 2021<\/time><\/p>\n<div dir=\"ltr\" class=\"bbc-1ka88fa e57qer20\">\n<figure class=\"bbc-1qdcvv9 e6bmn90\">\n<div dir=\"ltr\" class=\"bbc-172p16q e57qer20\">\n<div dir=\"ltr\" class=\"bbc-189y18v e57qer20\" readability=\"6.5\">\n<div data-e2e=\"image-placeholder\" class=\"bbc-997y1y e1whu0\" readability=\"8\"><img loading=\"lazy\" srcset=\"http:\/\/cordobadirecto.com\/wp-content\/uploads\/2021\/10\/eutanasia-mi-mama-va-a-morir-el-domingo-a-las-7-de-la-manana-y-esta-feliz-el-testimonio-de-un-hijo-que-ayuda-a-su-madre-a-tener-una-muerte-digna-en-colombia-6.jpg 240w, http:\/\/cordobadirecto.com\/wp-content\/uploads\/2021\/10\/eutanasia-mi-mama-va-a-morir-el-domingo-a-las-7-de-la-manana-y-esta-feliz-el-testimonio-de-un-hijo-que-ayuda-a-su-madre-a-tener-una-muerte-digna-en-colombia-7.jpg 320w, http:\/\/cordobadirecto.com\/wp-content\/uploads\/2021\/10\/eutanasia-mi-mama-va-a-morir-el-domingo-a-las-7-de-la-manana-y-esta-feliz-el-testimonio-de-un-hijo-que-ayuda-a-su-madre-a-tener-una-muerte-digna-en-colombia-8.jpg 480w, http:\/\/cordobadirecto.com\/wp-content\/uploads\/2021\/10\/eutanasia-mi-mama-va-a-morir-el-domingo-a-las-7-de-la-manana-y-esta-feliz-el-testimonio-de-un-hijo-que-ayuda-a-su-madre-a-tener-una-muerte-digna-en-colombia-9.jpg 624w, http:\/\/cordobadirecto.com\/wp-content\/uploads\/2021\/10\/eutanasia-mi-mama-va-a-morir-el-domingo-a-las-7-de-la-manana-y-esta-feliz-el-testimonio-de-un-hijo-que-ayuda-a-su-madre-a-tener-una-muerte-digna-en-colombia-10.jpg 800w\" alt=\"Martha Sep\u00falveda\" src=\"http:\/\/cordobadirecto.com\/wp-content\/uploads\/2021\/10\/eutanasia-mi-mama-va-a-morir-el-domingo-a-las-7-de-la-manana-y-esta-feliz-el-testimonio-de-un-hijo-que-ayuda-a-su-madre-a-tener-una-muerte-digna-en-colombia.jpg\" sizes=\"(min-width: 1008px) 645px, 100vw\" width=\"976\" height=\"549\" class=\"eehpdyc0 bbc-100dhyn e1enwo3v0\"><\/p>\n<p role=\"text\" class=\"bbc-1s1cxbv etq3yw90\"><span class=\"bbc-1gnhmg2 e1yt7oin0\">Fuente de la imagen, <\/span><span lang=\"en-GB\">Martha Sep\u00falveda<\/span><\/p>\n<\/div>\n<\/div>\n<div dir=\"ltr\" class=\"bbc-3edg7g e57qer20\" readability=\"6\"><figcaption dir=\"ltr\" class=\"bbc-1t9zlwf eede9f50\" readability=\"2\"><span class=\"bbc-1gnhmg2 e1yt7oin0\">Pie de foto, <\/span><\/p>\n<p>Martha Sep\u00falveda celebr\u00f3 en enero sus 51 a\u00f1os de vida.<\/p>\n<\/figcaption><\/div>\n<\/div>\n<\/figure>\n<\/div>\n<div dir=\"ltr\" class=\"bbc-19j92fr e57qer20\" readability=\"8\">\n<p dir=\"ltr\" class=\"bbc-bm53ic e1cc2ql70\"><b>Martha Sep\u00falveda est\u00e1 feliz porque pondr\u00e1 fin a su vida el domingo 10 de octubre a las 7 de la ma\u00f1ana.<\/b><\/p>\n<\/div>\n<div dir=\"ltr\" class=\"bbc-19j92fr e57qer20\" readability=\"9\">\n<p dir=\"ltr\" class=\"bbc-bm53ic e1cc2ql70\">Se r\u00ede frente a las c\u00e1maras comiendo patac\u00f3n con guacamole y tomando cerveza en un restaurante de Medell\u00edn, a pesar de que se enfrentar\u00e1 a la muerte.<\/p>\n<\/div>\n<div dir=\"ltr\" class=\"bbc-19j92fr e57qer20\" readability=\"8\">\n<p dir=\"ltr\" class=\"bbc-bm53ic e1cc2ql70\">Est\u00e1 feliz precisamente porque logr\u00f3 que la justicia le diera la autorizaci\u00f3n para someterse a una eutanasia.<\/p>\n<\/div>\n<div dir=\"ltr\" class=\"bbc-19j92fr e57qer20\" readability=\"10\">\n<p dir=\"ltr\" class=\"bbc-bm53ic e1cc2ql70\">En Colombia la eutanasia <b>fue despenalizada en 1997, pero solo se convirti\u00f3 en ley en 2015<\/b>. Desde entonces, se han realizado 157 procedimientos.<\/p>\n<\/div>\n<div dir=\"ltr\" class=\"bbc-19j92fr e57qer20\" readability=\"10\">\n<p dir=\"ltr\" class=\"bbc-bm53ic e1cc2ql70\">Pero en julio pasado, la Corte Constitucional del pa\u00eds extendi\u00f3 el derecho a una muerte digna a quienes padezcan &#8220;un intenso sufrimiento f\u00edsico o ps\u00edquico&#8221; por causa de una lesi\u00f3n o <b>enfermedad incurable<\/b>.<\/p>\n<\/div>\n<div dir=\"ltr\" class=\"bbc-19j92fr e57qer20\" readability=\"8\">\n<p dir=\"ltr\" class=\"bbc-bm53ic e1cc2ql70\">Y el de Martha Sep\u00falveda es el primer caso en que se autoriza una eutanasia en un paciente que no tiene una enfermedad terminal.<\/p>\n<\/div>\n<div dir=\"ltr\" class=\"bbc-19j92fr e57qer20\" readability=\"10\">\n<p dir=\"ltr\" class=\"bbc-bm53ic e1cc2ql70\">Desde que fue diagnosticada con esclerosis lateral amiotr\u00f3fica (ELA), una enfermedad grave e incurable, su vida se hab\u00eda transformado en un tormento.<\/p>\n<\/div>\n<div dir=\"ltr\" class=\"bbc-19j92fr e57qer20\" readability=\"9\">\n<p dir=\"ltr\" class=\"bbc-bm53ic e1cc2ql70\">Como sab\u00eda que la suya iba a ser una <b>muerte lenta y dolorosa <\/b>que se extender\u00eda por varios a\u00f1os, el futuro le parec\u00eda desgarrador.<\/p>\n<\/div>\n<div dir=\"ltr\" class=\"bbc-19j92fr e57qer20\" readability=\"10\">\n<p dir=\"ltr\" class=\"bbc-bm53ic e1cc2ql70\">Hasta que un d\u00eda le dijo a Federico, su \u00fanico hijo de 22 a\u00f1os, que quer\u00eda luchar por conseguir su eutanasia. Y lo logr\u00f3.<\/p>\n<\/div>\n<div dir=\"ltr\" class=\"bbc-19j92fr e57qer20\" readability=\"9\">\n<p dir=\"ltr\" class=\"bbc-bm53ic e1cc2ql70\">Parad\u00f3jicamente, conseguir la muerte, le devolvi\u00f3 la vida.<\/p>\n<\/div>\n<div dir=\"ltr\" class=\"bbc-19j92fr e57qer20\" readability=\"9\">\n<p dir=\"ltr\" class=\"bbc-bm53ic e1cc2ql70\"><b>&#8220;<\/b><b>Mi mam\u00e1 est\u00e1 tranquila y feliz desde que le dijeron que pod\u00eda morir<\/b> porque su vida era literalmente un infierno&#8221;, cuenta su hijo en di\u00e1logo con BBC Mundo.<\/p>\n<\/div>\n<div dir=\"ltr\" class=\"bbc-19j92fr e57qer20\" readability=\"8\">\n<p dir=\"ltr\" class=\"bbc-bm53ic e1cc2ql70\">Y as\u00ed se le ve, contenta porque va a morir. <\/p>\n<\/div>\n<div dir=\"ltr\" class=\"bbc-19j92fr e57qer20\" readability=\"10\">\n<p dir=\"ltr\" class=\"bbc-bm53ic e1cc2ql70\">&#8220;Tengo buena suerte&#8221;, dice en su \u00faltima entrevista televisiva con Caracol TV. &#8220;Me r\u00edo m\u00e1s, duermo m\u00e1s tranquila&#8221;.<\/p>\n<\/div>\n<div dir=\"ltr\" class=\"bbc-19j92fr e57qer20\" readability=\"10\">\n<p dir=\"ltr\" class=\"bbc-bm53ic e1cc2ql70\">&#8220;Soy una persona cat\u00f3lica, me considero muy, muy creyente. Pero <b>Dios no me quiere ver sufrir a <\/b><b>m\u00ed&#8221;. <\/b><\/p>\n<\/div>\n<div dir=\"ltr\" class=\"bbc-19j92fr e57qer20\" readability=\"9\">\n<p dir=\"ltr\" class=\"bbc-bm53ic e1cc2ql70\">&#8220;Con una esclerosis lateral en el estado que la tengo, lo mejor que me puede pasar es que me vaya a descansar&#8221;.<\/p>\n<\/div>\n<div dir=\"ltr\" class=\"bbc-19j92fr e57qer20\" readability=\"10\">\n<p dir=\"ltr\" class=\"bbc-bm53ic e1cc2ql70\">Este es el testimonio de su hijo, Federico Redondo Sep\u00falveda, contado a BBC Mundo en primera persona.<\/p>\n<\/div>\n<div dir=\"ltr\" class=\"bbc-1ka88fa e57qer20\">\n<figure class=\"bbc-1qdcvv9 e6bmn90\">\n<div dir=\"ltr\" class=\"bbc-172p16q e57qer20\">\n<div dir=\"ltr\" class=\"bbc-189y18v e57qer20\">\n<div data-e2e=\"image-placeholder\" class=\"bbc-997y1y e1whu0\"><noscript><img loading=\"lazy\" srcset=\"http:\/\/cordobadirecto.com\/wp-content\/uploads\/2021\/10\/eutanasia-mi-mama-va-a-morir-el-domingo-a-las-7-de-la-manana-y-esta-feliz-el-testimonio-de-un-hijo-que-ayuda-a-su-madre-a-tener-una-muerte-digna-en-colombia-11.jpg 240w, http:\/\/cordobadirecto.com\/wp-content\/uploads\/2021\/10\/eutanasia-mi-mama-va-a-morir-el-domingo-a-las-7-de-la-manana-y-esta-feliz-el-testimonio-de-un-hijo-que-ayuda-a-su-madre-a-tener-una-muerte-digna-en-colombia-12.jpg 320w, http:\/\/cordobadirecto.com\/wp-content\/uploads\/2021\/10\/eutanasia-mi-mama-va-a-morir-el-domingo-a-las-7-de-la-manana-y-esta-feliz-el-testimonio-de-un-hijo-que-ayuda-a-su-madre-a-tener-una-muerte-digna-en-colombia-13.jpg 480w, http:\/\/cordobadirecto.com\/wp-content\/uploads\/2021\/10\/eutanasia-mi-mama-va-a-morir-el-domingo-a-las-7-de-la-manana-y-esta-feliz-el-testimonio-de-un-hijo-que-ayuda-a-su-madre-a-tener-una-muerte-digna-en-colombia-14.jpg 624w\" alt=\"raya\" src=\"http:\/\/cordobadirecto.com\/wp-content\/uploads\/2021\/10\/eutanasia-mi-mama-va-a-morir-el-domingo-a-las-7-de-la-manana-y-esta-feliz-el-testimonio-de-un-hijo-que-ayuda-a-su-madre-a-tener-una-muerte-digna-en-colombia-1.jpg\" sizes=\"(min-width: 1008px) 645px, 100vw\" width=\"624\" height=\"2\" class=\"eehpdyc0 bbc-100dhyn e1enwo3v0\"><\/noscript><\/div>\n<\/div>\n<\/div>\n<\/figure>\n<\/div>\n<div dir=\"ltr\" class=\"bbc-19j92fr e57qer20\" readability=\"7\">\n<p dir=\"ltr\" class=\"bbc-bm53ic e1cc2ql70\">A mi mam\u00e1 le diagnosticaron la esclerosis lateral amiotr\u00f3fica a fines de 2018.<\/p>\n<\/div>\n<div dir=\"ltr\" class=\"bbc-19j92fr e57qer20\" readability=\"12\">\n<p dir=\"ltr\" class=\"bbc-bm53ic e1cc2ql70\">Ella lo tom\u00f3 de una manera bastante particular. Su reacci\u00f3n fue re\u00edrse. Dijo &#8220;vea, tengo esta enfermedad y me muero en tres a\u00f1os&#8221;. Pero lo dijo de manera muy jocosa, muy divertida, haciendo bromas.<\/p>\n<\/div>\n<div dir=\"ltr\" class=\"bbc-19j92fr e57qer20\" readability=\"11\">\n<p dir=\"ltr\" class=\"bbc-bm53ic e1cc2ql70\">Mi mam\u00e1 siempre ha sido una persona muy abierta a la muerte. Ella siempre ha dicho &#8220;yo no tengo miedo a partir, sino a la forma en la que voy a partir&#8221;, que es precisamente por lo que busc\u00f3 que le reconocieran <b>el derecho a una muerte digna<\/b>.<\/p>\n<\/div>\n<div dir=\"ltr\" class=\"bbc-1ka88fa e57qer20\">\n<figure class=\"bbc-1qdcvv9 e6bmn90\">\n<div dir=\"ltr\" class=\"bbc-172p16q e57qer20\">\n<div dir=\"ltr\" class=\"bbc-189y18v e57qer20\" readability=\"6.5\">\n<div data-e2e=\"image-placeholder\" class=\"bbc-997y1y e1whu0\" readability=\"8\"><noscript><img loading=\"lazy\" srcset=\"http:\/\/cordobadirecto.com\/wp-content\/uploads\/2021\/10\/eutanasia-mi-mama-va-a-morir-el-domingo-a-las-7-de-la-manana-y-esta-feliz-el-testimonio-de-un-hijo-que-ayuda-a-su-madre-a-tener-una-muerte-digna-en-colombia-15.jpg 240w, http:\/\/cordobadirecto.com\/wp-content\/uploads\/2021\/10\/eutanasia-mi-mama-va-a-morir-el-domingo-a-las-7-de-la-manana-y-esta-feliz-el-testimonio-de-un-hijo-que-ayuda-a-su-madre-a-tener-una-muerte-digna-en-colombia-16.jpg 320w, http:\/\/cordobadirecto.com\/wp-content\/uploads\/2021\/10\/eutanasia-mi-mama-va-a-morir-el-domingo-a-las-7-de-la-manana-y-esta-feliz-el-testimonio-de-un-hijo-que-ayuda-a-su-madre-a-tener-una-muerte-digna-en-colombia-17.jpg 480w, http:\/\/cordobadirecto.com\/wp-content\/uploads\/2021\/10\/eutanasia-mi-mama-va-a-morir-el-domingo-a-las-7-de-la-manana-y-esta-feliz-el-testimonio-de-un-hijo-que-ayuda-a-su-madre-a-tener-una-muerte-digna-en-colombia-18.jpg 624w, http:\/\/cordobadirecto.com\/wp-content\/uploads\/2021\/10\/eutanasia-mi-mama-va-a-morir-el-domingo-a-las-7-de-la-manana-y-esta-feliz-el-testimonio-de-un-hijo-que-ayuda-a-su-madre-a-tener-una-muerte-digna-en-colombia-19.jpg 800w\" alt=\"Martha Sep\u00falveda\" src=\"http:\/\/cordobadirecto.com\/wp-content\/uploads\/2021\/10\/eutanasia-mi-mama-va-a-morir-el-domingo-a-las-7-de-la-manana-y-esta-feliz-el-testimonio-de-un-hijo-que-ayuda-a-su-madre-a-tener-una-muerte-digna-en-colombia-2.jpg\" sizes=\"(min-width: 1008px) 645px, 100vw\" width=\"976\" height=\"549\" class=\"eehpdyc0 bbc-100dhyn e1enwo3v0\"><\/noscript><\/p>\n<p role=\"text\" class=\"bbc-1s1cxbv etq3yw90\"><span class=\"bbc-1gnhmg2 e1yt7oin0\">Fuente de la imagen, <\/span><span lang=\"en-GB\"> Martha Sep\u00falveda<\/span><\/p>\n<\/div>\n<\/div>\n<\/div>\n<\/figure>\n<\/div>\n<div dir=\"ltr\" class=\"bbc-19j92fr e57qer20\" readability=\"9\">\n<p dir=\"ltr\" class=\"bbc-bm53ic e1cc2ql70\">Ella no conceb\u00eda la vida postrada en una cama. El final de la esclerosis lateral amiotr\u00f3fica es sin poder hablar, sin poder tragar&#8230; es algo sumamente doloroso e indigno para ella.<\/p>\n<\/div>\n<div dir=\"ltr\" class=\"bbc-19j92fr e57qer20\" readability=\"10\">\n<p dir=\"ltr\" class=\"bbc-bm53ic e1cc2ql70\">Se tom\u00f3 muy ol\u00edmpicamente el diagn\u00f3stico. Posteriormente ya empez\u00f3 a perder fuerza en las piernas, a requerir apoyo para caminar en distancias m\u00e1s o menos largas. <b>Ya luego requer\u00eda apoyo para todo tipo de caminatas<\/b> incluso dentro de la casa. <\/p>\n<\/div>\n<div dir=\"ltr\" class=\"bbc-19j92fr e57qer20\" readability=\"12\">\n<p dir=\"ltr\" class=\"bbc-bm53ic e1cc2ql70\">Y a principios de este a\u00f1o empez\u00f3 a requerir apoyo para ir al ba\u00f1o. Despu\u00e9s, hab\u00eda que ba\u00f1arla, hab\u00eda que vestirla. En ocasiones se le dificultaba comer o cepillarse, porque las manos estaban perdiendo demasiada fuerza.<\/p>\n<\/div>\n<div dir=\"ltr\" class=\"bbc-19j92fr e57qer20\" readability=\"8\">\n<p dir=\"ltr\" class=\"bbc-bm53ic e1cc2ql70\">Lo peor para ella es ver c\u00f3mo se deterioraba a tal punto que no puede ser independiente para lo m\u00e1s b\u00e1sico de las actividades cotidianas.<\/p>\n<\/div>\n<div dir=\"ltr\" class=\"bbc-19j92fr e57qer20\" readability=\"8\">\n<p dir=\"ltr\" class=\"bbc-bm53ic e1cc2ql70\">Un d\u00eda ella me dijo: &#8220;Ser\u00eda tan bueno que yo pudiera solicitar la eutanasia&#8221;. Y pues <b>yo no lo tom\u00e9 como muy en serio<\/b>. <\/p>\n<\/div>\n<div dir=\"ltr\" class=\"bbc-19j92fr e57qer20\" readability=\"14\">\n<p dir=\"ltr\" class=\"bbc-bm53ic e1cc2ql70\">Pero cuando me dijo que quer\u00eda hacerlo, yo estuve en negaci\u00f3n por unos d\u00edas. Yo dec\u00eda, &#8220;no, mi mam\u00e1 no, todav\u00eda no&#8221;. Le dec\u00eda, <b>&#8220;mami, por favor no&#8221;<\/b>.<\/p>\n<\/div>\n<div dir=\"ltr\" class=\"bbc-19j92fr e57qer20\">\n<figure class=\"bbc-1qdcvv9 e6bmn90\">\n<div dir=\"ltr\" class=\"bbc-37mmq3 e57qer20\">\n<div dir=\"ltr\" class=\"bbc-189y18v e57qer20\" readability=\"6.5\">\n<div data-e2e=\"image-placeholder\" class=\"bbc-997y1y e1whu0\" readability=\"8\"><noscript><img loading=\"lazy\" srcset=\"http:\/\/cordobadirecto.com\/wp-content\/uploads\/2021\/10\/eutanasia-mi-mama-va-a-morir-el-domingo-a-las-7-de-la-manana-y-esta-feliz-el-testimonio-de-un-hijo-que-ayuda-a-su-madre-a-tener-una-muerte-digna-en-colombia-20.jpg 240w, http:\/\/cordobadirecto.com\/wp-content\/uploads\/2021\/10\/eutanasia-mi-mama-va-a-morir-el-domingo-a-las-7-de-la-manana-y-esta-feliz-el-testimonio-de-un-hijo-que-ayuda-a-su-madre-a-tener-una-muerte-digna-en-colombia-21.jpg 320w, http:\/\/cordobadirecto.com\/wp-content\/uploads\/2021\/10\/eutanasia-mi-mama-va-a-morir-el-domingo-a-las-7-de-la-manana-y-esta-feliz-el-testimonio-de-un-hijo-que-ayuda-a-su-madre-a-tener-una-muerte-digna-en-colombia-22.jpg 480w, http:\/\/cordobadirecto.com\/wp-content\/uploads\/2021\/10\/eutanasia-mi-mama-va-a-morir-el-domingo-a-las-7-de-la-manana-y-esta-feliz-el-testimonio-de-un-hijo-que-ayuda-a-su-madre-a-tener-una-muerte-digna-en-colombia-23.jpg 549w\" alt=\"Martha Sep\u00falveda\" src=\"http:\/\/cordobadirecto.com\/wp-content\/uploads\/2021\/10\/eutanasia-mi-mama-va-a-morir-el-domingo-a-las-7-de-la-manana-y-esta-feliz-el-testimonio-de-un-hijo-que-ayuda-a-su-madre-a-tener-una-muerte-digna-en-colombia-3.jpg\" sizes=\"(min-width: 1008px) 645px, 100vw\" width=\"549\" height=\"549\" class=\"eehpdyc0 bbc-100dhyn e1enwo3v0\"><\/noscript><\/p>\n<p role=\"text\" class=\"bbc-1s1cxbv etq3yw90\"><span class=\"bbc-1gnhmg2 e1yt7oin0\">Fuente de la imagen, <\/span><span lang=\"en-GB\">Martha Sep\u00falveda<\/span><\/p>\n<\/div>\n<\/div>\n<div dir=\"ltr\" class=\"bbc-3edg7g e57qer20\" readability=\"6\"><figcaption dir=\"ltr\" class=\"bbc-1t9zlwf eede9f50\" readability=\"2\"><span class=\"bbc-1gnhmg2 e1yt7oin0\">Pie de foto, <\/span><\/p>\n<p>Martha y su hijo Federico.<\/p>\n<\/figcaption><\/div>\n<\/div>\n<\/figure>\n<\/div>\n<div dir=\"ltr\" class=\"bbc-19j92fr e57qer20\" readability=\"10\">\n<p dir=\"ltr\" class=\"bbc-bm53ic e1cc2ql70\">Yo me considero una persona muy liberal, pensaba que el derecho a la eutanasia es un derecho que hay que proteger, pero nunca lo vi como algo cercano.<\/p>\n<\/div>\n<div dir=\"ltr\" class=\"bbc-19j92fr e57qer20\" readability=\"13\">\n<p dir=\"ltr\" class=\"bbc-bm53ic e1cc2ql70\">Pero ya luego, concientiz\u00e1ndome un poco de la condici\u00f3n precaria en la que ella estaba, y de su desespero, y de la indignidad en la que estaba, yo dije: &#8220;<b>Creo que demuestro m\u00e1s mi amor si la apoyo en esta decisi\u00f3n que ella tom\u00f3<\/b>&#8220;.<\/p>\n<\/div>\n<div dir=\"ltr\" class=\"bbc-19j92fr e57qer20\" readability=\"9\">\n<p dir=\"ltr\" class=\"bbc-bm53ic e1cc2ql70\">Yo s\u00ed necesito a mi mam\u00e1 y quiero que est\u00e9 conmigo en cualquier condici\u00f3n. Pero en ese caso solo estar\u00eda pensando en m\u00ed, en mis necesidades.<\/p>\n<\/div>\n<div dir=\"ltr\" class=\"bbc-19j92fr e57qer20\" readability=\"9\">\n<p dir=\"ltr\" class=\"bbc-bm53ic e1cc2ql70\">Llevamos 22 a\u00f1os juntos. Mi vida giraba alrededor de ella y la de ella alrededor m\u00edo. Luego de su partida, <b>yo tendr\u00e9 que inventarme otra vida<\/b>. Por eso fue tan dif\u00edcil al principio. <\/p>\n<\/div>\n<div dir=\"ltr\" class=\"bbc-19j92fr e57qer20\" readability=\"12\">\n<p dir=\"ltr\" class=\"bbc-bm53ic e1cc2ql70\">Cuando yo la cuidaba ten\u00eda sentimientos encontrados. Por un lado me gustaba, porque sent\u00eda que le estaba regresando a mi mam\u00e1, de alguna forma, todo el apoyo y todo lo que ha hecho por m\u00ed a lo largo de la vida. <\/p>\n<\/div>\n<div dir=\"ltr\" class=\"bbc-19j92fr e57qer20\" readability=\"10\">\n<p dir=\"ltr\" class=\"bbc-bm53ic e1cc2ql70\">Pero tambi\u00e9n pensaba en lo que ella me dec\u00eda. Me dec\u00eda: &#8220;Hijo, esto no es vida, esto no es digno&#8221;. <\/p>\n<\/div>\n<div dir=\"ltr\" class=\"bbc-1ka88fa e57qer20\">\n<figure class=\"bbc-1qdcvv9 e6bmn90\">\n<div dir=\"ltr\" class=\"bbc-172p16q e57qer20\">\n<div dir=\"ltr\" class=\"bbc-189y18v e57qer20\" readability=\"6.5\">\n<div data-e2e=\"image-placeholder\" class=\"bbc-997y1y e1whu0\" readability=\"8\"><noscript><img loading=\"lazy\" srcset=\"http:\/\/cordobadirecto.com\/wp-content\/uploads\/2021\/10\/eutanasia-mi-mama-va-a-morir-el-domingo-a-las-7-de-la-manana-y-esta-feliz-el-testimonio-de-un-hijo-que-ayuda-a-su-madre-a-tener-una-muerte-digna-en-colombia-24.jpg 240w, http:\/\/cordobadirecto.com\/wp-content\/uploads\/2021\/10\/eutanasia-mi-mama-va-a-morir-el-domingo-a-las-7-de-la-manana-y-esta-feliz-el-testimonio-de-un-hijo-que-ayuda-a-su-madre-a-tener-una-muerte-digna-en-colombia-25.jpg 320w, http:\/\/cordobadirecto.com\/wp-content\/uploads\/2021\/10\/eutanasia-mi-mama-va-a-morir-el-domingo-a-las-7-de-la-manana-y-esta-feliz-el-testimonio-de-un-hijo-que-ayuda-a-su-madre-a-tener-una-muerte-digna-en-colombia-26.jpg 480w, http:\/\/cordobadirecto.com\/wp-content\/uploads\/2021\/10\/eutanasia-mi-mama-va-a-morir-el-domingo-a-las-7-de-la-manana-y-esta-feliz-el-testimonio-de-un-hijo-que-ayuda-a-su-madre-a-tener-una-muerte-digna-en-colombia-27.jpg 624w, http:\/\/cordobadirecto.com\/wp-content\/uploads\/2021\/10\/eutanasia-mi-mama-va-a-morir-el-domingo-a-las-7-de-la-manana-y-esta-feliz-el-testimonio-de-un-hijo-que-ayuda-a-su-madre-a-tener-una-muerte-digna-en-colombia-28.jpg 800w\" alt=\"Martha Sep\u00falveda\" src=\"http:\/\/cordobadirecto.com\/wp-content\/uploads\/2021\/10\/eutanasia-mi-mama-va-a-morir-el-domingo-a-las-7-de-la-manana-y-esta-feliz-el-testimonio-de-un-hijo-que-ayuda-a-su-madre-a-tener-una-muerte-digna-en-colombia-4.jpg\" sizes=\"(min-width: 1008px) 645px, 100vw\" width=\"976\" height=\"549\" class=\"eehpdyc0 bbc-100dhyn e1enwo3v0\"><\/noscript><\/p>\n<p role=\"text\" class=\"bbc-1s1cxbv etq3yw90\"><span class=\"bbc-1gnhmg2 e1yt7oin0\">Fuente de la imagen, <\/span><span lang=\"en-GB\">Martha Sep\u00falveda<\/span><\/p>\n<\/div>\n<\/div>\n<\/div>\n<\/figure>\n<\/div>\n<div dir=\"ltr\" class=\"bbc-19j92fr e57qer20\" readability=\"9\">\n<p dir=\"ltr\" class=\"bbc-bm53ic e1cc2ql70\">Claramente yo estoy triste. Claramente estoy ansioso, claramente estoy&#8230; de alguna forma desesperado. Ser\u00eda muy raro que no lo estuviera.<\/p>\n<\/div>\n<div dir=\"ltr\" class=\"bbc-19j92fr e57qer20\" readability=\"8\">\n<p dir=\"ltr\" class=\"bbc-bm53ic e1cc2ql70\">Pero tambi\u00e9n de alguna manera me reconforta el hecho de que mi mam\u00e1 haya podido terminar su vida de la forma que ella quer\u00eda. <\/p>\n<\/div>\n<div dir=\"ltr\" class=\"bbc-19j92fr e57qer20\" readability=\"7\">\n<p dir=\"ltr\" class=\"bbc-bm53ic e1cc2ql70\"><b>El d\u00eda y la hora que ella quer\u00eda.<\/b><\/p>\n<\/div>\n<div dir=\"ltr\" class=\"bbc-19j92fr e57qer20\" readability=\"9\">\n<p dir=\"ltr\" class=\"bbc-bm53ic e1cc2ql70\">Desde muy joven dijo que nunca quer\u00eda estar postrada en una cama, absolutamente dependiente en todo momento. <\/p>\n<\/div>\n<div dir=\"ltr\" class=\"bbc-19j92fr e57qer20\" readability=\"9\">\n<p dir=\"ltr\" class=\"bbc-bm53ic e1cc2ql70\">Nosotros coincidimos en que <b>vivir es decidir <\/b>y desde que la esclerosis empez\u00f3 a condicionar f\u00edsicamente a mi mam\u00e1, ella ya no puede decidir por s\u00ed misma. <\/p>\n<\/div>\n<div dir=\"ltr\" class=\"bbc-19j92fr e57qer20\" readability=\"7\">\n<p dir=\"ltr\" class=\"bbc-bm53ic e1cc2ql70\">Muchas personas se sorprenden porque la ven muy tranquila y muy feliz. <\/p>\n<\/div>\n<div dir=\"ltr\" class=\"bbc-19j92fr e57qer20\">\n<figure class=\"bbc-1qdcvv9 e6bmn90\">\n<div dir=\"ltr\" class=\"bbc-37mmq3 e57qer20\">\n<div dir=\"ltr\" class=\"bbc-189y18v e57qer20\" readability=\"6.5\">\n<div data-e2e=\"image-placeholder\" class=\"bbc-997y1y e1whu0\" readability=\"8\"><noscript><img loading=\"lazy\" srcset=\"http:\/\/cordobadirecto.com\/wp-content\/uploads\/2021\/10\/eutanasia-mi-mama-va-a-morir-el-domingo-a-las-7-de-la-manana-y-esta-feliz-el-testimonio-de-un-hijo-que-ayuda-a-su-madre-a-tener-una-muerte-digna-en-colombia-29.jpg 240w, http:\/\/cordobadirecto.com\/wp-content\/uploads\/2021\/10\/eutanasia-mi-mama-va-a-morir-el-domingo-a-las-7-de-la-manana-y-esta-feliz-el-testimonio-de-un-hijo-que-ayuda-a-su-madre-a-tener-una-muerte-digna-en-colombia-30.jpg 320w, http:\/\/cordobadirecto.com\/wp-content\/uploads\/2021\/10\/eutanasia-mi-mama-va-a-morir-el-domingo-a-las-7-de-la-manana-y-esta-feliz-el-testimonio-de-un-hijo-que-ayuda-a-su-madre-a-tener-una-muerte-digna-en-colombia-31.jpg 480w, http:\/\/cordobadirecto.com\/wp-content\/uploads\/2021\/10\/eutanasia-mi-mama-va-a-morir-el-domingo-a-las-7-de-la-manana-y-esta-feliz-el-testimonio-de-un-hijo-que-ayuda-a-su-madre-a-tener-una-muerte-digna-en-colombia-32.jpg 549w\" alt=\"Martha Sep\u00falveda\" src=\"http:\/\/cordobadirecto.com\/wp-content\/uploads\/2021\/10\/eutanasia-mi-mama-va-a-morir-el-domingo-a-las-7-de-la-manana-y-esta-feliz-el-testimonio-de-un-hijo-que-ayuda-a-su-madre-a-tener-una-muerte-digna-en-colombia-5.jpg\" sizes=\"(min-width: 1008px) 645px, 100vw\" width=\"549\" height=\"549\" class=\"eehpdyc0 bbc-100dhyn e1enwo3v0\"><\/noscript><\/p>\n<p role=\"text\" class=\"bbc-1s1cxbv etq3yw90\"><span class=\"bbc-1gnhmg2 e1yt7oin0\">Fuente de la imagen, <\/span><span lang=\"en-GB\"> Martha Sep\u00falveda<\/span><\/p>\n<\/div>\n<\/div>\n<\/div>\n<\/figure>\n<\/div>\n<div dir=\"ltr\" class=\"bbc-19j92fr e57qer20\" readability=\"11\">\n<p dir=\"ltr\" class=\"bbc-bm53ic e1cc2ql70\">Mi mam\u00e1 est\u00e1 tranquila y feliz desde que le dijeron que pod\u00eda morir, porque su vida era literalmente un infierno. Ella antes no era as\u00ed. Antes estaba desesperada, triste y con pocas esperanzas de cara al futuro.<\/p>\n<\/div>\n<div dir=\"ltr\" class=\"bbc-19j92fr e57qer20\" readability=\"9\">\n<p dir=\"ltr\" class=\"bbc-bm53ic e1cc2ql70\">Pero ahora, <b>mi mam\u00e1 va a morir el domingo a las 7 de la ma\u00f1ana. Y est\u00e1 feliz<\/b>. Est\u00e1 feliz desde que sabe que le van a aplicar el procedimiento eutan\u00e1sico. <\/p>\n<\/div>\n<div dir=\"ltr\" class=\"bbc-19j92fr e57qer20\" readability=\"10\">\n<p dir=\"ltr\" class=\"bbc-bm53ic e1cc2ql70\">El domingo se va a hacer una cremaci\u00f3n, se va a celebrar una eucarist\u00eda y&#8230; y ya, porque b\u00e1sicamente eso es lo que quiere. <\/p>\n<\/div>\n<div dir=\"ltr\" class=\"bbc-19j92fr e57qer20\" readability=\"9\">\n<p dir=\"ltr\" class=\"bbc-bm53ic e1cc2ql70\">La voy a extra\u00f1ar mucho. Yo creo que no hay nada que no vaya a extra\u00f1ar, porque nada volver\u00e1 a ser lo mismo. Nada. <\/p>\n<\/div>\n<div dir=\"ltr\" class=\"bbc-19j92fr e57qer20\" readability=\"8\">\n<p dir=\"ltr\" class=\"bbc-bm53ic e1cc2ql70\">Desde su sonrisa y su berraquera y su buena actitud ante lo bueno y lo malo de la vida&#8230; hasta sus rega\u00f1os. <\/p>\n<\/div>\n<div dir=\"ltr\" class=\"bbc-19j92fr e57qer20\">\n<p dir=\"ltr\" class=\"bbc-bm53ic e1cc2ql70\">Todo me har\u00e1 falta. <\/p>\n<\/div>\n<div dir=\"ltr\" class=\"bbc-1ka88fa e57qer20\">\n<figure class=\"bbc-1qdcvv9 e6bmn90\">\n<div dir=\"ltr\" class=\"bbc-172p16q e57qer20\">\n<div dir=\"ltr\" class=\"bbc-189y18v e57qer20\">\n<div data-e2e=\"image-placeholder\" class=\"bbc-997y1y e1whu0\"><noscript><img loading=\"lazy\" srcset=\"http:\/\/cordobadirecto.com\/wp-content\/uploads\/2021\/10\/eutanasia-mi-mama-va-a-morir-el-domingo-a-las-7-de-la-manana-y-esta-feliz-el-testimonio-de-un-hijo-que-ayuda-a-su-madre-a-tener-una-muerte-digna-en-colombia-11.jpg 240w, http:\/\/cordobadirecto.com\/wp-content\/uploads\/2021\/10\/eutanasia-mi-mama-va-a-morir-el-domingo-a-las-7-de-la-manana-y-esta-feliz-el-testimonio-de-un-hijo-que-ayuda-a-su-madre-a-tener-una-muerte-digna-en-colombia-12.jpg 320w, http:\/\/cordobadirecto.com\/wp-content\/uploads\/2021\/10\/eutanasia-mi-mama-va-a-morir-el-domingo-a-las-7-de-la-manana-y-esta-feliz-el-testimonio-de-un-hijo-que-ayuda-a-su-madre-a-tener-una-muerte-digna-en-colombia-13.jpg 480w, http:\/\/cordobadirecto.com\/wp-content\/uploads\/2021\/10\/eutanasia-mi-mama-va-a-morir-el-domingo-a-las-7-de-la-manana-y-esta-feliz-el-testimonio-de-un-hijo-que-ayuda-a-su-madre-a-tener-una-muerte-digna-en-colombia-14.jpg 624w\" alt=\"raya\" src=\"http:\/\/cordobadirecto.com\/wp-content\/uploads\/2021\/10\/eutanasia-mi-mama-va-a-morir-el-domingo-a-las-7-de-la-manana-y-esta-feliz-el-testimonio-de-un-hijo-que-ayuda-a-su-madre-a-tener-una-muerte-digna-en-colombia-1.jpg\" sizes=\"(min-width: 1008px) 645px, 100vw\" width=\"624\" height=\"2\" class=\"eehpdyc0 bbc-100dhyn e1enwo3v0\"><\/noscript><\/div>\n<\/div>\n<\/div>\n<\/figure>\n<\/div>\n<div dir=\"ltr\" class=\"bbc-19j92fr e57qer20\" readability=\"8\">\n<p dir=\"ltr\" class=\"bbc-bm53ic e1cc2ql70\"><i class=\"bbc-h1y5j7 ewc4zcb0\">Recuerda que puedes recibir notificaciones de BBC News Mundo. Descarga nuestra app y act\u00edvalas para no perderte nuestro mejor contenido.<\/i><\/p>\n<\/div>\n","protected":false},"excerpt":{"rendered":"<p>Cecilia Barr\u00eda BBC News Mundo 8 octubre 2021 Fuente de la imagen, Martha Sep\u00falveda Pie de foto, Martha Sep\u00falveda celebr\u00f3 en enero sus 51 a\u00f1os de vida. Martha Sep\u00falveda est\u00e1 feliz porque pondr\u00e1 fin a su vida el domingo 10 de octubre a las 7 de la ma\u00f1ana. Se r\u00ede frente a las c\u00e1maras comiendo [&hellip;]<\/p>\n","protected":false},"author":1,"featured_media":22264,"comment_status":"closed","ping_status":"closed","sticky":false,"template":"","format":"standard","meta":[],"categories":[24],"tags":[],"_links":{"self":[{"href":"http:\/\/cordobadirecto.com\/index.php\/wp-json\/wp\/v2\/posts\/22263"}],"collection":[{"href":"http:\/\/cordobadirecto.com\/index.php\/wp-json\/wp\/v2\/posts"}],"about":[{"href":"http:\/\/cordobadirecto.com\/index.php\/wp-json\/wp\/v2\/types\/post"}],"author":[{"embeddable":true,"href":"http:\/\/cordobadirecto.com\/index.php\/wp-json\/wp\/v2\/users\/1"}],"replies":[{"embeddable":true,"href":"http:\/\/cordobadirecto.com\/index.php\/wp-json\/wp\/v2\/comments?post=22263"}],"version-history":[{"count":0,"href":"http:\/\/cordobadirecto.com\/index.php\/wp-json\/wp\/v2\/posts\/22263\/revisions"}],"wp:featuredmedia":[{"embeddable":true,"href":"http:\/\/cordobadirecto.com\/index.php\/wp-json\/wp\/v2\/media\/22264"}],"wp:attachment":[{"href":"http:\/\/cordobadirecto.com\/index.php\/wp-json\/wp\/v2\/media?parent=22263"}],"wp:term":[{"taxonomy":"category","embeddable":true,"href":"http:\/\/cordobadirecto.com\/index.php\/wp-json\/wp\/v2\/categories?post=22263"},{"taxonomy":"post_tag","embeddable":true,"href":"http:\/\/cordobadirecto.com\/index.php\/wp-json\/wp\/v2\/tags?post=22263"}],"curies":[{"name":"wp","href":"https:\/\/api.w.org\/{rel}","templated":true}]}}