{"id":22318,"date":"2021-10-09T03:30:05","date_gmt":"2021-10-09T03:30:05","guid":{"rendered":"http:\/\/cordobadirecto.com\/index.php\/2021\/10\/09\/la-conmebol-sanciono-a-jugadores-de-boca-por-los-incidentes-en-brasil\/"},"modified":"2021-10-09T03:30:05","modified_gmt":"2021-10-09T03:30:05","slug":"la-conmebol-sanciono-a-jugadores-de-boca-por-los-incidentes-en-brasil","status":"publish","type":"post","link":"http:\/\/cordobadirecto.com\/index.php\/2021\/10\/09\/la-conmebol-sanciono-a-jugadores-de-boca-por-los-incidentes-en-brasil\/","title":{"rendered":"La Conmebol sancion\u00f3 a jugadores de Boca por los incidentes en Brasil"},"content":{"rendered":"<div class=\"image\" id=\"image\" readability=\"7\"> <img src=\"http:\/\/cordobadirecto.com\/wp-content\/uploads\/2021\/10\/la-conmebol-sanciono-a-jugadores-de-boca-por-los-incidentes-en-brasil.jpg\" alt=\"Los hechos que se castigan se produjeron el mi\u00e9rcoles 20 de julio en el estadio Mineirao.\" title=\"Los hechos que se castigan se produjeron el mi\u00e9rcoles 20 de julio en el estadio Mineirao.\"><\/p>\n<p>Los hechos que se castigan se produjeron el mi\u00e9rcoles 20 de julio en el estadio Mineirao.<\/p>\n<\/div>\n<p>La Confederaci\u00f3n Sudamericana de f\u00fatbol (Conmebol) emiti\u00f3 el fallo en el que castiga severamente a jugadores de Boca Juniors, a los que individualiz\u00f3 como protagonistas de los incidentes que se registraron en Belo Horizonte, en la eliminaci\u00f3n en octavos de final de Copa Libertadores ante Atl\u00e9tico Mineiro.<\/p>\n<p>Las sanciones m\u00e1s duras a futbolistas recayeron en los delanteros Cristian Pav\u00f3n y Sebasti\u00e1n Villa, a quienes les aplic\u00f3 seis fechas de suspensi\u00f3n, m\u00e1s sendas multas de 30 mil d\u00f3lares a cada uno.<\/p>\n<p>Adem\u00e1s, Ra\u00fal Cascini y Marcelo Delgado, ambos integrantes del Consejo de f\u00fatbol de la entidad xeneize, fueron suspendidos \u201cpor 24 meses\u201d para asistir a cualquier evento o competici\u00f3n \u201corganizada por Conmebol, a partir de la notificaci\u00f3n de la presente decisi\u00f3n\u201d.<\/p>\n<p>Los hechos que se castigan se produjeron el mi\u00e9rcoles 20 de julio en el estadio Mineirao, cuando el equipo en ese entonces dirigido por el t\u00e9cnico Miguel Angel Russo perdi\u00f3 por penales con Atl\u00e9tico Mineiro (1-3), luego de haber igualado sin goles en el cotejo desquite de una de las llaves de octavos de la m\u00e1xima competencia continental.<\/p>\n<p>Una vez terminado el partido, y a partir de algunas decisiones cuestionables del equipo arbitral (el VAR anul\u00f3 un gol de Marcelo Weigandt por una fin\u00edsima posici\u00f3n adelantada), los integrantes del plantel visitante se trenzaron en discusiones que terminaron en empujones hacia allegados del equipo brasile\u00f1o, lo que deriv\u00f3 en que la Polic\u00eda local intentase disuadir las acciones, por medio de la fuerza.<\/p>\n<p>El zaguero Marcos Rojo, por su lado, recibi\u00f3 un castigo de cinco partidos, mientras que su compa\u00f1ero de defensa, Carlos Izquierdoz, fue sancionado con cuatro cotejos.<\/p>\n<p>El mediocampista Diego &#8220;Pulpo&#8221; Gonz\u00e1lez fue suspendido por tres encuentros, mientras que el arquero suplente, Javier Garc\u00eda, deber\u00e1 purgar una inhabilitaci\u00f3n de dos fechas.<\/p>\n<p>En cambio, el defensor peruano Carlos Zambrano y el delantero que representa al seleccionado de Armenia, Norberto Briasco, recibieron sendas \u201cadvertencias\u201d del Comit\u00e9 Disciplinario del ente organizador del f\u00fatbol en Sudam\u00e9rica.<\/p>\n<p>En tanto, Leandro Somoza (ayudante de campo) y Fernando Gayoso (entrenador de arqueros), en ese entonces integrantes del CT de Miguel Russo, fueron suspendidos por seis y tres partidos, respectivamente. <\/p>\n","protected":false},"excerpt":{"rendered":"<p>Los hechos que se castigan se produjeron el mi\u00e9rcoles 20 de julio en el estadio Mineirao. La Confederaci\u00f3n Sudamericana de f\u00fatbol (Conmebol) emiti\u00f3 el fallo en el que castiga severamente a jugadores de Boca Juniors, a los que individualiz\u00f3 como protagonistas de los incidentes que se registraron en Belo Horizonte, en la eliminaci\u00f3n en octavos [&hellip;]<\/p>\n","protected":false},"author":1,"featured_media":22319,"comment_status":"closed","ping_status":"closed","sticky":false,"template":"","format":"standard","meta":[],"categories":[21],"tags":[],"_links":{"self":[{"href":"http:\/\/cordobadirecto.com\/index.php\/wp-json\/wp\/v2\/posts\/22318"}],"collection":[{"href":"http:\/\/cordobadirecto.com\/index.php\/wp-json\/wp\/v2\/posts"}],"about":[{"href":"http:\/\/cordobadirecto.com\/index.php\/wp-json\/wp\/v2\/types\/post"}],"author":[{"embeddable":true,"href":"http:\/\/cordobadirecto.com\/index.php\/wp-json\/wp\/v2\/users\/1"}],"replies":[{"embeddable":true,"href":"http:\/\/cordobadirecto.com\/index.php\/wp-json\/wp\/v2\/comments?post=22318"}],"version-history":[{"count":0,"href":"http:\/\/cordobadirecto.com\/index.php\/wp-json\/wp\/v2\/posts\/22318\/revisions"}],"wp:featuredmedia":[{"embeddable":true,"href":"http:\/\/cordobadirecto.com\/index.php\/wp-json\/wp\/v2\/media\/22319"}],"wp:attachment":[{"href":"http:\/\/cordobadirecto.com\/index.php\/wp-json\/wp\/v2\/media?parent=22318"}],"wp:term":[{"taxonomy":"category","embeddable":true,"href":"http:\/\/cordobadirecto.com\/index.php\/wp-json\/wp\/v2\/categories?post=22318"},{"taxonomy":"post_tag","embeddable":true,"href":"http:\/\/cordobadirecto.com\/index.php\/wp-json\/wp\/v2\/tags?post=22318"}],"curies":[{"name":"wp","href":"https:\/\/api.w.org\/{rel}","templated":true}]}}