{"id":22342,"date":"2021-10-09T03:30:34","date_gmt":"2021-10-09T03:30:34","guid":{"rendered":"http:\/\/cordobadirecto.com\/index.php\/2021\/10\/09\/fernan-miras-permanece-internado-y-en-buen-estado\/"},"modified":"2021-10-09T03:30:34","modified_gmt":"2021-10-09T03:30:34","slug":"fernan-miras-permanece-internado-y-en-buen-estado","status":"publish","type":"post","link":"http:\/\/cordobadirecto.com\/index.php\/2021\/10\/09\/fernan-miras-permanece-internado-y-en-buen-estado\/","title":{"rendered":"Fern\u00e1n Mir\u00e1s permanece internado y en &#8220;buen estado&#8221;"},"content":{"rendered":"<div class=\"image\" id=\"image\" readability=\"7\"> <img src=\"http:\/\/cordobadirecto.com\/wp-content\/uploads\/2021\/10\/fernan-miras-permanece-internado-y-en-buen-estado.jpg\" alt=\"Fern\u00e1n Mir\u00e1s sufri\u00f3 un aneurisma cerebral y fue internado en Los Arcos.\" title=\"Fern\u00e1n Mir\u00e1s sufri\u00f3 un aneurisma cerebral y fue internado en Los Arcos.\"><\/p>\n<p>Fern\u00e1n Mir\u00e1s sufri\u00f3 un aneurisma cerebral y fue internado en Los Arcos.<\/p>\n<\/div>\n<p>El actor Fern\u00e1n Mir\u00e1s sufri\u00f3 un aneurisma cerebral y fue internado en un sanatorio porte\u00f1o donde le colocaron un stent y se recupera con un &#8220;buen estado general&#8221; de salud en terapia intensiva, seg\u00fan confirm\u00f3 a T\u00e9lam su compa\u00f1ero Pablo Echarri.<\/p>\n<p>Al respecto de su estado de salud, su compa\u00f1ero precis\u00f3 que &#8220;el estado general (de su colega) es bueno&#8221; luego de la intervenci\u00f3n, y agreg\u00f3: &#8220;Estas horas son bastante cr\u00edticas, a la espera de que el avance sea satisfactorio y despu\u00e9s, seguramente, pase a sala com\u00fan, porque va a tener que estar monitoreado todo el tiempo. Pero podemos decir que dentro de la gravedad del cuadro, el estado general es bueno&#8221;.<\/p>\n<p>&#8220;En apariencia -agreg\u00f3 el int\u00e9rprete-, no tienen ninguna consecuencia cognitiva. \u00c9l habla bien&#8230; las extremidades, los brazos, las piernas y el \u00e1nimo est\u00e1n intactos. Pero bueno, se tiene que quedar tres semanas en el sanatorio. Ahora est\u00e1 en terapia intensiva&#8221;, se\u00f1al\u00f3 a T\u00e9lam.<\/p>\n<p>Echarri explic\u00f3 que &#8220;Fern\u00e1n tuvo una aneurisma el jueves por la ma\u00f1ana y en menos de una hora ya estaba internado. A la tarde le colocaron un stent para frenar el sangrado, eso sali\u00f3 de forma satisfactoria&#8221;.<\/p>\n<div class=\"js-code\" readability=\"8.1100917431193\">\n<blockquote class=\"twitter-tweet\" readability=\"9.5412844036697\">\n<p lang=\"es\" dir=\"ltr\">Ante el cuadro de salud que atraviesa el actor Fern\u00e1n Mir\u00e1s, informamos que la actual temporada de \u201cART\u201d queda suspendida.<\/p>\n<p>Todas las entradas vendidas hasta el domingo 17 -ya en poder del p\u00fablico- deben ser devueltas por los mismos canales por donde fueron adquiridas.<\/p>\n<p>\u2014 Multiteatro Comafi (@multiteatro) <a href=\"https:\/\/twitter.com\/multiteatro\/status\/1446487719262232577?ref_src=twsrc%5Etfw\">October 8, 2021<\/a><\/p><\/blockquote><\/div>\n<p>&#8220;Ante el cuadro de salud que atraviesa el actor Fern\u00e1n Mir\u00e1s, informamos que la actual temporada de &#8216;ART&#8217; queda suspendida. Todas las entradas vendidas hasta el domingo 17 -ya en poder del p\u00fablico- deben ser devueltas por los mismos canales por donde fueron adquiridas&#8221;, hab\u00eda publicado en su Twitter el Multiteatro Comafi, propiedad de Rotemberg.<\/p>\n<p>Anoche, la misma cuenta de Twitter hab\u00eda informado sobre la suspensi\u00f3n de la funci\u00f3n &#8220;ante un sorpresivo cuadro que afecta la salud del actor Fern\u00e1n Mir\u00e1s, de 52 a\u00f1os, informaci\u00f3n que luego ser\u00eda confirmada esta ma\u00f1ana por el productor Carlos Rottemberg en di\u00e1logo con esta agencia de noticias.<\/p>\n<p>Horas m\u00e1s tarde, se comunic\u00f3 desde la oficina de prensa que encabeza Raquel Flotta que el espect\u00e1culo &#8220;finaliza unos d\u00edas antes de lo previsto&#8221; y que &#8220;todos los involucrados en el espect\u00e1culo, sus productores Nachi Bredeston y Tom\u00e1s Rottemberg, as\u00ed como sus compa\u00f1eros de trabajo Pablo Echarri y Mike Amigorena y los directores de la obra Ricardo Dar\u00edn y Germ\u00e1n Palacios, desean que Fern\u00e1n tenga una pronta mejor\u00eda&#8221;.<\/p>\n<blockquote readability=\"9\">\n<p>&#8220;En apariencia no tiene ninguna consecuencia cognitiva. \u00c9l habla bien&#8230; las extremidades, los brazos, las piernas y el \u00e1nimo est\u00e1n intactos&#8221;,<span class=\"comilla\">\u201d<\/span><\/p>\n<p><span>Pablo Echarri<\/span><\/p>\n<\/blockquote>\n<p>&#8220;Fern\u00e1n es una excelente persona, profesional y muy querido, un artista maravilloso y estamos al tanto que se encuentra recuper\u00e1ndose favorablemente. Agradecemos desde ya toda la preocupaci\u00f3n y los comentarios recibidos, adem\u00e1s de los buenos deseos hacia su persona. Los esperamos en la pr\u00f3xima temporada del Multitabaris Comafi&#8221;, se\u00f1alaron.<\/p>\n<p>El recordado int\u00e9rprete de Tanguito, entre otros filmes, se encontraba con una nueva versi\u00f3n de la m\u00edtica obra &#8220;ART&#8221; (con direcci\u00f3n de Ricardo Dar\u00edn y Germ\u00e1n Palacios), mientras preparaba su traje de director para rodar en noviembre su segunda pel\u00edcula, esta vez protagonizada por Natalia Oreiro. Mir\u00e1s debuto tras las c\u00e1maras en 2017 con &#8220;El peso de la ley&#8221;, un thriller con Dar\u00edo Grandinetti y Paola Barrientos.<\/p>\n<p>Tambi\u00e9n se encontraba en negociaciones con Polka para el regreso de la exitosa tira &#8220;Argentina Tierra de Amor y Venganza&#8221;, para la cual Adri\u00e1n Suar auguraba para 2022 con Mir\u00e1s, nuevamente, en el papel de un impiadoso cafiolo. <\/p>\n","protected":false},"excerpt":{"rendered":"<p>Fern\u00e1n Mir\u00e1s sufri\u00f3 un aneurisma cerebral y fue internado en Los Arcos. El actor Fern\u00e1n Mir\u00e1s sufri\u00f3 un aneurisma cerebral y fue internado en un sanatorio porte\u00f1o donde le colocaron un stent y se recupera con un &#8220;buen estado general&#8221; de salud en terapia intensiva, seg\u00fan confirm\u00f3 a T\u00e9lam su compa\u00f1ero Pablo Echarri. Al respecto [&hellip;]<\/p>\n","protected":false},"author":1,"featured_media":22343,"comment_status":"closed","ping_status":"closed","sticky":false,"template":"","format":"standard","meta":[],"categories":[20],"tags":[],"_links":{"self":[{"href":"http:\/\/cordobadirecto.com\/index.php\/wp-json\/wp\/v2\/posts\/22342"}],"collection":[{"href":"http:\/\/cordobadirecto.com\/index.php\/wp-json\/wp\/v2\/posts"}],"about":[{"href":"http:\/\/cordobadirecto.com\/index.php\/wp-json\/wp\/v2\/types\/post"}],"author":[{"embeddable":true,"href":"http:\/\/cordobadirecto.com\/index.php\/wp-json\/wp\/v2\/users\/1"}],"replies":[{"embeddable":true,"href":"http:\/\/cordobadirecto.com\/index.php\/wp-json\/wp\/v2\/comments?post=22342"}],"version-history":[{"count":0,"href":"http:\/\/cordobadirecto.com\/index.php\/wp-json\/wp\/v2\/posts\/22342\/revisions"}],"wp:featuredmedia":[{"embeddable":true,"href":"http:\/\/cordobadirecto.com\/index.php\/wp-json\/wp\/v2\/media\/22343"}],"wp:attachment":[{"href":"http:\/\/cordobadirecto.com\/index.php\/wp-json\/wp\/v2\/media?parent=22342"}],"wp:term":[{"taxonomy":"category","embeddable":true,"href":"http:\/\/cordobadirecto.com\/index.php\/wp-json\/wp\/v2\/categories?post=22342"},{"taxonomy":"post_tag","embeddable":true,"href":"http:\/\/cordobadirecto.com\/index.php\/wp-json\/wp\/v2\/tags?post=22342"}],"curies":[{"name":"wp","href":"https:\/\/api.w.org\/{rel}","templated":true}]}}