{"id":22344,"date":"2021-10-09T03:30:40","date_gmt":"2021-10-09T03:30:40","guid":{"rendered":"http:\/\/cordobadirecto.com\/index.php\/2021\/10\/09\/una-pelicula-basada-en-peaky-blinders-comenzara-a-rodarse-en-2023\/"},"modified":"2021-10-09T03:30:40","modified_gmt":"2021-10-09T03:30:40","slug":"una-pelicula-basada-en-peaky-blinders-comenzara-a-rodarse-en-2023","status":"publish","type":"post","link":"http:\/\/cordobadirecto.com\/index.php\/2021\/10\/09\/una-pelicula-basada-en-peaky-blinders-comenzara-a-rodarse-en-2023\/","title":{"rendered":"Una pel\u00edcula basada en &#8220;Peaky Blinders&#8221; comenzar\u00e1 a rodarse en 2023"},"content":{"rendered":"<div class=\"image\" id=\"image\" readability=\"7\"> <img src=\"http:\/\/cordobadirecto.com\/wp-content\/uploads\/2021\/10\/una-pelicula-basada-en-peaky-blinders-comenzara-a-rodarse-en-2023.jpg\" alt=\"La aclamada serie tendr\u00e1 su versi\u00f3n cinematogr\u00e1fica.\" title=\"La aclamada serie tendr\u00e1 su versi\u00f3n cinematogr\u00e1fica.\"><\/p>\n<p>La aclamada serie tendr\u00e1 su versi\u00f3n cinematogr\u00e1fica.<\/p>\n<\/div>\n<p>La exitosa serie &#8220;Peaky Blinders&#8221;, protagonizada por Cillian Murphy y cuya sexta se ver\u00e1 el a\u00f1o que viene, marcar\u00e1 en final de la historia ambientada a principios del siglo XX de los mafiosos irlandeses comandados por Thomas Shelby pero tendr\u00e1 su versi\u00f3n cinematogr\u00e1fica en 2023.<\/p>\n<p>Steven Knight, creador de la serie, ha anunciado que en breve comenzar\u00e1 a trabajar en el gui\u00f3n con vistas a arrancar la filmaci\u00f3n en 2023. Fue el propio Knight, que fue quien hace meses anunci\u00f3 que Peaky Blinders terminar\u00e1 con una pel\u00edcula.<\/p>\n<p><strong>&#8220;La pel\u00edcula se ambientar\u00e1 y se rodar\u00e1 en Birmingham. Y ese ser\u00e1 probablemente el final del camino de Peaky Blinders tal y como ahora lo conocemos&#8221;<\/strong>, asegur\u00f3 Knight en declaraciones a la revista Variety en las que una vez m\u00e1s sugiri\u00f3 que podr\u00eda haber otras &#8220;series relacionadas&#8221; con el universo de Peaky Blinders en el futuro.<\/p>\n<p>Despu\u00e9s del estreno de la quinta temporada en 2019, se demor\u00f3 la filmaci\u00f3n de la siguiente entrega debido a la pandemia COVD-19. Tambi\u00e9n se desconoce si Helen McCrory, quien falleci\u00f3 en abril, hab\u00eda filmado alguna escena para la temporada final o no.<\/p>\n<p>Aunque a\u00fan no hay fecha de estreno confirmada, la sexta y \u00faltima temporada de la serie est\u00e1 previsto para la primera mitad del a\u00f1o pr\u00f3ximo. <\/p>\n","protected":false},"excerpt":{"rendered":"<p>La aclamada serie tendr\u00e1 su versi\u00f3n cinematogr\u00e1fica. La exitosa serie &#8220;Peaky Blinders&#8221;, protagonizada por Cillian Murphy y cuya sexta se ver\u00e1 el a\u00f1o que viene, marcar\u00e1 en final de la historia ambientada a principios del siglo XX de los mafiosos irlandeses comandados por Thomas Shelby pero tendr\u00e1 su versi\u00f3n cinematogr\u00e1fica en 2023. Steven Knight, creador [&hellip;]<\/p>\n","protected":false},"author":1,"featured_media":22345,"comment_status":"closed","ping_status":"closed","sticky":false,"template":"","format":"standard","meta":[],"categories":[20],"tags":[],"_links":{"self":[{"href":"http:\/\/cordobadirecto.com\/index.php\/wp-json\/wp\/v2\/posts\/22344"}],"collection":[{"href":"http:\/\/cordobadirecto.com\/index.php\/wp-json\/wp\/v2\/posts"}],"about":[{"href":"http:\/\/cordobadirecto.com\/index.php\/wp-json\/wp\/v2\/types\/post"}],"author":[{"embeddable":true,"href":"http:\/\/cordobadirecto.com\/index.php\/wp-json\/wp\/v2\/users\/1"}],"replies":[{"embeddable":true,"href":"http:\/\/cordobadirecto.com\/index.php\/wp-json\/wp\/v2\/comments?post=22344"}],"version-history":[{"count":0,"href":"http:\/\/cordobadirecto.com\/index.php\/wp-json\/wp\/v2\/posts\/22344\/revisions"}],"wp:featuredmedia":[{"embeddable":true,"href":"http:\/\/cordobadirecto.com\/index.php\/wp-json\/wp\/v2\/media\/22345"}],"wp:attachment":[{"href":"http:\/\/cordobadirecto.com\/index.php\/wp-json\/wp\/v2\/media?parent=22344"}],"wp:term":[{"taxonomy":"category","embeddable":true,"href":"http:\/\/cordobadirecto.com\/index.php\/wp-json\/wp\/v2\/categories?post=22344"},{"taxonomy":"post_tag","embeddable":true,"href":"http:\/\/cordobadirecto.com\/index.php\/wp-json\/wp\/v2\/tags?post=22344"}],"curies":[{"name":"wp","href":"https:\/\/api.w.org\/{rel}","templated":true}]}}