{"id":22370,"date":"2021-10-09T09:37:35","date_gmt":"2021-10-09T09:37:35","guid":{"rendered":"https:\/\/puntoapunto.com.ar\/?p=316979"},"modified":"2021-10-09T09:37:35","modified_gmt":"2021-10-09T09:37:35","slug":"wo-el-nuevo-centro-comercial-de-carlos-paz-abre-en-2024-y-ya-vendieron-el-40-de-los-locales","status":"publish","type":"post","link":"http:\/\/cordobadirecto.com\/index.php\/2021\/10\/09\/wo-el-nuevo-centro-comercial-de-carlos-paz-abre-en-2024-y-ya-vendieron-el-40-de-los-locales\/","title":{"rendered":"WO, el nuevo Centro Comercial de Carlos Paz: abre en 2024 y ya vendieron el 40% de los locales"},"content":{"rendered":"<p>En el centro de la ciudad de Carlos Paz se construye un<strong> nuevo centro comercial<\/strong> que prev\u00e9 <strong>abrir sus puertas en 2024<\/strong> y de los cuales ya vendieron el 40% de los locales.&nbsp;Se trata de <strong>WO Carlos Paz<\/strong>, un proyecto de la desarrollista <strong>Grupo Fonte<\/strong>, pensado para la ciudad tur\u00edstica, con una fuerte apuesta comercial y un dise\u00f1o disruptivo que apuesta a la sustentabilidad. Est\u00e1 ubicado en<strong> pleno centro de la ciudad<\/strong>, donde funcionaba la ex galer\u00eda Coral.<strong> Contar\u00e1 con dos ingresos<\/strong>: uno, por <strong>Av. 9 de Julio<\/strong> (en plena peatonal) y el otro desde<strong> Av. Sabattini,<\/strong> en la Costanera.<\/p>\n<p>WO ocupar\u00e1 4.500 metros de superficie del lote en pleno centro de Carlos Paz con cuatro plantas que contendr\u00e1n <strong>m\u00e1s de 100 locales comerciales, un gran patio de comidas, un teatro, salas de cine, un sector de juegos, un sector con cajas de seguridad y un estacionamiento en el subsuelo con 120 cocheras<\/strong>. En total, la construcci\u00f3n ser\u00e1 de 20.000 metros cuadrados.<\/p>\n<p><img loading=\"lazy\" class=\"alignnone size-full wp-image-317036\" src=\"http:\/\/cordobadirecto.com\/wp-content\/uploads\/2021\/10\/wo-el-nuevo-centro-comercial-de-carlos-paz-abre-en-2024-y-ya-vendieron-el-40-de-los-locales.jpg\" alt width=\"2560\" height=\"1440\" srcset=\"http:\/\/cordobadirecto.com\/wp-content\/uploads\/2021\/10\/wo-el-nuevo-centro-comercial-de-carlos-paz-abre-en-2024-y-ya-vendieron-el-40-de-los-locales.jpg 2560w, http:\/\/cordobadirecto.com\/wp-content\/uploads\/2021\/10\/wo-el-nuevo-centro-comercial-de-carlos-paz-abre-en-2024-y-ya-vendieron-el-40-de-los-locales-4.jpg 300w, http:\/\/cordobadirecto.com\/wp-content\/uploads\/2021\/10\/wo-el-nuevo-centro-comercial-de-carlos-paz-abre-en-2024-y-ya-vendieron-el-40-de-los-locales-5.jpg 1024w, http:\/\/cordobadirecto.com\/wp-content\/uploads\/2021\/10\/wo-el-nuevo-centro-comercial-de-carlos-paz-abre-en-2024-y-ya-vendieron-el-40-de-los-locales-6.jpg 768w, http:\/\/cordobadirecto.com\/wp-content\/uploads\/2021\/10\/wo-el-nuevo-centro-comercial-de-carlos-paz-abre-en-2024-y-ya-vendieron-el-40-de-los-locales-7.jpg 1536w, http:\/\/cordobadirecto.com\/wp-content\/uploads\/2021\/10\/wo-el-nuevo-centro-comercial-de-carlos-paz-abre-en-2024-y-ya-vendieron-el-40-de-los-locales-8.jpg 2048w, http:\/\/cordobadirecto.com\/wp-content\/uploads\/2021\/10\/wo-el-nuevo-centro-comercial-de-carlos-paz-abre-en-2024-y-ya-vendieron-el-40-de-los-locales-9.jpg 150w, http:\/\/cordobadirecto.com\/wp-content\/uploads\/2021\/10\/wo-el-nuevo-centro-comercial-de-carlos-paz-abre-en-2024-y-ya-vendieron-el-40-de-los-locales-10.jpg 696w, http:\/\/cordobadirecto.com\/wp-content\/uploads\/2021\/10\/wo-el-nuevo-centro-comercial-de-carlos-paz-abre-en-2024-y-ya-vendieron-el-40-de-los-locales-11.jpg 1068w, http:\/\/cordobadirecto.com\/wp-content\/uploads\/2021\/10\/wo-el-nuevo-centro-comercial-de-carlos-paz-abre-en-2024-y-ya-vendieron-el-40-de-los-locales-12.jpg 1920w, http:\/\/cordobadirecto.com\/wp-content\/uploads\/2021\/10\/wo-el-nuevo-centro-comercial-de-carlos-paz-abre-en-2024-y-ya-vendieron-el-40-de-los-locales-13.jpg 747w\" sizes=\"(max-width: 2560px) 100vw, 2560px\"><\/p>\n<p>Desde la desarrollista aseguran que el shopping contar\u00e1 con <strong>marcas de renombre, tanto nacionales como internacionales y afirman que ya vendieron el 40% de locales<\/strong>. \u201cWO es un desarrollo urban\u00edstico y de transformaci\u00f3n de espacios para la comunidad, dado que une el centro de la ciudad con la Costanera, convirti\u00e9ndose en un bypass de circulaci\u00f3n y una extensi\u00f3n comercial sin precedentes\u201d, describen los socios.<\/p>\n<p>\u201cSe realiz\u00f3 un estudio de mercado previo al inicio de la construcci\u00f3n. Analizamos la parte comercial, cu\u00e1les eran los shoppings que funcionaron en Carlos Paz y cu\u00e1les no, y se determin\u00f3 que<strong> la ubicaci\u00f3n estrat\u00e9gica de nuestro lote es la principal clave de \u00e9xito.<\/strong> Emplazado en plena peatonal de la principal ciudad tur\u00edstica de Argentina, donde hist\u00f3ricamente<strong> la renta de los locales tienen un beneficio diferencial y posibilidad de adquirir inmuebles comerciales<\/strong> en dicha ubicaci\u00f3n pr\u00e1cticamente era imposible hasta el lanzamiento de WO Carlos Paz\u201d, explica<strong> Nicol\u00e1s Bertello, Gerente Comercial<\/strong>.<\/p>\n<p><img loading=\"lazy\" class=\"alignnone size-full wp-image-317037\" src=\"http:\/\/cordobadirecto.com\/wp-content\/uploads\/2021\/10\/wo-el-nuevo-centro-comercial-de-carlos-paz-abre-en-2024-y-ya-vendieron-el-40-de-los-locales-1.jpg\" alt width=\"2560\" height=\"1440\" srcset=\"http:\/\/cordobadirecto.com\/wp-content\/uploads\/2021\/10\/wo-el-nuevo-centro-comercial-de-carlos-paz-abre-en-2024-y-ya-vendieron-el-40-de-los-locales-1.jpg 2560w, http:\/\/cordobadirecto.com\/wp-content\/uploads\/2021\/10\/wo-el-nuevo-centro-comercial-de-carlos-paz-abre-en-2024-y-ya-vendieron-el-40-de-los-locales-14.jpg 300w, http:\/\/cordobadirecto.com\/wp-content\/uploads\/2021\/10\/wo-el-nuevo-centro-comercial-de-carlos-paz-abre-en-2024-y-ya-vendieron-el-40-de-los-locales-15.jpg 1024w, http:\/\/cordobadirecto.com\/wp-content\/uploads\/2021\/10\/wo-el-nuevo-centro-comercial-de-carlos-paz-abre-en-2024-y-ya-vendieron-el-40-de-los-locales-16.jpg 768w, http:\/\/cordobadirecto.com\/wp-content\/uploads\/2021\/10\/wo-el-nuevo-centro-comercial-de-carlos-paz-abre-en-2024-y-ya-vendieron-el-40-de-los-locales-17.jpg 1536w, http:\/\/cordobadirecto.com\/wp-content\/uploads\/2021\/10\/wo-el-nuevo-centro-comercial-de-carlos-paz-abre-en-2024-y-ya-vendieron-el-40-de-los-locales-18.jpg 2048w, http:\/\/cordobadirecto.com\/wp-content\/uploads\/2021\/10\/wo-el-nuevo-centro-comercial-de-carlos-paz-abre-en-2024-y-ya-vendieron-el-40-de-los-locales-19.jpg 150w, http:\/\/cordobadirecto.com\/wp-content\/uploads\/2021\/10\/wo-el-nuevo-centro-comercial-de-carlos-paz-abre-en-2024-y-ya-vendieron-el-40-de-los-locales-20.jpg 696w, http:\/\/cordobadirecto.com\/wp-content\/uploads\/2021\/10\/wo-el-nuevo-centro-comercial-de-carlos-paz-abre-en-2024-y-ya-vendieron-el-40-de-los-locales-21.jpg 1068w, http:\/\/cordobadirecto.com\/wp-content\/uploads\/2021\/10\/wo-el-nuevo-centro-comercial-de-carlos-paz-abre-en-2024-y-ya-vendieron-el-40-de-los-locales-22.jpg 1920w, http:\/\/cordobadirecto.com\/wp-content\/uploads\/2021\/10\/wo-el-nuevo-centro-comercial-de-carlos-paz-abre-en-2024-y-ya-vendieron-el-40-de-los-locales-23.jpg 747w\" sizes=\"(max-width: 2560px) 100vw, 2560px\"><\/p>\n<p><strong>WO comenz\u00f3 a proyectarse en 2019<\/strong>, con la tarea de desmantelar la ex galer\u00eda y teatro Coral, rescindiendo los contratos de locaci\u00f3n existentes, y efectuando diferentes estudios tanto comerciales como arquitect\u00f3nicos que lograron generar este dise\u00f1o innovador de los espacios y est\u00e9tica. Hoy, con la obra en marcha,<strong> ya se comercializan los locales en pozo<\/strong>: \u201cbrindamos la posibilidad de realizar un pago de contado con descuento, con una <strong>entrega del 30% y saldo hasta 36 cuotas en pesos actualizables<\/strong>\u201d. Se puede obtener informaci\u00f3n comercial desde las paginas web, tanto<strong> <a href=\"http:\/\/www.grupofonte.com.ar\">www.grupofonte.com.ar<\/a> y <a href=\"https:\/\/wocarlospaz.com\/\" target=\"_blank\" rel=\"noopener\">www.wocarlospaz.com<\/a><\/strong><\/p>\n<p>Abocados a darle una \u201cvuelta de tuerca\u201d a lo que hoy conocemos dentro del \u00e1mbito de los shoppings, desde <strong>Grupo Fonte hacen una fuerte apuesta al dise\u00f1o innovador de WO y a la sustentabilidad del espacio<\/strong>. Es por eso que el shopping contar\u00e1 con una gran toma de iluminaci\u00f3n natural en el centro (un espacio sin techo o la perspectiva de un techo retr\u00e1ctil que se pueda abrir y cerrar), <strong>tendr\u00e1 jardines verticales, paneles solares, fuentes&nbsp;de luz led y recolecci\u00f3n de agua<\/strong> que, posteriormente, ser\u00e1, filtrada y almacenada en un gran dep\u00f3sito para riego.<\/p>\n<p><img loading=\"lazy\" class=\"alignnone size-full wp-image-317038\" src=\"http:\/\/cordobadirecto.com\/wp-content\/uploads\/2021\/10\/wo-el-nuevo-centro-comercial-de-carlos-paz-abre-en-2024-y-ya-vendieron-el-40-de-los-locales-2.jpg\" alt width=\"2560\" height=\"1440\" srcset=\"http:\/\/cordobadirecto.com\/wp-content\/uploads\/2021\/10\/wo-el-nuevo-centro-comercial-de-carlos-paz-abre-en-2024-y-ya-vendieron-el-40-de-los-locales-2.jpg 2560w, http:\/\/cordobadirecto.com\/wp-content\/uploads\/2021\/10\/wo-el-nuevo-centro-comercial-de-carlos-paz-abre-en-2024-y-ya-vendieron-el-40-de-los-locales-24.jpg 300w, http:\/\/cordobadirecto.com\/wp-content\/uploads\/2021\/10\/wo-el-nuevo-centro-comercial-de-carlos-paz-abre-en-2024-y-ya-vendieron-el-40-de-los-locales-25.jpg 1024w, http:\/\/cordobadirecto.com\/wp-content\/uploads\/2021\/10\/wo-el-nuevo-centro-comercial-de-carlos-paz-abre-en-2024-y-ya-vendieron-el-40-de-los-locales-26.jpg 768w, http:\/\/cordobadirecto.com\/wp-content\/uploads\/2021\/10\/wo-el-nuevo-centro-comercial-de-carlos-paz-abre-en-2024-y-ya-vendieron-el-40-de-los-locales-27.jpg 1536w, http:\/\/cordobadirecto.com\/wp-content\/uploads\/2021\/10\/wo-el-nuevo-centro-comercial-de-carlos-paz-abre-en-2024-y-ya-vendieron-el-40-de-los-locales-28.jpg 2048w, http:\/\/cordobadirecto.com\/wp-content\/uploads\/2021\/10\/wo-el-nuevo-centro-comercial-de-carlos-paz-abre-en-2024-y-ya-vendieron-el-40-de-los-locales-29.jpg 150w, http:\/\/cordobadirecto.com\/wp-content\/uploads\/2021\/10\/wo-el-nuevo-centro-comercial-de-carlos-paz-abre-en-2024-y-ya-vendieron-el-40-de-los-locales-30.jpg 696w, http:\/\/cordobadirecto.com\/wp-content\/uploads\/2021\/10\/wo-el-nuevo-centro-comercial-de-carlos-paz-abre-en-2024-y-ya-vendieron-el-40-de-los-locales-31.jpg 1068w, http:\/\/cordobadirecto.com\/wp-content\/uploads\/2021\/10\/wo-el-nuevo-centro-comercial-de-carlos-paz-abre-en-2024-y-ya-vendieron-el-40-de-los-locales-32.jpg 1920w, http:\/\/cordobadirecto.com\/wp-content\/uploads\/2021\/10\/wo-el-nuevo-centro-comercial-de-carlos-paz-abre-en-2024-y-ya-vendieron-el-40-de-los-locales-33.jpg 747w\" sizes=\"(max-width: 2560px) 100vw, 2560px\"><\/p>\n<h5><b>Acompa\u00f1amiento a trav\u00e9s del e-commerce<\/b><\/h5>\n<p>WO acompa\u00f1ar\u00e1 el lanzamiento del centro comercial con una <strong>plataforma de venta online.<\/strong> Un <strong>market digital que da soporte a los comercios y marcas presentes f\u00edsicamente.<\/strong> Cada negocio y retail cuenta con un espacio para la venta y promoci\u00f3n digital de su marca, producto o servicio. \u201cLa experiencia de compra online es un verdadero paseo digital, con env\u00edos inmediatos dentro de la ciudad, ampliando la cobertura a todo el pa\u00eds. El comercio electr\u00f3nico permite capitalizar efem\u00e9rides digitales como<strong> Cyber Monday, Black Friday, Hot Sale<\/strong>\u201d, explican. De esta manera, WO acompa\u00f1a a cada comercio f\u00edsico en un formato de sucursal virtual a trav\u00e9s de la plataforma wocarlospaz.com<\/p>\n<div class=\"saboxplugin-wrap\" itemtype=\"http:\/\/schema.org\/Person\" itemscope itemprop=\"author\">\n<div class=\"saboxplugin-tab\">\n<div class=\"saboxplugin-gravatar\"><img loading=\"lazy\" src=\"http:\/\/cordobadirecto.com\/wp-content\/uploads\/2021\/10\/wo-el-nuevo-centro-comercial-de-carlos-paz-abre-en-2024-y-ya-vendieron-el-40-de-los-locales-3.jpg\" width=\"100\" height=\"100\" alt itemprop=\"image\"><\/div>\n<div class=\"saboxplugin-desc\" readability=\"7.7388059701493\">\n<div itemprop=\"description\" readability=\"10.925373134328\">\n<p>Periodista y Lic. en Comunicaci\u00f3n Social \u2013 Redacci\u00f3n en Revista Punto a Punto. <a href=\"https:\/\/puntoapunto.com.ar\/cdn-cgi\/l\/email-protection\" class=\"__cf_email__\" data-cfemail=\"3446515a554055445558554e4e5d1a47745359555d581a575b59\">[email&nbsp;protected]<\/a> (3834-665892). Complejo Barranquitas, Jos\u00e9 Roque Funes 1145, Cerro de las Rosas, C\u00f3rdoba CP 5009.<\/p>\n<\/div>\n<\/div>\n<\/div>\n<\/div>\n","protected":false},"excerpt":{"rendered":"<p>En el centro de la ciudad de Carlos Paz se construye un nuevo centro comercial que prev\u00e9 abrir sus puertas en 2024 y de los cuales ya vendieron el 40% de los locales.&nbsp;Se trata de WO Carlos Paz, un proyecto de la desarrollista Grupo Fonte, pensado para la ciudad tur\u00edstica, con una fuerte apuesta comercial [&hellip;]<\/p>\n","protected":false},"author":1,"featured_media":22371,"comment_status":"closed","ping_status":"closed","sticky":false,"template":"","format":"standard","meta":[],"categories":[25],"tags":[],"_links":{"self":[{"href":"http:\/\/cordobadirecto.com\/index.php\/wp-json\/wp\/v2\/posts\/22370"}],"collection":[{"href":"http:\/\/cordobadirecto.com\/index.php\/wp-json\/wp\/v2\/posts"}],"about":[{"href":"http:\/\/cordobadirecto.com\/index.php\/wp-json\/wp\/v2\/types\/post"}],"author":[{"embeddable":true,"href":"http:\/\/cordobadirecto.com\/index.php\/wp-json\/wp\/v2\/users\/1"}],"replies":[{"embeddable":true,"href":"http:\/\/cordobadirecto.com\/index.php\/wp-json\/wp\/v2\/comments?post=22370"}],"version-history":[{"count":0,"href":"http:\/\/cordobadirecto.com\/index.php\/wp-json\/wp\/v2\/posts\/22370\/revisions"}],"wp:featuredmedia":[{"embeddable":true,"href":"http:\/\/cordobadirecto.com\/index.php\/wp-json\/wp\/v2\/media\/22371"}],"wp:attachment":[{"href":"http:\/\/cordobadirecto.com\/index.php\/wp-json\/wp\/v2\/media?parent=22370"}],"wp:term":[{"taxonomy":"category","embeddable":true,"href":"http:\/\/cordobadirecto.com\/index.php\/wp-json\/wp\/v2\/categories?post=22370"},{"taxonomy":"post_tag","embeddable":true,"href":"http:\/\/cordobadirecto.com\/index.php\/wp-json\/wp\/v2\/tags?post=22370"}],"curies":[{"name":"wp","href":"https:\/\/api.w.org\/{rel}","templated":true}]}}