{"id":22388,"date":"2021-10-09T13:12:00","date_gmt":"2021-10-09T13:12:00","guid":{"rendered":"http:\/\/cordobadirecto.com\/index.php\/2021\/10\/09\/francia-impulsara-una-campana-por-la-abolicion-de-la-pena-de-muerte-en-todo-el-mundo\/"},"modified":"2021-10-09T13:12:00","modified_gmt":"2021-10-09T13:12:00","slug":"francia-impulsara-una-campana-por-la-abolicion-de-la-pena-de-muerte-en-todo-el-mundo","status":"publish","type":"post","link":"http:\/\/cordobadirecto.com\/index.php\/2021\/10\/09\/francia-impulsara-una-campana-por-la-abolicion-de-la-pena-de-muerte-en-todo-el-mundo\/","title":{"rendered":"Francia impulsar\u00e1 una campa\u00f1a por la abolici\u00f3n de la pena de muerte en todo el mundo"},"content":{"rendered":"<div class=\"image\" id=\"image\" readability=\"8\"> <img src=\"http:\/\/cordobadirecto.com\/wp-content\/uploads\/2021\/10\/francia-impulsara-una-campana-por-la-abolicion-de-la-pena-de-muerte-en-todo-el-mundo.jpg\" alt=\"Francia va a relanzar el combate para la abolici\u00f3n universal&quot;, dijo Macron. (Foto AFP)\" title=\"Francia va a relanzar el combate para la abolici\u00f3n universal&quot;, dijo Macron. (Foto AFP)\"><\/p>\n<p>Francia va a relanzar el combate para la abolici\u00f3n universal&#8221;, dijo Macron. (Foto AFP)<\/p>\n<\/div>\n<p>El presidente franc\u00e9s, Emmanuel Macron, anunci\u00f3 este s\u00e1bado su deseo de &#8220;relanzar el combate para la abolici\u00f3n universal&#8221; de la pena de muerte organizando un &#8220;encuentro de alto nivel&#8221; para &#8220;convencer&#8221; a los dirigentes de pa\u00edses que a\u00fan la aplican de la necesidad de abandonarla.<\/p>\n<p>&#8220;Francia va a relanzar el combate para la abolici\u00f3n universal&#8221;, dijo el mandatario, cuando se cumplen 40 a\u00f1os de la abolici\u00f3n de la pena capital en Francia.<\/p>\n<blockquote readability=\"5\">\n<p>&#8220;Francia va a relanzar el combate para la abolici\u00f3n universal de la pena de muerte&#8221;<span class=\"comilla\">\u201d<\/span><\/p>\n<p><span>Emmanuel Macron<\/span><\/p>\n<\/blockquote>\n<p>Macron indic\u00f3 que cuando su pa\u00eds presida la Uni\u00f3n Europea, en el primer trimestre de 2022, se organizar\u00e1 en Par\u00eds &#8220;un encuentro de alto nivel que una a las sociedades civiles de los Estados que a\u00fan aplican la pena de muerte para convencer a sus dirigentes de la urgencia e importancia de abolirla&#8221;.<\/p>\n<p>Junto a \u00e9l, Robert Badinter, exministro de Justicia que someti\u00f3 a voto su abolici\u00f3n en 1981, afirm\u00f3 que &#8220;la pena de muerte est\u00e1 destinada a desaparecer en el mundo porque es una verg\u00fcenza para la humanidad&#8221;.<\/p>\n<div class=\"image\" id=\"image\" readability=\"7\"> <img src=\"http:\/\/cordobadirecto.com\/wp-content\/uploads\/2021\/10\/francia-impulsara-una-campana-por-la-abolicion-de-la-pena-de-muerte-en-todo-el-mundo-1.jpg\" alt=\"En 2020 se llevaron a cabo 483 ejecuciones en el mundo.\" title=\"En 2020 se llevaron a cabo 483 ejecuciones en el mundo.\"><\/p>\n<p>En 2020 se llevaron a cabo 483 ejecuciones en el mundo.<\/p>\n<\/div>\n<p>Emmanuel Macron record\u00f3 que &#8220;106 Estados&#8221; ya abolieron la pena capital y &#8220;otros 50 observan una moratoria o llevan a cabo ejecuciones&#8221;, entre ellos Estados Unidos, China e India.<\/p>\n<blockquote readability=\"6\">\n<p>&#8220;La pena de muerte est\u00e1 destinada a desaparecer en el mundo porque es una verg\u00fcenza para la humanidad&#8221;<span class=\"comilla\">\u201d<\/span><\/p>\n<p><span>Robert Badinter<\/span><\/p>\n<\/blockquote>\n<p>El mandatario franc\u00e9s lament\u00f3 que en 2020 se llevaron a cabo 483 ejecuciones en el mundo, aunque no dud\u00f3 en afirmar que la cifra real es superior, consign\u00f3 la agencia de noticias AFP<\/p>\n<p>&#8220;Son 483 muertes de Estado administradas por reg\u00edmenes pol\u00edticos que, en su mayor parte, comparten el despotismo y el rechazo de la universalidad de los derechos humanos&#8221;, apunt\u00f3 el jefe de Estado. <\/p>\n","protected":false},"excerpt":{"rendered":"<p>Francia va a relanzar el combate para la abolici\u00f3n universal&#8221;, dijo Macron. (Foto AFP) El presidente franc\u00e9s, Emmanuel Macron, anunci\u00f3 este s\u00e1bado su deseo de &#8220;relanzar el combate para la abolici\u00f3n universal&#8221; de la pena de muerte organizando un &#8220;encuentro de alto nivel&#8221; para &#8220;convencer&#8221; a los dirigentes de pa\u00edses que a\u00fan la aplican de [&hellip;]<\/p>\n","protected":false},"author":1,"featured_media":22389,"comment_status":"closed","ping_status":"closed","sticky":false,"template":"","format":"standard","meta":[],"categories":[24],"tags":[],"_links":{"self":[{"href":"http:\/\/cordobadirecto.com\/index.php\/wp-json\/wp\/v2\/posts\/22388"}],"collection":[{"href":"http:\/\/cordobadirecto.com\/index.php\/wp-json\/wp\/v2\/posts"}],"about":[{"href":"http:\/\/cordobadirecto.com\/index.php\/wp-json\/wp\/v2\/types\/post"}],"author":[{"embeddable":true,"href":"http:\/\/cordobadirecto.com\/index.php\/wp-json\/wp\/v2\/users\/1"}],"replies":[{"embeddable":true,"href":"http:\/\/cordobadirecto.com\/index.php\/wp-json\/wp\/v2\/comments?post=22388"}],"version-history":[{"count":0,"href":"http:\/\/cordobadirecto.com\/index.php\/wp-json\/wp\/v2\/posts\/22388\/revisions"}],"wp:featuredmedia":[{"embeddable":true,"href":"http:\/\/cordobadirecto.com\/index.php\/wp-json\/wp\/v2\/media\/22389"}],"wp:attachment":[{"href":"http:\/\/cordobadirecto.com\/index.php\/wp-json\/wp\/v2\/media?parent=22388"}],"wp:term":[{"taxonomy":"category","embeddable":true,"href":"http:\/\/cordobadirecto.com\/index.php\/wp-json\/wp\/v2\/categories?post=22388"},{"taxonomy":"post_tag","embeddable":true,"href":"http:\/\/cordobadirecto.com\/index.php\/wp-json\/wp\/v2\/tags?post=22388"}],"curies":[{"name":"wp","href":"https:\/\/api.w.org\/{rel}","templated":true}]}}