{"id":22419,"date":"2021-10-09T23:18:01","date_gmt":"2021-10-09T23:18:01","guid":{"rendered":"https:\/\/www.bbc.com\/mundo\/noticias-america-latina-58859764"},"modified":"2021-10-09T23:18:01","modified_gmt":"2021-10-09T23:18:01","slug":"cancelan-la-eutanasia-de-martha-sepulveda-la-primera-colombiana-que-iba-a-recibirla-sin-ser-enferma-terminal","status":"publish","type":"post","link":"http:\/\/cordobadirecto.com\/index.php\/2021\/10\/09\/cancelan-la-eutanasia-de-martha-sepulveda-la-primera-colombiana-que-iba-a-recibirla-sin-ser-enferma-terminal\/","title":{"rendered":"Cancelan la eutanasia de Martha Sep\u00falveda, la primera colombiana que iba a recibirla sin ser enferma terminal"},"content":{"rendered":"<div dir=\"ltr\" class=\"e1j2237y5 bbc-q4ibpr e57qer20\">\n<div class=\"bbc-1atl7vu e1c9i7u14\">\n<ul role=\"list\" class=\"bbc-k0l9bd e1c9i7u12\">\n<li role=\"listitem\" class=\"bbc-1a3w4ok e1c9i7u11\">Redacci\u00f3n <\/li>\n<li role=\"listitem\" class=\"bbc-1p92jtu e1c9i7u10\">BBC News Mundo<\/li>\n<\/ul>\n<\/div>\n<\/div>\n<div dir=\"ltr\" class=\"e1j2237y6 bbc-q4ibpr e57qer20\"><time datetime=\"2021-10-09\" class=\"bbc-14xtggo e4zesg50\">9 octubre 2021<\/time><\/p>\n<p><time datetime=\"2021-10-09\" class=\"bbc-14xtggo e4zesg50\">Actualizado 4 horas<\/time><\/p>\n<\/div>\n<div dir=\"ltr\" class=\"bbc-1ka88fa e57qer20\">\n<figure class=\"bbc-1qdcvv9 e6bmn90\">\n<div dir=\"ltr\" class=\"bbc-172p16q e57qer20\">\n<div dir=\"ltr\" class=\"bbc-189y18v e57qer20\" readability=\"6.5\">\n<div data-e2e=\"image-placeholder\" class=\"bbc-997y1y e1whu0\" readability=\"8\"><img loading=\"lazy\" srcset=\"http:\/\/cordobadirecto.com\/wp-content\/uploads\/2021\/10\/cancelan-la-eutanasia-de-martha-sepulveda-la-primera-colombiana-que-iba-a-recibirla-sin-ser-enferma-terminal-3.jpg 240w, http:\/\/cordobadirecto.com\/wp-content\/uploads\/2021\/10\/cancelan-la-eutanasia-de-martha-sepulveda-la-primera-colombiana-que-iba-a-recibirla-sin-ser-enferma-terminal-4.jpg 320w, http:\/\/cordobadirecto.com\/wp-content\/uploads\/2021\/10\/cancelan-la-eutanasia-de-martha-sepulveda-la-primera-colombiana-que-iba-a-recibirla-sin-ser-enferma-terminal-5.jpg 480w, http:\/\/cordobadirecto.com\/wp-content\/uploads\/2021\/10\/cancelan-la-eutanasia-de-martha-sepulveda-la-primera-colombiana-que-iba-a-recibirla-sin-ser-enferma-terminal-6.jpg 624w, http:\/\/cordobadirecto.com\/wp-content\/uploads\/2021\/10\/cancelan-la-eutanasia-de-martha-sepulveda-la-primera-colombiana-que-iba-a-recibirla-sin-ser-enferma-terminal-7.jpg 800w\" alt=\"Martha Sep\u00falveda\" src=\"http:\/\/cordobadirecto.com\/wp-content\/uploads\/2021\/10\/cancelan-la-eutanasia-de-martha-sepulveda-la-primera-colombiana-que-iba-a-recibirla-sin-ser-enferma-terminal.jpg\" sizes=\"(min-width: 1008px) 645px, 100vw\" width=\"976\" height=\"549\" class=\"eehpdyc0 bbc-100dhyn e1enwo3v0\"><\/p>\n<p role=\"text\" class=\"bbc-1s1cxbv etq3yw90\"><span class=\"bbc-1gnhmg2 e1yt7oin0\">Fuente de la imagen, <\/span><span lang=\"en-GB\">Martha Sep\u00falveda<\/span><\/p>\n<\/div>\n<\/div>\n<div dir=\"ltr\" class=\"bbc-3edg7g e57qer20\" readability=\"6\"><figcaption dir=\"ltr\" class=\"bbc-1t9zlwf eede9f50\" readability=\"2\"><span class=\"bbc-1gnhmg2 e1yt7oin0\">Pie de foto, <\/span><\/p>\n<p>Martha Sep\u00falveda celebr\u00f3 en enero sus 51 a\u00f1os de vida.<\/p>\n<\/figcaption><\/div>\n<\/div>\n<\/figure>\n<\/div>\n<div dir=\"ltr\" class=\"bbc-19j92fr e57qer20\" readability=\"13\">\n<p dir=\"ltr\" class=\"bbc-bm53ic e1cc2ql70\"><b>La eutanasia de la colombiana Martha Sep\u00falveda, que estaba programada para este domingo a las 7 de la ma\u00f1ana, ha sido cancelada, seg\u00fan inform\u00f3 en un comunicado el Instituto Colombiano del Dolor (Incodol), el centro cl\u00ednico donde iba a realizarse. <\/b><\/p>\n<\/div>\n<div dir=\"ltr\" class=\"bbc-19j92fr e57qer20\" readability=\"8\">\n<p dir=\"ltr\" class=\"bbc-bm53ic e1cc2ql70\">La mujer iba a ser la primera persona en recibir el procedimiento en Colombia sin tener una enfermedad terminal.<\/p>\n<\/div>\n<div dir=\"ltr\" class=\"bbc-19j92fr e57qer20\" readability=\"10\">\n<p dir=\"ltr\" class=\"bbc-bm53ic e1cc2ql70\">Seg\u00fan dice el comunicado, el Comit\u00e9 Cient\u00edfico Interdisciplinario para el Derecho a Morir con Dignidad &#8220;concluy\u00f3 de manera un\u00e1nime cancelar el procedimiento&#8221; al determinar que &#8220;no se cumple con el criterio de terminalidad como se hab\u00eda considerado en el primer comit\u00e9&#8221; que evalu\u00f3 su caso.<\/p>\n<\/div>\n<div dir=\"ltr\" class=\"bbc-19j92fr e57qer20\" readability=\"16\">\n<p dir=\"ltr\" class=\"bbc-bm53ic e1cc2ql70\">Lucas Correa, abogado de Sep\u00falveda, calific\u00f3 de &#8220;ileg\u00edtima, ilegal y arbitraria&#8221; la decisi\u00f3n de cancelar la eutanasia, y acus\u00f3 a sus responsables de vulnerar el derecho de la paciente a morir dignamente. &#8220;La est\u00e1n obligando a vivir una vida que ella no est\u00e1 dispuesta a seguir viviendo, con unos sufrimientos y dolores que juzga incompatibles con su idea de dignidad&#8221;, afirm\u00f3. <\/p>\n<\/div>\n<div dir=\"ltr\" class=\"bbc-19j92fr e57qer20\" readability=\"10\">\n<p dir=\"ltr\" class=\"bbc-bm53ic e1cc2ql70\">En Colombia la eutanasia fue despenalizada en 1997, pero solo se convirti\u00f3 en ley en 2015. Desde entonces, se han realizado 157 procedimientos.<\/p>\n<\/div>\n<div dir=\"ltr\" class=\"bbc-19j92fr e57qer20\" readability=\"11\">\n<p dir=\"ltr\" class=\"bbc-bm53ic e1cc2ql70\">En julio pasado, la Corte Constitucional del pa\u00eds extendi\u00f3 el derecho a una muerte digna a quienes padezcan &#8220;un intenso sufrimiento f\u00edsico o ps\u00edquico&#8221; por causa de una lesi\u00f3n o enfermedad incurable. Y el de Martha Sep\u00falveda se hab\u00eda convertido en el primer caso en que se autoriza una eutanasia en un paciente que no tiene una enfermedad terminal.<\/p>\n<\/div>\n<div dir=\"ltr\" class=\"bbc-19j92fr e57qer20\" readability=\"15\">\n<p dir=\"ltr\" class=\"bbc-bm53ic e1cc2ql70\">Desde que fue diagnosticada con esclerosis lateral amiotr\u00f3fica (ELA), una enfermedad grave e incurable, su familia dec\u00eda que la vida de Sep\u00falveda, de 51 a\u00f1os, se hab\u00eda transformado en un tormento. La noticia de que podr\u00eda ponerle fin hab\u00eda supuesto un alivio, seg\u00fan le cont\u00f3 su hijo Federico a BBC Mundo.<\/p>\n<\/div>\n<div dir=\"ltr\" class=\"bbc-19j92fr e57qer20\" readability=\"8\">\n<p dir=\"ltr\" class=\"bbc-bm53ic e1cc2ql70\">Recientemente, la Conferencia Episcopal colombiana le hab\u00eda pedido que reconsiderara su decisi\u00f3n. <\/p>\n<\/div>\n<div dir=\"ltr\" class=\"bbc-19j92fr e57qer20\" readability=\"15\">\n<p dir=\"ltr\" class=\"bbc-bm53ic e1cc2ql70\">&#8220;Ojal\u00e1 (la reflexi\u00f3n se d\u00e9), si las circunstancias se lo permiten, lejos del acoso de los medios de comunicaci\u00f3n que no han dudado en tomar su dolor y el de su familia, para hacer una suerte de propaganda de la eutanasia&#8221;, expres\u00f3 monse\u00f1or Francisco Antonio Ceballos Escobar, presidente de la Comisi\u00f3n Episcopal de Promoci\u00f3n y Defensa de la Vida.<\/p>\n<\/div>\n<div dir=\"ltr\" class=\"bbc-1ka88fa e57qer20\">\n<figure class=\"bbc-1qdcvv9 e6bmn90\">\n<div dir=\"ltr\" class=\"bbc-172p16q e57qer20\">\n<div dir=\"ltr\" class=\"bbc-189y18v e57qer20\" readability=\"6.5\">\n<div data-e2e=\"image-placeholder\" class=\"bbc-997y1y e1whu0\" readability=\"8\"><noscript><img loading=\"lazy\" srcset=\"http:\/\/cordobadirecto.com\/wp-content\/uploads\/2021\/10\/cancelan-la-eutanasia-de-martha-sepulveda-la-primera-colombiana-que-iba-a-recibirla-sin-ser-enferma-terminal-8.jpg 240w, http:\/\/cordobadirecto.com\/wp-content\/uploads\/2021\/10\/cancelan-la-eutanasia-de-martha-sepulveda-la-primera-colombiana-que-iba-a-recibirla-sin-ser-enferma-terminal-9.jpg 320w, http:\/\/cordobadirecto.com\/wp-content\/uploads\/2021\/10\/cancelan-la-eutanasia-de-martha-sepulveda-la-primera-colombiana-que-iba-a-recibirla-sin-ser-enferma-terminal-10.jpg 480w, http:\/\/cordobadirecto.com\/wp-content\/uploads\/2021\/10\/cancelan-la-eutanasia-de-martha-sepulveda-la-primera-colombiana-que-iba-a-recibirla-sin-ser-enferma-terminal-11.jpg 624w, http:\/\/cordobadirecto.com\/wp-content\/uploads\/2021\/10\/cancelan-la-eutanasia-de-martha-sepulveda-la-primera-colombiana-que-iba-a-recibirla-sin-ser-enferma-terminal-12.jpg 800w\" alt=\"Martha Sep\u00falveda\" src=\"http:\/\/cordobadirecto.com\/wp-content\/uploads\/2021\/10\/cancelan-la-eutanasia-de-martha-sepulveda-la-primera-colombiana-que-iba-a-recibirla-sin-ser-enferma-terminal-1.jpg\" sizes=\"(min-width: 1008px) 645px, 100vw\" width=\"976\" height=\"549\" class=\"eehpdyc0 bbc-100dhyn e1enwo3v0\"><\/noscript><\/p>\n<p role=\"text\" class=\"bbc-1s1cxbv etq3yw90\"><span class=\"bbc-1gnhmg2 e1yt7oin0\">Fuente de la imagen, <\/span><span lang=\"en-GB\"> Martha Sep\u00falveda<\/span><\/p>\n<\/div>\n<\/div>\n<\/div>\n<\/figure>\n<\/div>\n<div dir=\"ltr\" class=\"bbc-19j92fr e57qer20\" readability=\"11\">\n<p dir=\"ltr\" class=\"bbc-bm53ic e1cc2ql70\">En su \u00faltima entrevista en la cadena Caracol TV, Sep\u00falveda hab\u00eda dicho: &#8220;Soy una persona cat\u00f3lica, me considero muy, muy creyente. Pero Dios no me quiere ver sufrir&#8221;.<\/p>\n<\/div>\n<div dir=\"ltr\" class=\"bbc-19j92fr e57qer20\" readability=\"9\">\n<p dir=\"ltr\" class=\"bbc-bm53ic e1cc2ql70\">&#8220;Con una esclerosis lateral en el estado que la tengo, lo mejor que me puede pasar es que me vaya a descansar&#8221;.<\/p>\n<\/div>\n<div dir=\"ltr\" class=\"bbc-19j92fr e57qer20\" readability=\"13\">\n<p dir=\"ltr\" class=\"bbc-bm53ic e1cc2ql70\">Tras conocerse la noticia de la cancelaci\u00f3n, el congresista del Partido Liberal Juan Fernando Reyes declar\u00f3: &#8220;El derecho a morir dignamente es un derecho de cada quien, el Estado no tiene que meterse en esa decisi\u00f3n ni nadie. Si queremos que se respeten nuestras creencias y decisiones \u00edntimas, comencemos por respetar las de los dem\u00e1s&#8221;. <\/p>\n<\/div>\n<div dir=\"ltr\" class=\"bbc-1ka88fa e57qer20\">\n<figure class=\"bbc-1qdcvv9 e6bmn90\">\n<div dir=\"ltr\" class=\"bbc-172p16q e57qer20\">\n<div dir=\"ltr\" class=\"bbc-189y18v e57qer20\">\n<div data-e2e=\"image-placeholder\" class=\"bbc-997y1y e1whu0\"><noscript><img loading=\"lazy\" srcset=\"http:\/\/cordobadirecto.com\/wp-content\/uploads\/2021\/10\/cancelan-la-eutanasia-de-martha-sepulveda-la-primera-colombiana-que-iba-a-recibirla-sin-ser-enferma-terminal-13.jpg 240w, http:\/\/cordobadirecto.com\/wp-content\/uploads\/2021\/10\/cancelan-la-eutanasia-de-martha-sepulveda-la-primera-colombiana-que-iba-a-recibirla-sin-ser-enferma-terminal-14.jpg 320w, http:\/\/cordobadirecto.com\/wp-content\/uploads\/2021\/10\/cancelan-la-eutanasia-de-martha-sepulveda-la-primera-colombiana-que-iba-a-recibirla-sin-ser-enferma-terminal-15.jpg 480w, http:\/\/cordobadirecto.com\/wp-content\/uploads\/2021\/10\/cancelan-la-eutanasia-de-martha-sepulveda-la-primera-colombiana-que-iba-a-recibirla-sin-ser-enferma-terminal-16.jpg 624w\" alt=\"raya\" src=\"http:\/\/cordobadirecto.com\/wp-content\/uploads\/2021\/10\/cancelan-la-eutanasia-de-martha-sepulveda-la-primera-colombiana-que-iba-a-recibirla-sin-ser-enferma-terminal-2.jpg\" sizes=\"(min-width: 1008px) 645px, 100vw\" width=\"624\" height=\"2\" class=\"eehpdyc0 bbc-100dhyn e1enwo3v0\"><\/noscript><\/div>\n<\/div>\n<\/div>\n<\/figure>\n<\/div>\n<div dir=\"ltr\" class=\"bbc-19j92fr e57qer20\" readability=\"8\">\n<p dir=\"ltr\" class=\"bbc-bm53ic e1cc2ql70\"><i class=\"bbc-h1y5j7 ewc4zcb0\">Recuerda que puedes recibir notificaciones de BBC News Mundo. Descarga nuestra app y act\u00edvalas para no perderte nuestro mejor contenido.<\/i><\/p>\n<\/div>\n","protected":false},"excerpt":{"rendered":"<p>Redacci\u00f3n BBC News Mundo 9 octubre 2021 Actualizado 4 horas Fuente de la imagen, Martha Sep\u00falveda Pie de foto, Martha Sep\u00falveda celebr\u00f3 en enero sus 51 a\u00f1os de vida. La eutanasia de la colombiana Martha Sep\u00falveda, que estaba programada para este domingo a las 7 de la ma\u00f1ana, ha sido cancelada, seg\u00fan inform\u00f3 en un [&hellip;]<\/p>\n","protected":false},"author":1,"featured_media":22420,"comment_status":"closed","ping_status":"closed","sticky":false,"template":"","format":"standard","meta":[],"categories":[24],"tags":[],"_links":{"self":[{"href":"http:\/\/cordobadirecto.com\/index.php\/wp-json\/wp\/v2\/posts\/22419"}],"collection":[{"href":"http:\/\/cordobadirecto.com\/index.php\/wp-json\/wp\/v2\/posts"}],"about":[{"href":"http:\/\/cordobadirecto.com\/index.php\/wp-json\/wp\/v2\/types\/post"}],"author":[{"embeddable":true,"href":"http:\/\/cordobadirecto.com\/index.php\/wp-json\/wp\/v2\/users\/1"}],"replies":[{"embeddable":true,"href":"http:\/\/cordobadirecto.com\/index.php\/wp-json\/wp\/v2\/comments?post=22419"}],"version-history":[{"count":0,"href":"http:\/\/cordobadirecto.com\/index.php\/wp-json\/wp\/v2\/posts\/22419\/revisions"}],"wp:featuredmedia":[{"embeddable":true,"href":"http:\/\/cordobadirecto.com\/index.php\/wp-json\/wp\/v2\/media\/22420"}],"wp:attachment":[{"href":"http:\/\/cordobadirecto.com\/index.php\/wp-json\/wp\/v2\/media?parent=22419"}],"wp:term":[{"taxonomy":"category","embeddable":true,"href":"http:\/\/cordobadirecto.com\/index.php\/wp-json\/wp\/v2\/categories?post=22419"},{"taxonomy":"post_tag","embeddable":true,"href":"http:\/\/cordobadirecto.com\/index.php\/wp-json\/wp\/v2\/tags?post=22419"}],"curies":[{"name":"wp","href":"https:\/\/api.w.org\/{rel}","templated":true}]}}