{"id":22515,"date":"2021-10-09T14:00:33","date_gmt":"2021-10-09T14:00:33","guid":{"rendered":"https:\/\/es.digitaltrends.com\/?p=871059"},"modified":"2021-10-09T14:00:33","modified_gmt":"2021-10-09T14:00:33","slug":"facebook-files-el-escandalo-que-otra-vez-cuestiona-a-la-red-social","status":"publish","type":"post","link":"http:\/\/cordobadirecto.com\/index.php\/2021\/10\/09\/facebook-files-el-escandalo-que-otra-vez-cuestiona-a-la-red-social\/","title":{"rendered":"Facebook Files: el esc\u00e1ndalo que (otra vez) cuestiona a la red social"},"content":{"rendered":"<p>En el ojo del hurac\u00e1n otra vez. Como ocurri\u00f3 en 2018 con el esc\u00e1ndalo de Cambridge Analytica, el \u00faltimo trimestre de 2021 ha sido agitado para Facebook. Una serie de filtraciones de documentos, que ha recibido el nombre de <strong>Facebook Files<\/strong>, es el nuevo esc\u00e1ndalo que azota a la red social de Mark Zuckerberg. Te explicamos <strong>qu\u00e9 es Facebook Files<\/strong> y por qu\u00e9 debiera preocuparte.<\/p>\n<h3>Te va a interesar:<\/h3>\n<p>El caso a\u00fan no alcanza los niveles de <a href=\"https:\/\/es.digitaltrends.com\/sociales\/cambridge-analytica-facebook-ftc-multa\/\">Cambridge Analytica<\/a>, la compa\u00f1\u00eda de <a href=\"https:\/\/es.digitaltrends.com\/sociales\/steve-bannon-redes-sociales-trump\/\">Steve Bannon<\/a>, el exconsejero de Donald Trump, y que tuvo acceso a informaci\u00f3n privada sobre 50 millones de usuarios. Sin embargo, amenaza con transformarse en el mayor dolor de cabeza para la compa\u00f1\u00eda, despu\u00e9s de que se conociera que <a href=\"https:\/\/es.digitaltrends.com\/sociales\/frances-haugen-testimonio-senado-facebook-bancarrota-moral\/\">Frances Haugen<\/a>, exgerenta de productos del equipo de Integridad C\u00edvica, estaba detr\u00e1s de las filtraciones.<\/p>\n<h2>Qu\u00e9 es Facebook Files<\/h2>\n<figure id=\"attachment_745144\" aria-describedby=\"caption-attachment-745144\" class=\"wp-caption aligncenter\"><img src=\"http:\/\/cordobadirecto.com\/wp-content\/uploads\/2021\/10\/facebook-files-el-escandalo-que-otra-vez-cuestiona-a-la-red-social.gif\" data-dt-lazy-src=\"https:\/\/icdn.dtcn.com\/image\/digitaltrends_es\/image_treatment_facebook_hacked_200716-720x720.jpg\" onerror=\"dti_load_error(this)\" class=\"size-large wp-image-745144 dt-lazy-load dt-lazy-pending\" alt=\"facebook hacked\"><figcaption id=\"caption-attachment-745144\" class=\"wp-caption-text\"><span class=\"credit\">Digital Trends Graphic<\/span><\/figcaption><\/figure>\n<p>Facebook Files es el nombre que recibieron un conjunto de reportajes del diario estadounidense <em>Wall Street Journal <\/em>y que han dado cuenta de pr\u00e1cticas cuestionables de la red social m\u00e1s usada en el mundo.<\/p>\n<p>La investigaci\u00f3n est\u00e1 basada en una revisi\u00f3n de documentos internos de la compa\u00f1\u00eda, entre los que se encuentran informes de investigaci\u00f3n, entrevistas en l\u00ednea con algunos empleados y acceso a borradores de presentaciones para los cargos directivos.<\/p>\n<p>Seg\u00fan el medio, la mayor\u00eda de las veces son situaciones que tienen \u201cefectos nocivos\u201d entre los usuarios de las diversas plataformas de Facebook Inc, que no han sido resueltos a pesar de los compromisos ante el Congreso de Estados Unidos y la opini\u00f3n p\u00fablica.<\/p>\n<p>\u201cLos documentos ofrecen quiz\u00e1s la imagen m\u00e1s clara hasta ahora de cu\u00e1n ampliamente se conocen los problemas de Facebook dentro de la empresa, hasta el propio director ejecutivo\u201d, apunta la investigaci\u00f3n.<\/p>\n<h2>Qu\u00e9 revel\u00f3 Facebook Files<\/h2>\n<figure id=\"attachment_737935\" aria-describedby=\"caption-attachment-737935\" class=\"wp-caption aligncenter\"><img src=\"http:\/\/cordobadirecto.com\/wp-content\/uploads\/2021\/10\/facebook-files-el-escandalo-que-otra-vez-cuestiona-a-la-red-social.gif\" data-dt-lazy-src=\"https:\/\/icdn.dtcn.com\/image\/digitaltrends_es\/mark-zuckerberg_4_featuredimage_2006092x-720x720.jpg\" onerror=\"dti_load_error(this)\" class=\"size-large wp-image-737935 dt-image-n dt-lazy-load dt-lazy-pending\" alt=\"mark zuckerberg\"><figcaption id=\"caption-attachment-737935\" class=\"wp-caption-text\"><span class=\"credit\">Getty Images\/Digital Trends Graphic<\/span><\/figcaption><\/figure>\n<ul>\n<li><strong>\u00bfLas mismas reglas para todos? <\/strong>Seg\u00fan Facebook, sus reglas se aplican para todos los usuarios por igual. Sin embargo, los documentos revelaron que cre\u00f3 un programa de verificaci\u00f3n cruzada, denominado XCheck, dise\u00f1ado para proteger cuentas de alto perfil. Una suerte de <a href=\"https:\/\/es.digitaltrends.com\/sociales\/facebook-vip-famosos-publican-sin-censura\/\">Facebook VIP<\/a>. Estos usuarios puede pueden publicar material que para otros usuarios ser\u00eda sancionado como incitaci\u00f3n a la violencia o acoso.<\/li>\n<li><strong>Instagram es t\u00f3xico para adolescentes.<\/strong> Las investigaciones internas \u2013que no ha sido divulgadas por la compa\u00f1\u00eda- habr\u00edan confirmado que <a href=\"https:\/\/es.digitaltrends.com\/sociales\/facebook-instagram-toxico-adolescentes\/\">Instagram es da\u00f1ino para los usuarios m\u00e1s j\u00f3venes<\/a>, incluso mucho m\u00e1s que otras plataformas. Aunque Facebook ha negado se trate de efectos negativos generalizados, tom\u00f3 la decisi\u00f3n de suspender una versi\u00f3n para adolescentes de la aplicaci\u00f3n.<\/li>\n<li><strong>Cambios en algoritmos. <\/strong>En 2018, la compa\u00f1\u00eda modific\u00f3 los <a href=\"https:\/\/es.digitaltrends.com\/sociales\/acusan-algoritmo-facebook-negacionismo\/\">algoritmos de Facebook <\/a>para hacerlo un espacio m\u00e1s saludable y fomentar las interacciones entre los propios usuarios. Sin embargo, los informes internos revelaron que los cambios provocaron un efecto contrario. Seg\u00fan los informes internos, Zuckerberg se neg\u00f3 a hacer cambios porque tem\u00eda que se reducir\u00eda las interacciones internas.<\/li>\n<li><strong>Permisividad con c\u00e1rteles de drogas y trata de personas. <\/strong>Seg\u00fan <em>The Wall Street Journal,<\/em> la <a href=\"https:\/\/es.digitaltrends.com\/sociales\/informe-advierte-facebook-trafico-sexual\/\">respuesta de Facebook fue nula o inadecuada<\/a> frente a las numerosas advertencias de sus empleados sobre organizaciones de tratas de personas en Medio Oriente; violencia contra las minor\u00edas \u00e9tnicas en Etiop\u00eda; o casos de c\u00e1rteles de drogas; venta de \u00f3rganos o pornograf\u00eda, entre otros.<\/li>\n<li><strong>Vacunas contra el COVID-19. <\/strong>Aunque Facebook se comprometi\u00f3 a respaldar el proceso de vacunaci\u00f3n contra el COVID-19 en Estados Unidos, algunos usuarios provocaron una \u201cbarrera a la vacunaci\u00f3n\u201d. Vali\u00e9ndose de las propias herramientas de la plataforma, sembraron dudas sobre la gravedad de la pandemia y la seguridad de los ant\u00eddotos.<\/li>\n<\/ul>\n<h2>C\u00f3mo controlar lo que compartes en (y con) Facebook<\/h2>\n<figure class=\"aligncenter\"><img src=\"http:\/\/cordobadirecto.com\/wp-content\/uploads\/2021\/10\/facebook-files-el-escandalo-que-otra-vez-cuestiona-a-la-red-social.gif\" data-dt-lazy-src=\"https:\/\/icdn.dtcn.com\/image\/digitaltrends_es\/facebook-data-720x720.jpg\" onerror=\"dti_load_error(this)\" class=\"size-large wp-image-800911 dt-lazy-load dt-lazy-pending\" alt><\/figure>\n<p>Aunque ya te hemos indicado c\u00f3mo <a href=\"https:\/\/es.digitaltrends.com\/sociales\/como-reforzar-privacidad-redes-sociales\/\">proteger y reforzar tu privacidad en redes sociales<\/a>, hay algunos pasos b\u00e1sicos que debes adoptar para resguardarte frente al uso de esta red social.<\/p>\n<p>Lo m\u00e1s b\u00e1sico la verificar el apartado de Privacidad (<strong>Configuraci\u00f3n y privacidad &gt;&nbsp;Acceso a datos de privacidad<\/strong>), donde puedes verificar si tus publicaciones son p\u00fablicas o privadas, y qui\u00e9nes y c\u00f3mo te pueden contactar.<\/p>\n<p>En el mismo apartado, debes verificar si has dado autorizaci\u00f3n a Facebook para que use el reconocimiento facial, acceso a tu historial de ubicaciones y si quieres que te ofrezca anuncios personalizados seg\u00fan tus preferencias y actividades en la web.<\/p>\n<p>Ahora, si te interesa tomar medidas m\u00e1s dr\u00e1sticas, probablemente &nbsp;quieras conocer <a href=\"https:\/\/es.digitaltrends.com\/sociales\/como-borrar-la-cuenta-de-facebook\/\">c\u00f3mo eliminar tu cuenta de Facebook<\/a> y descargar todos tus datos personales.<\/p>\n<h4 class=\"h-editors-recs-title\"> Recomendaciones del editor\t<\/h4>\n<p> <span id=\"publisher-md\" itemprop=\"publisher\" itemscope itemtype=\"https:\/\/schema.org\/Organization\"> <span itemprop=\"url\" itemtype=\"https:\/\/schema.org\/Url\" content=\"https:\/\/es.digitaltrends.com\"> <span itemprop=\"logo\" itemscope itemtype=\"https:\/\/schema.org\/ImageObject\"> <meta itemprop=\"url\" content=\"https:\/\/cdn.dtcn.com\/dt\/dt-logo-small.png\"> <meta itemprop=\"width\" content=\"0\"> <meta itemprop=\"height\" content=\"0\"> <\/span> <meta itemprop=\"name\" content=\"Digital Trends Espa\u00f1ol\"> <\/span> <span itemprop=\"image\" itemscope itemtype=\"https:\/\/schema.org\/ImageObject\"> <meta itemprop=\"url\" content=\"https:\/\/icdn.dtcn.com\/image\/digitaltrends_es\/mark-zuckerberg_3_featuredimage_2006092x.jpg\"> <\/span> <\/span><\/p>\n","protected":false},"excerpt":{"rendered":"<p>En el ojo del hurac\u00e1n otra vez. Como ocurri\u00f3 en 2018 con el esc\u00e1ndalo de Cambridge Analytica, el \u00faltimo trimestre de 2021 ha sido agitado para Facebook. Una serie de filtraciones de documentos, que ha recibido el nombre de Facebook Files, es el nuevo esc\u00e1ndalo que azota a la red social de Mark Zuckerberg. Te [&hellip;]<\/p>\n","protected":false},"author":1,"featured_media":22516,"comment_status":"closed","ping_status":"closed","sticky":false,"template":"","format":"standard","meta":[],"categories":[26],"tags":[],"_links":{"self":[{"href":"http:\/\/cordobadirecto.com\/index.php\/wp-json\/wp\/v2\/posts\/22515"}],"collection":[{"href":"http:\/\/cordobadirecto.com\/index.php\/wp-json\/wp\/v2\/posts"}],"about":[{"href":"http:\/\/cordobadirecto.com\/index.php\/wp-json\/wp\/v2\/types\/post"}],"author":[{"embeddable":true,"href":"http:\/\/cordobadirecto.com\/index.php\/wp-json\/wp\/v2\/users\/1"}],"replies":[{"embeddable":true,"href":"http:\/\/cordobadirecto.com\/index.php\/wp-json\/wp\/v2\/comments?post=22515"}],"version-history":[{"count":0,"href":"http:\/\/cordobadirecto.com\/index.php\/wp-json\/wp\/v2\/posts\/22515\/revisions"}],"wp:featuredmedia":[{"embeddable":true,"href":"http:\/\/cordobadirecto.com\/index.php\/wp-json\/wp\/v2\/media\/22516"}],"wp:attachment":[{"href":"http:\/\/cordobadirecto.com\/index.php\/wp-json\/wp\/v2\/media?parent=22515"}],"wp:term":[{"taxonomy":"category","embeddable":true,"href":"http:\/\/cordobadirecto.com\/index.php\/wp-json\/wp\/v2\/categories?post=22515"},{"taxonomy":"post_tag","embeddable":true,"href":"http:\/\/cordobadirecto.com\/index.php\/wp-json\/wp\/v2\/tags?post=22515"}],"curies":[{"name":"wp","href":"https:\/\/api.w.org\/{rel}","templated":true}]}}