{"id":22539,"date":"2021-10-07T20:57:29","date_gmt":"2021-10-07T20:57:29","guid":{"rendered":"https:\/\/www.cordoba.gob.ar\/?p=14437"},"modified":"2021-10-07T20:57:29","modified_gmt":"2021-10-07T20:57:29","slug":"finalizaron-los-cursos-para-referentes-de-organizaciones-comunitarias-dictados-por-la-municipalidad-y-la-universidad-provincial-de-cordoba","status":"publish","type":"post","link":"http:\/\/cordobadirecto.com\/index.php\/2021\/10\/07\/finalizaron-los-cursos-para-referentes-de-organizaciones-comunitarias-dictados-por-la-municipalidad-y-la-universidad-provincial-de-cordoba\/","title":{"rendered":"Finalizaron los cursos para referentes de organizaciones comunitarias dictados por la Municipalidad y la Universidad Provincial de C\u00f3rdoba"},"content":{"rendered":"<div><img src=\"http:\/\/cordobadirecto.com\/wp-content\/uploads\/2021\/10\/finalizaron-los-cursos-para-referentes-de-organizaciones-comunitarias-dictados-por-la-municipalidad-y-la-universidad-provincial-de-cordoba.jpg\" class=\"ff-og-image-inserted\"><\/div>\n<p>En el marco del Programa Centros Integradores Comunitarios que lleva adelante la Secretar\u00eda de Pol\u00edticas Sociales, Inclusi\u00f3n y Convivencia de la Municipalidad y el Programa de Vinculaci\u00f3n Territorial y Comunitaria de la UPC, referentes de organizaciones comunitarias concluyeron los cursos de habilidades de gesti\u00f3n dictados por la Universidad Provincial de C\u00f3rdoba en convenio con la Municipalidad de C\u00f3rdoba, a trav\u00e9s de los Centros Integradores comunitarios de la ciudad.<\/p>\n<p>Las capacitaciones abordaron tem\u00e1ticas como gastronom\u00eda comunitaria, confecci\u00f3n de plantines, escritura para la prevenci\u00f3n de la violencia de g\u00e9nero y f\u00fatbol femenino.<\/p>\n<p>Esta semana, en la Sala Mayor de la Ciudad de las Artes, se llev\u00f3 adelante la entrega de certificados a 50 referentes que completaron el cursado, cumpliendo con la asistencia obligatoria, participando de cada instancia de la capacitaci\u00f3n. El acto cont\u00f3 con la participaci\u00f3n del viceintendente Daniel Passerini, el subsecretario de Participaci\u00f3n y Convivencia Ciudadana, Oscar Arias, el director de Participaci\u00f3n Ciudadana y Convivencia, Gast\u00f3n Baena, la rectora de la UPC, Raquel Krawchick, y la secretaria de Extensi\u00f3n y Relaciones Institucionales de la UPC, Mariela Edelstein.<\/p>\n<p>Estas capacitaciones fueron el resultado de un acta acuerdo entre la Municipalidad y la Universidad Provincial de C\u00f3rdoba, con el objetivo de desarrollar formaciones para potenciar las habilidades de referentes de organizaciones comunitarias, optimizando las capacidades de gesti\u00f3n de las organizaciones que trabajan en conjunto con el Estado en acciones de promoci\u00f3n social y prevenci\u00f3n socio-sanitaria.<\/p>\n<p>Cabe destacar, que dichos talleres se dictaron en los Centros Integradores Comunitarios Cabildo, La Tela y Villa Siburu y en las aulas de la Universidad Provincial, en la Ciudad de las Artes, en el Estadio Kempes y en la Facultad de Turismo, brindando acceso a vecinos que quiz\u00e1s de otra forma no hubieran podido llegar a estos espacios.<\/p>\n","protected":false},"excerpt":{"rendered":"<p>En el marco del Programa Centros Integradores Comunitarios que lleva adelante la Secretar\u00eda de Pol\u00edticas Sociales, Inclusi\u00f3n y Convivencia de la Municipalidad y el Programa de Vinculaci\u00f3n Territorial y Comunitaria de la UPC, referentes de organizaciones comunitarias concluyeron los cursos de habilidades de gesti\u00f3n dictados por la Universidad Provincial de C\u00f3rdoba en convenio con la [&hellip;]<\/p>\n","protected":false},"author":1,"featured_media":22540,"comment_status":"closed","ping_status":"closed","sticky":false,"template":"","format":"standard","meta":[],"categories":[44],"tags":[],"_links":{"self":[{"href":"http:\/\/cordobadirecto.com\/index.php\/wp-json\/wp\/v2\/posts\/22539"}],"collection":[{"href":"http:\/\/cordobadirecto.com\/index.php\/wp-json\/wp\/v2\/posts"}],"about":[{"href":"http:\/\/cordobadirecto.com\/index.php\/wp-json\/wp\/v2\/types\/post"}],"author":[{"embeddable":true,"href":"http:\/\/cordobadirecto.com\/index.php\/wp-json\/wp\/v2\/users\/1"}],"replies":[{"embeddable":true,"href":"http:\/\/cordobadirecto.com\/index.php\/wp-json\/wp\/v2\/comments?post=22539"}],"version-history":[{"count":0,"href":"http:\/\/cordobadirecto.com\/index.php\/wp-json\/wp\/v2\/posts\/22539\/revisions"}],"wp:featuredmedia":[{"embeddable":true,"href":"http:\/\/cordobadirecto.com\/index.php\/wp-json\/wp\/v2\/media\/22540"}],"wp:attachment":[{"href":"http:\/\/cordobadirecto.com\/index.php\/wp-json\/wp\/v2\/media?parent=22539"}],"wp:term":[{"taxonomy":"category","embeddable":true,"href":"http:\/\/cordobadirecto.com\/index.php\/wp-json\/wp\/v2\/categories?post=22539"},{"taxonomy":"post_tag","embeddable":true,"href":"http:\/\/cordobadirecto.com\/index.php\/wp-json\/wp\/v2\/tags?post=22539"}],"curies":[{"name":"wp","href":"https:\/\/api.w.org\/{rel}","templated":true}]}}