{"id":22541,"date":"2021-10-07T17:21:37","date_gmt":"2021-10-07T17:21:37","guid":{"rendered":"https:\/\/www.cordoba.gob.ar\/?p=14455"},"modified":"2021-10-07T17:21:37","modified_gmt":"2021-10-07T17:21:37","slug":"a-traves-de-los-cpc-avanza-el-proyecto-ods-municipal","status":"publish","type":"post","link":"http:\/\/cordobadirecto.com\/index.php\/2021\/10\/07\/a-traves-de-los-cpc-avanza-el-proyecto-ods-municipal\/","title":{"rendered":"A trav\u00e9s de los CPC, avanza el proyecto \u201cODS Municipal\u201d"},"content":{"rendered":"<div><img src=\"http:\/\/cordobadirecto.com\/wp-content\/uploads\/2021\/10\/a-traves-de-los-cpc-avanza-el-proyecto-ods-municipal.jpg\" class=\"ff-og-image-inserted\"><\/div>\n<ul>\n<li><strong>La iniciativa tiene como objetivo la territorializaci\u00f3n de los Objetivos de Desarrollo Sostenible en la ciudad de C\u00f3rdoba.<\/strong><\/li>\n<li><strong>Los Centros de Participaci\u00f3n Comunal articular\u00e1n con Centros Vecinales, clubes, entidades religiosas y educativas.<\/strong><\/li>\n<\/ul>\n<hr>\n<p>La Secretar\u00eda de Participaci\u00f3n Ciudadana, junto a su par de Gesti\u00f3n Ambiental y Sostenibilidad, la Universidad Libre del Ambiente, el Ente Bio C\u00f3rdoba, con el acompa\u00f1amiento de la Universidad Blas Pascal y la Federaci\u00f3n Latinoamericana de Municipios y Ciudades (FLACMA) firmaron un convenio para la implementaci\u00f3n del Proyecto \u201cODS Municipal\u201d.<\/p>\n<p>Este programa est\u00e1 orientado a la localizaci\u00f3n de los \u201cObjetivos de Desarrollo Sostenible\u201d en la ciudad para facilitar su implementaci\u00f3n a trav\u00e9s de pol\u00edticas p\u00fablicas, promoviendo la participaci\u00f3n de la sociedad civil en el proceso.<\/p>\n<p>Como parte del proyecto, se firm\u00f3 un convenio espec\u00edfico de colaboraci\u00f3n para incorporar a j\u00f3venes universitarios de distintas carreras en las actividades y tareas de diagn\u00f3stico y territorializaci\u00f3n de los ODS.<\/p>\n<p>Estudiantes de la Universidad Blas Pascal realizar\u00e1n encuestas y actividades de campo que posibilitan obtener informaci\u00f3n. <em>\u201cEsto nos permitir\u00e1 hacer un diagn\u00f3stico global, determinar cu\u00e1les son las debilidades y las oportunidades para que desde el Municipio se puedan afrontar los problemas e ir d\u00e1ndoles soluci\u00f3n de acuerdo al orden de prioridades que se establezcan\u201d<\/em>, explic\u00f3 el secretario de Internalizaci\u00f3n de la Universidad Blas Pascal y director de la C\u00e1tedra Unesco en Seguridad Humana de la instituci\u00f3n, Alberto Ferral.<\/p>\n<p>Para llevar adelante este proyecto se utilizar\u00e1n tecnolog\u00edas colaborativas de acceso libre y uso gratuito como herramienta para la toma de decisiones y la participaci\u00f3n y seguimiento ciudadano del cumplimiento de la Agenda 2030.<\/p>\n<p>Al respecto, Juan Domingo Viola, Secretario de Participaci\u00f3n Ciudadana, manifest\u00f3: <em>\u201cEsta carta intenci\u00f3n tiene como fin abrir las puertas de los CPC, de socializar toda la red de instituciones que tienen los CPC como lo son los centros vecinales, clubes, entidades religiosas, educativas y poder llegar a ellas para medir y ver cu\u00e1les son las problem\u00e1ticas que tenemos relacionadas a los ODS barrio adentro; y con esta informaci\u00f3n poder elaborar y articular de manera conjunta soluciones que nos permitan trabajar y profundizar la territorializaci\u00f3n de ODS en todas las instituciones\u201d.<\/em><\/p>\n<p>En el mismo sentido, el secretario de Gesti\u00f3n Ambiental y Sostenibilidad, Jorge Folloni, agreg\u00f3: <em>\u201cEsto nos permitir\u00e1 la mapificaci\u00f3n, la zonificaci\u00f3n de la ciudad de C\u00f3rdoba de acuerdo al cumplimiento de las metas de los Objetivos de Desarrollo Sostenible 2030\u2033.<\/em><\/p>\n<p>El funcionario agreg\u00f3 que la iniciativa se har\u00e1 en conjunto con todos los CPC de nuestra ciudad y con todos los centros vecinales en un proceso participativo para mejorar el d\u00eda a d\u00eda la calidad de nuestro ambiente.<\/p>\n<p><em>\u201cPara el intendente es un tema prioritario la visibilizaci\u00f3n, la realizaci\u00f3n y la medici\u00f3n de los ODS que hoy es un tema de agenda mundial ante esta situaci\u00f3n de cambio clim\u00e1tico y por otras situaciones cr\u00edticas que atraviesa el plantea\u201d<\/em>, finaliz\u00f3 Folloni.<\/p>\n","protected":false},"excerpt":{"rendered":"<p>La iniciativa tiene como objetivo la territorializaci\u00f3n de los Objetivos de Desarrollo Sostenible en la ciudad de C\u00f3rdoba. Los Centros de Participaci\u00f3n Comunal articular\u00e1n con Centros Vecinales, clubes, entidades religiosas y educativas. La Secretar\u00eda de Participaci\u00f3n Ciudadana, junto a su par de Gesti\u00f3n Ambiental y Sostenibilidad, la Universidad Libre del Ambiente, el Ente Bio C\u00f3rdoba, [&hellip;]<\/p>\n","protected":false},"author":1,"featured_media":22542,"comment_status":"closed","ping_status":"closed","sticky":false,"template":"","format":"standard","meta":[],"categories":[44],"tags":[],"_links":{"self":[{"href":"http:\/\/cordobadirecto.com\/index.php\/wp-json\/wp\/v2\/posts\/22541"}],"collection":[{"href":"http:\/\/cordobadirecto.com\/index.php\/wp-json\/wp\/v2\/posts"}],"about":[{"href":"http:\/\/cordobadirecto.com\/index.php\/wp-json\/wp\/v2\/types\/post"}],"author":[{"embeddable":true,"href":"http:\/\/cordobadirecto.com\/index.php\/wp-json\/wp\/v2\/users\/1"}],"replies":[{"embeddable":true,"href":"http:\/\/cordobadirecto.com\/index.php\/wp-json\/wp\/v2\/comments?post=22541"}],"version-history":[{"count":0,"href":"http:\/\/cordobadirecto.com\/index.php\/wp-json\/wp\/v2\/posts\/22541\/revisions"}],"wp:featuredmedia":[{"embeddable":true,"href":"http:\/\/cordobadirecto.com\/index.php\/wp-json\/wp\/v2\/media\/22542"}],"wp:attachment":[{"href":"http:\/\/cordobadirecto.com\/index.php\/wp-json\/wp\/v2\/media?parent=22541"}],"wp:term":[{"taxonomy":"category","embeddable":true,"href":"http:\/\/cordobadirecto.com\/index.php\/wp-json\/wp\/v2\/categories?post=22541"},{"taxonomy":"post_tag","embeddable":true,"href":"http:\/\/cordobadirecto.com\/index.php\/wp-json\/wp\/v2\/tags?post=22541"}],"curies":[{"name":"wp","href":"https:\/\/api.w.org\/{rel}","templated":true}]}}