{"id":2268,"date":"2021-02-27T06:03:54","date_gmt":"2021-02-27T06:03:54","guid":{"rendered":"http:\/\/www.bbc.com\/mundo\/noticias-internacional-56204319"},"modified":"2021-02-27T06:03:54","modified_gmt":"2021-02-27T06:03:54","slug":"pablo-hasel-el-encarcelamiento-del-rapero-fue-el-detonante-pero-hay-muchas-mas-cosas-que-hay-detras-de-la-ola-de-protestas-en-barcelona","status":"publish","type":"post","link":"http:\/\/cordobadirecto.com\/index.php\/2021\/02\/27\/pablo-hasel-el-encarcelamiento-del-rapero-fue-el-detonante-pero-hay-muchas-mas-cosas-que-hay-detras-de-la-ola-de-protestas-en-barcelona\/","title":{"rendered":"Pablo Has\u00e9l | &#8220;El encarcelamiento del rapero fue el detonante, pero hay muchas m\u00e1s cosas&#8221;: qu\u00e9 hay detr\u00e1s de la ola de protestas en Barcelona"},"content":{"rendered":"<div dir=\"ltr\" class=\"e1j2237y6 bbc-1amf61q-GridComponent e57qer20\">\n<div class=\"bbc-um5zo-Container e1c9i7u14\">\n<ul role=\"list\" class=\"bbc-182pkjt-Person e1c9i7u12\">\n<li role=\"listitem\" class=\"bbc-dvly96-Name e1c9i7u11\">Enric Botella<\/li>\n<li role=\"listitem\" class=\"bbc-1942rtw-Title e1c9i7u10\">BBC News Mundo<\/li>\n<\/ul>\n<\/div>\n<\/div>\n<p><time datetime=\"2021-02-27\" class=\"bbc-eihuha-StyledTimestamp e4zesg50\">1 hora<\/time><\/p>\n<div dir=\"ltr\" class=\"bbc-1ufkmt5-GridComponent e57qer20\">\n<figure class=\"bbc-m91nxa-Figure e6bmn90\">\n<div dir=\"ltr\" class=\"bbc-1gx5b6l-GridComponent e57qer20\">\n<div dir=\"ltr\" class=\"bbc-bqg5er-GridComponent e57qer20\" readability=\"6.5\">\n<div class=\"bbc-8q39gi-ImagePlaceholder e1whu0\" readability=\"8\"><img srcset=\"http:\/\/cordobadirecto.com\/wp-content\/uploads\/2021\/02\/pablo-hasel-el-encarcelamiento-del-rapero-fue-el-detonante-pero-hay-muchas-mas-cosas-que-hay-detras-de-la-ola-de-protestas-en-barcelona-12.jpg 240w, http:\/\/cordobadirecto.com\/wp-content\/uploads\/2021\/02\/pablo-hasel-el-encarcelamiento-del-rapero-fue-el-detonante-pero-hay-muchas-mas-cosas-que-hay-detras-de-la-ola-de-protestas-en-barcelona-13.jpg 320w, http:\/\/cordobadirecto.com\/wp-content\/uploads\/2021\/02\/pablo-hasel-el-encarcelamiento-del-rapero-fue-el-detonante-pero-hay-muchas-mas-cosas-que-hay-detras-de-la-ola-de-protestas-en-barcelona-14.jpg 480w, http:\/\/cordobadirecto.com\/wp-content\/uploads\/2021\/02\/pablo-hasel-el-encarcelamiento-del-rapero-fue-el-detonante-pero-hay-muchas-mas-cosas-que-hay-detras-de-la-ola-de-protestas-en-barcelona-15.jpg 624w, http:\/\/cordobadirecto.com\/wp-content\/uploads\/2021\/02\/pablo-hasel-el-encarcelamiento-del-rapero-fue-el-detonante-pero-hay-muchas-mas-cosas-que-hay-detras-de-la-ola-de-protestas-en-barcelona-16.jpg 800w\" alt=\"Manifestantes tras una barricada en Barcelona.\" src=\"http:\/\/cordobadirecto.com\/wp-content\/uploads\/2021\/02\/pablo-hasel-el-encarcelamiento-del-rapero-fue-el-detonante-pero-hay-muchas-mas-cosas-que-hay-detras-de-la-ola-de-protestas-en-barcelona.jpg\" width=\"1024\" class=\"bbc-1suxhxy-StyledImg e1enwo3v0\"><\/p>\n<p role=\"text\" class=\"bbc-iif8qe-Copyright etq3yw90\"><span class=\"bbc-ow3j0s-VisuallyHiddenText e1yt7oin0\">Fuente de la imagen, <\/span><span lang=\"en-GB\">Jordi Borr\u00e0s<\/span><\/p>\n<\/div>\n<\/div>\n<div dir=\"ltr\" class=\"bbc-1cx6mr7-GridComponent e57qer20\" readability=\"6\"><figcaption dir=\"ltr\" class=\"bbc-1mhipbm-Caption eede9f50\" readability=\"2\"><span class=\"bbc-ow3j0s-VisuallyHiddenText e1yt7oin0\">Pie de foto, <\/span><\/p>\n<p>Varias de las protestas contra el encarcelamiento de Pablo Has\u00e9l terminaron con barricadas.<\/p>\n<\/figcaption><\/div>\n<\/div>\n<\/figure>\n<\/div>\n<div dir=\"ltr\" class=\"bbc-1unnq9o-GridComponent e57qer20\" readability=\"8\">\n<p dir=\"ltr\" class=\"bbc-1kju7ke-Paragraph e1cc2ql70\"><b>La entrada en prisi\u00f3n del rapero espa\u00f1ol Pablo Has\u00e9l el pasado 16 de febrero desat\u00f3 una oleada de protestas que ha sacudido Espa\u00f1a en los \u00faltimos d\u00edas.<\/b><\/p>\n<\/div>\n<div dir=\"ltr\" class=\"bbc-1unnq9o-GridComponent e57qer20\" readability=\"8\">\n<p dir=\"ltr\" class=\"bbc-1kju7ke-Paragraph e1cc2ql70\">Has\u00e9l fue condenado por &#8220;enaltecimiento del terrorismo e injurias a la Corona y a instituciones estatales&#8221; por algunas de sus letras y tuits.<\/p>\n<\/div>\n<div dir=\"ltr\" class=\"bbc-1unnq9o-GridComponent e57qer20\" readability=\"9\">\n<p dir=\"ltr\" class=\"bbc-1kju7ke-Paragraph e1cc2ql70\">Al acumular condenas previas por delitos como agresiones y amenazas, la justicia espa\u00f1ola decret\u00f3 su entrada en prisi\u00f3n. <\/p>\n<\/div>\n<div dir=\"ltr\" class=\"bbc-1unnq9o-GridComponent e57qer20\" readability=\"12\">\n<p dir=\"ltr\" class=\"bbc-1kju7ke-Paragraph e1cc2ql70\">Tras el ingreso penitenciario de Has\u00e9l \u2014nacido como Pablo Rivadulla Dur\u00f3 en 1988\u2014 se produjeron protestas virulentas para pedir su libertad en ciudades como Madrid, Valencia, Pamplona o Barcelona, demandando la libertad del rapero.<\/p>\n<\/div>\n<div dir=\"ltr\" class=\"bbc-1unnq9o-GridComponent e57qer20\" readability=\"11\">\n<p dir=\"ltr\" class=\"bbc-1kju7ke-Paragraph e1cc2ql70\">Pero lo que empez\u00f3 como una protesta contra lo que los manifestantes denunciaron como un ataque a la libertad de expresi\u00f3n, se torn\u00f3 en lo que varios de los participantes describen a BBC Mundo como una expresi\u00f3n de rabia por la<b> frustraci\u00f3n acumulada<\/b> por la falta de expectativas de futuro de una generaci\u00f3n castigada por la crisis econ\u00f3mica y ahora tambi\u00e9n los<b> efectos de la pandemia<\/b> de coronavirus.<\/p>\n<\/div>\n<div dir=\"ltr\" class=\"bbc-1unnq9o-GridComponent e57qer20\" readability=\"12\">\n<p dir=\"ltr\" class=\"bbc-1kju7ke-Paragraph e1cc2ql70\">En Barcelona, las manifestaciones se repitieron durante m\u00e1s de una semana \u2014hay m\u00e1s previstas en los pr\u00f3ximos d\u00edas\u2014 y en muchas ocasiones desembocaron en disturbios y actuaciones violentas contra la polic\u00eda y algunos comercios, que fueron condenados por parte de la ciudadan\u00eda y las autoridades.<\/p>\n<\/div>\n<div dir=\"ltr\" class=\"bbc-1unnq9o-GridComponent e57qer20\" readability=\"14\">\n<p dir=\"ltr\" class=\"bbc-1kju7ke-Paragraph e1cc2ql70\">En Twitter, la alcaldesa de Barcelona, Ada Colau, dijo que la defensa de la libertad de expresi\u00f3n &#8220;<b>no justifica en ning\u00fan caso destrozar todo tipo de mobiliario urbano<\/b>, asustar a vecinos, perjudicar comercios afectados por la crisis o atacar a medios de comunicaci\u00f3n&#8221;.<\/p>\n<\/div>\n<div dir=\"ltr\" class=\"bbc-1ufkmt5-GridComponent e57qer20\">\n<figure class=\"bbc-m91nxa-Figure e6bmn90\">\n<div dir=\"ltr\" class=\"bbc-1gx5b6l-GridComponent e57qer20\">\n<div dir=\"ltr\" class=\"bbc-bqg5er-GridComponent e57qer20\" readability=\"6.5\">\n<div class=\"bbc-8q39gi-ImagePlaceholder e1whu0\" readability=\"8\"><noscript><img srcset=\"http:\/\/cordobadirecto.com\/wp-content\/uploads\/2021\/02\/pablo-hasel-el-encarcelamiento-del-rapero-fue-el-detonante-pero-hay-muchas-mas-cosas-que-hay-detras-de-la-ola-de-protestas-en-barcelona-17.jpg 240w, http:\/\/cordobadirecto.com\/wp-content\/uploads\/2021\/02\/pablo-hasel-el-encarcelamiento-del-rapero-fue-el-detonante-pero-hay-muchas-mas-cosas-que-hay-detras-de-la-ola-de-protestas-en-barcelona-18.jpg 320w, http:\/\/cordobadirecto.com\/wp-content\/uploads\/2021\/02\/pablo-hasel-el-encarcelamiento-del-rapero-fue-el-detonante-pero-hay-muchas-mas-cosas-que-hay-detras-de-la-ola-de-protestas-en-barcelona-19.jpg 480w, http:\/\/cordobadirecto.com\/wp-content\/uploads\/2021\/02\/pablo-hasel-el-encarcelamiento-del-rapero-fue-el-detonante-pero-hay-muchas-mas-cosas-que-hay-detras-de-la-ola-de-protestas-en-barcelona-20.jpg 624w, http:\/\/cordobadirecto.com\/wp-content\/uploads\/2021\/02\/pablo-hasel-el-encarcelamiento-del-rapero-fue-el-detonante-pero-hay-muchas-mas-cosas-que-hay-detras-de-la-ola-de-protestas-en-barcelona-21.jpg 800w\" alt=\"Numerosos manifestantes marchan por una calle de Barcelona.\" src=\"http:\/\/cordobadirecto.com\/wp-content\/uploads\/2021\/02\/pablo-hasel-el-encarcelamiento-del-rapero-fue-el-detonante-pero-hay-muchas-mas-cosas-que-hay-detras-de-la-ola-de-protestas-en-barcelona-1.jpg\" width=\"1024\" class=\"bbc-1suxhxy-StyledImg e1enwo3v0\"><\/noscript><\/p>\n<p role=\"text\" class=\"bbc-iif8qe-Copyright etq3yw90\"><span class=\"bbc-ow3j0s-VisuallyHiddenText e1yt7oin0\">Fuente de la imagen, <\/span><span lang=\"en-GB\">Jordi Borr\u00e0s<\/span><\/p>\n<\/div>\n<\/div>\n<div dir=\"ltr\" class=\"bbc-1cx6mr7-GridComponent e57qer20\" readability=\"6\"><figcaption dir=\"ltr\" class=\"bbc-1mhipbm-Caption eede9f50\" readability=\"2\"><span class=\"bbc-ow3j0s-VisuallyHiddenText e1yt7oin0\">Pie de foto, <\/span><\/p>\n<p>Tras la entrada de Pablo Has\u00e9l en prisi\u00f3n se han convocado varias manifestaciones.<\/p>\n<\/figcaption><\/div>\n<\/div>\n<\/figure>\n<\/div>\n<p><h2 id=\"La-precariedad-como-gasolina\" tabindex=\"-1\" class=\"bbc-4qzrek-SubHeading e14hemmw0\">La precariedad como &#8220;gasolina&#8221;<\/h2>\n<\/p>\n<div dir=\"ltr\" class=\"bbc-1unnq9o-GridComponent e57qer20\" readability=\"13\">\n<p dir=\"ltr\" class=\"bbc-1kju7ke-Paragraph e1cc2ql70\">Las protestas no tienen un convocante claro ni un objetivo identificable. &#8220;<b>Es algo transversal<\/b>. Algunos de los participantes est\u00e1n organizados en plataformas pol\u00edticas. Otros son chavales menos politizados que lo ve\u00edan como una <b>oportunidad de expresar su rabia<\/b>&#8220;, le dice a BBC Mundo Llu\u00eds Cruz, periodista de Betev\u00e9, la televisora local de Barcelona.<\/p>\n<\/div>\n<div dir=\"ltr\" class=\"bbc-1unnq9o-GridComponent e57qer20\" readability=\"12\">\n<p dir=\"ltr\" class=\"bbc-1kju7ke-Paragraph e1cc2ql70\">&#8220;Hay perfiles muy diversos; chicos y chicas muy j\u00f3venes, de unos 20 a\u00f1os, pero los hay hasta de 16. Es complicado encasillar a los manifestantes en un perfil concreto&#8221;, agrega la tambi\u00e9n periodista local Marta Font.<\/p>\n<\/div>\n<div dir=\"ltr\" class=\"bbc-1unnq9o-GridComponent e57qer20\" readability=\"13\">\n<p dir=\"ltr\" class=\"bbc-1kju7ke-Paragraph e1cc2ql70\">Uno de esos j\u00f3venes es Pablo Castilla, estudiante de filosof\u00eda pol\u00edtica de 21 a\u00f1os y militante de una organizaci\u00f3n anticapitalista. Asegura que la<b> falta de &#8220;perspectivas de futuro&#8221;<\/b> es uno de los factores que le empuja a manifestarse a diario en la capital catalana, as\u00ed como &#8220;ver que lo que tenemos delante es cada vez m\u00e1s precariedad, m\u00e1s recortes de derechos y libertades&#8221;.<\/p>\n<\/div>\n<div dir=\"ltr\" class=\"bbc-1unnq9o-GridComponent e57qer20\" readability=\"10\">\n<p dir=\"ltr\" class=\"bbc-1kju7ke-Paragraph e1cc2ql70\">&#8220;El detonante fue el encarcelamiento de Pablo Has\u00e9l, pero yo ten\u00eda muy claro que no sal\u00eda \u00fanicamente por eso. Hay muchas m\u00e1s cosas detr\u00e1s&#8221;, agrega Castilla.<\/p>\n<\/div>\n<div dir=\"ltr\" class=\"bbc-1unnq9o-GridComponent e57qer20\" readability=\"14\">\n<p dir=\"ltr\" class=\"bbc-1kju7ke-Paragraph e1cc2ql70\">&#8220;<b>Nuestra generaci\u00f3n vivir\u00e1 peor que nuestros padres<\/b>, no encontramos trabajo, vemos negro el futuro&#8221;, dice, por su parte, Biel L\u00f3pez, tambi\u00e9n de 21 a\u00f1os y estudiante de Ciencias Pol\u00edticas.<\/p>\n<\/div>\n<div dir=\"ltr\" class=\"bbc-1ufkmt5-GridComponent e57qer20\">\n<figure class=\"bbc-m91nxa-Figure e6bmn90\">\n<div dir=\"ltr\" class=\"bbc-1gx5b6l-GridComponent e57qer20\">\n<div dir=\"ltr\" class=\"bbc-bqg5er-GridComponent e57qer20\" readability=\"6.5\">\n<div class=\"bbc-8q39gi-ImagePlaceholder e1whu0\" readability=\"8\"><noscript><img srcset=\"http:\/\/cordobadirecto.com\/wp-content\/uploads\/2021\/02\/pablo-hasel-el-encarcelamiento-del-rapero-fue-el-detonante-pero-hay-muchas-mas-cosas-que-hay-detras-de-la-ola-de-protestas-en-barcelona-22.jpg 240w, http:\/\/cordobadirecto.com\/wp-content\/uploads\/2021\/02\/pablo-hasel-el-encarcelamiento-del-rapero-fue-el-detonante-pero-hay-muchas-mas-cosas-que-hay-detras-de-la-ola-de-protestas-en-barcelona-23.jpg 320w, http:\/\/cordobadirecto.com\/wp-content\/uploads\/2021\/02\/pablo-hasel-el-encarcelamiento-del-rapero-fue-el-detonante-pero-hay-muchas-mas-cosas-que-hay-detras-de-la-ola-de-protestas-en-barcelona-24.jpg 480w, http:\/\/cordobadirecto.com\/wp-content\/uploads\/2021\/02\/pablo-hasel-el-encarcelamiento-del-rapero-fue-el-detonante-pero-hay-muchas-mas-cosas-que-hay-detras-de-la-ola-de-protestas-en-barcelona-25.jpg 624w, http:\/\/cordobadirecto.com\/wp-content\/uploads\/2021\/02\/pablo-hasel-el-encarcelamiento-del-rapero-fue-el-detonante-pero-hay-muchas-mas-cosas-que-hay-detras-de-la-ola-de-protestas-en-barcelona-26.jpg 800w\" alt=\"Un manifestante delante de un contenedor de basura en llamas.\" src=\"http:\/\/cordobadirecto.com\/wp-content\/uploads\/2021\/02\/pablo-hasel-el-encarcelamiento-del-rapero-fue-el-detonante-pero-hay-muchas-mas-cosas-que-hay-detras-de-la-ola-de-protestas-en-barcelona-2.jpg\" width=\"1024\" class=\"bbc-1suxhxy-StyledImg e1enwo3v0\"><\/noscript><\/p>\n<p role=\"text\" class=\"bbc-iif8qe-Copyright etq3yw90\"><span class=\"bbc-ow3j0s-VisuallyHiddenText e1yt7oin0\">Fuente de la imagen, <\/span><span lang=\"en-GB\">Jordi Borr\u00e0s<\/span><\/p>\n<\/div>\n<\/div>\n<div dir=\"ltr\" class=\"bbc-1cx6mr7-GridComponent e57qer20\" readability=\"6\"><figcaption dir=\"ltr\" class=\"bbc-1mhipbm-Caption eede9f50\" readability=\"2\"><span class=\"bbc-ow3j0s-VisuallyHiddenText e1yt7oin0\">Pie de foto, <\/span><\/p>\n<p>Los manifestantes aseguran que encienden barricadas para protegerse de las cargas de la polic\u00eda.<\/p>\n<\/figcaption><\/div>\n<\/div>\n<\/figure>\n<\/div>\n<div dir=\"ltr\" class=\"bbc-1unnq9o-GridComponent e57qer20\" readability=\"12\">\n<p dir=\"ltr\" class=\"bbc-1kju7ke-Paragraph e1cc2ql70\">Espa\u00f1a es el pa\u00eds con la <b>tasa de paro juvenil <\/b>m\u00e1s alta de toda la Uni\u00f3n Europea y de la Organizaci\u00f3n para la Cooperaci\u00f3n y el Desarrollo Econ\u00f3micos (OCDE). El 40,7% de los j\u00f3venes espa\u00f1oles no tiene trabajo; el doble que Colombia y cinco veces m\u00e1s que M\u00e9xico, seg\u00fan datos de la propia OCDE.<\/p>\n<\/div>\n<div dir=\"ltr\" class=\"bbc-1unnq9o-GridComponent e57qer20\" readability=\"9\">\n<p dir=\"ltr\" class=\"bbc-1kju7ke-Paragraph e1cc2ql70\">Pero tener trabajo no es una garant\u00eda para los j\u00f3venes. Seg\u00fan el Observatorio de Emancipaci\u00f3n Juvenil del Consejo de la Juventud de Espa\u00f1a \u2014un informe publicado en 2020\u2014 uno de cada cinco de los j\u00f3venes que trabajan se encuentra<b> en riesgo de pobreza<\/b> y exclusi\u00f3n social.<\/p>\n<\/div>\n<div dir=\"ltr\" class=\"bbc-1unnq9o-GridComponent e57qer20\" readability=\"13\">\n<p dir=\"ltr\" class=\"bbc-1kju7ke-Paragraph e1cc2ql70\">Adem\u00e1s, seg\u00fan el mismo informe, solo dos de cada diez menores de 30 a\u00f1os ha podido emanciparse. El Observatorio de Emancipaci\u00f3n Juvenil apunta tambi\u00e9n que en Catalu\u00f1a los elevados precios de la vivienda hacen que &#8220;el pago te\u00f3rico del alquiler habr\u00eda supuesto el 119,6% del salario individual&#8221;.<\/p>\n<\/div>\n<div dir=\"ltr\" class=\"bbc-1unnq9o-GridComponent e57qer20\">\n<div id=\"include-1\" class=\"bbc-1npwuzj e1vg4u840\">\n<div data-idt-uuid=\"b1f3944b-1baa-4bc5-a2d9-1c0ddbf38a1f\">\n<div data-graphicuuid=\"b1f3944b-1baa-4bc5-a2d9-1c0ddbf38a1f\" class=\"PicContainer-iky41v-0 dkfFzK\" readability=\"6.5\">\n<div data-graphicpic=\"true\" class=\"Img__PicImage-s1jp862x-1 dtAYqF\"><img src=\"http:\/\/cordobadirecto.com\/wp-content\/uploads\/2021\/02\/pablo-hasel-el-encarcelamiento-del-rapero-fue-el-detonante-pero-hay-muchas-mas-cosas-que-hay-detras-de-la-ola-de-protestas-en-barcelona-3.jpg\" alt class=\"Img__Image-s1jp862x-0 bypdNX\"><\/p>\n<p> Paco Freire\/Getty<\/p>\n<\/div>\n<blockquote dir=\"ltr\" class=\"PicQuote-s138d390-0 eZwimE\" readability=\"6\"><p><svg width=\"30\" height=\"25\" aria-label=\"Quote\" class=\"Quote__SVG-s1rj7ts5-0 jBAUmy\"><g fill=\"#C9A975\" fill-rule=\"evenodd\" transform=\"rotate(0 15 12)\"><path d=\"M0 15.614c0-4.538 1.106-8.074 3.319-10.61C5.53 2.47 8.697.801 12.817 0v4.626c-3.143.89-5.234 2.55-6.271 4.983-.58 1.304-.809 2.535-.687 3.692H13V25H0v-9.386zM17 15.614c0-4.538 1.106-8.074 3.319-10.61C22.53 2.47 25.697.801 29.817 0v4.626c-3.143.89-5.234 2.55-6.271 4.983-.58 1.304-.809 2.535-.687 3.692H30V25H17v-9.386z\" \/><\/g><\/svg><\/p>\n<p>Nuestra generaci\u00f3n vivir\u00e1 peor que nuestros padres, vemos negro el futuro&#8221;<\/p>\n<p><svg width=\"43\" height=\"3\" viewBox=\"0 0 43 3\" class=\"RuleBreak__SVG-lfivii-0 lazDte\"><path d=\"M1.5 1.5h40\" stroke=\"#C9A975\" stroke-width=\"3\" fill=\"none\" fill-rule=\"evenodd\" stroke-linecap=\"square\" \/><\/svg><\/p><\/blockquote>\n<\/div>\n<\/div>\n<\/div>\n<\/div>\n<div dir=\"ltr\" class=\"bbc-1unnq9o-GridComponent e57qer20\" readability=\"12\">\n<p dir=\"ltr\" class=\"bbc-1kju7ke-Paragraph e1cc2ql70\">El concejal de Presidencia y coordinador de gobierno del Ayuntamiento de Barcelona, Jordi Mart\u00ed, le dice a BBC Mundo que<b> &#8220;el dep\u00f3sito de gasolina, de la rabia social, est\u00e1 muy lleno&#8221;<\/b>. <\/p>\n<\/div>\n<div dir=\"ltr\" class=\"bbc-1unnq9o-GridComponent e57qer20\" readability=\"8\">\n<p dir=\"ltr\" class=\"bbc-1kju7ke-Paragraph e1cc2ql70\">&#8220;Est\u00e1 creciendo la indignaci\u00f3n por un sistema que ofrece pocas expectativas a los j\u00f3venes y la pandemia la ha agudizado&#8221;. <\/p>\n<\/div>\n<div dir=\"ltr\" class=\"bbc-1unnq9o-GridComponent e57qer20\" readability=\"10\">\n<p dir=\"ltr\" class=\"bbc-1kju7ke-Paragraph e1cc2ql70\">Aunque desde distintos estamentos se reconocen las dificultades por las que pasan los m\u00e1s j\u00f3venes, el hecho de que algunas protestas hayan terminado en disturbios provoc\u00f3 la cr\u00edtica por parte de algunas autoridades hacia algunos manifestantes.<\/p>\n<\/div>\n<div dir=\"ltr\" class=\"bbc-1unnq9o-GridComponent e57qer20\" readability=\"11\">\n<p dir=\"ltr\" class=\"bbc-1kju7ke-Paragraph e1cc2ql70\"><b>&#8220;No hay causa, ni lugar ni situaci\u00f3n que pueda justificar el uso de la violencia&#8221;<\/b>, dijo el presidente del gobierno espa\u00f1ol, Pedro S\u00e1nchez.<\/p>\n<\/div>\n<div dir=\"ltr\" class=\"bbc-1ufkmt5-GridComponent e57qer20\">\n<figure class=\"bbc-m91nxa-Figure e6bmn90\">\n<div dir=\"ltr\" class=\"bbc-1gx5b6l-GridComponent e57qer20\">\n<div dir=\"ltr\" class=\"bbc-bqg5er-GridComponent e57qer20\" readability=\"6.5\">\n<div class=\"bbc-8q39gi-ImagePlaceholder e1whu0\" readability=\"8\"><noscript><img srcset=\"http:\/\/cordobadirecto.com\/wp-content\/uploads\/2021\/02\/pablo-hasel-el-encarcelamiento-del-rapero-fue-el-detonante-pero-hay-muchas-mas-cosas-que-hay-detras-de-la-ola-de-protestas-en-barcelona-27.jpg 240w, http:\/\/cordobadirecto.com\/wp-content\/uploads\/2021\/02\/pablo-hasel-el-encarcelamiento-del-rapero-fue-el-detonante-pero-hay-muchas-mas-cosas-que-hay-detras-de-la-ola-de-protestas-en-barcelona-28.jpg 320w, http:\/\/cordobadirecto.com\/wp-content\/uploads\/2021\/02\/pablo-hasel-el-encarcelamiento-del-rapero-fue-el-detonante-pero-hay-muchas-mas-cosas-que-hay-detras-de-la-ola-de-protestas-en-barcelona-29.jpg 480w, http:\/\/cordobadirecto.com\/wp-content\/uploads\/2021\/02\/pablo-hasel-el-encarcelamiento-del-rapero-fue-el-detonante-pero-hay-muchas-mas-cosas-que-hay-detras-de-la-ola-de-protestas-en-barcelona-30.jpg 624w, http:\/\/cordobadirecto.com\/wp-content\/uploads\/2021\/02\/pablo-hasel-el-encarcelamiento-del-rapero-fue-el-detonante-pero-hay-muchas-mas-cosas-que-hay-detras-de-la-ola-de-protestas-en-barcelona-31.jpg 800w\" alt=\"Un polic\u00eda apunta con su arma de proyectiles de goma.\" src=\"http:\/\/cordobadirecto.com\/wp-content\/uploads\/2021\/02\/pablo-hasel-el-encarcelamiento-del-rapero-fue-el-detonante-pero-hay-muchas-mas-cosas-que-hay-detras-de-la-ola-de-protestas-en-barcelona-4.jpg\" width=\"1024\" class=\"bbc-1suxhxy-StyledImg e1enwo3v0\"><\/noscript><\/p>\n<p role=\"text\" class=\"bbc-iif8qe-Copyright etq3yw90\"><span class=\"bbc-ow3j0s-VisuallyHiddenText e1yt7oin0\">Fuente de la imagen, <\/span><span lang=\"en-GB\">Jordi Borr\u00e0s<\/span><\/p>\n<\/div>\n<\/div>\n<div dir=\"ltr\" class=\"bbc-1cx6mr7-GridComponent e57qer20\" readability=\"7.5\"><figcaption dir=\"ltr\" class=\"bbc-1mhipbm-Caption eede9f50\" readability=\"5\"><span class=\"bbc-ow3j0s-VisuallyHiddenText e1yt7oin0\">Pie de foto, <\/span><\/p>\n<p>El gobierno catal\u00e1n, responsable de los Mossos d&#8217;Esquadra \u2014la polic\u00eda regional\u2014, dijo que revisar\u00e1 los protocolos de orden p\u00fablico tras las cr\u00edticas a la actuaci\u00f3n policial.<\/p>\n<\/figcaption><\/div>\n<\/div>\n<\/figure>\n<\/div>\n<p><h2 id=\"Hay-una-criminalizaci\u00f3n-que-intenta-culpabilizar-a-los-j\u00f3venes-de-los-contagios\" tabindex=\"-1\" class=\"bbc-4qzrek-SubHeading e14hemmw0\">&#8220;Hay una criminalizaci\u00f3n que intenta culpabilizar a los j\u00f3venes de los contagios&#8221;<\/h2>\n<\/p>\n<div dir=\"ltr\" class=\"bbc-1unnq9o-GridComponent e57qer20\" readability=\"8\">\n<p dir=\"ltr\" class=\"bbc-1kju7ke-Paragraph e1cc2ql70\">Pablo Castilla asegura que la &#8220;persecuci\u00f3n policial que sufrimos los j\u00f3venes durante la pandemia&#8221; tambi\u00e9n juega un papel en las manifestaciones.<\/p>\n<\/div>\n<div dir=\"ltr\" class=\"bbc-1unnq9o-GridComponent e57qer20\" readability=\"9\">\n<p dir=\"ltr\" class=\"bbc-1kju7ke-Paragraph e1cc2ql70\">&#8220;En verano se nos culpabiliz\u00f3 de hacer fiestas ilegales y luego se vio que los principales rebrotes fueron entre temporeros, trabajadores migrantes con condiciones laborales precarias&#8221;.<\/p>\n<\/div>\n<div dir=\"ltr\" class=\"bbc-1unnq9o-GridComponent e57qer20\" readability=\"14\">\n<p dir=\"ltr\" class=\"bbc-1kju7ke-Paragraph e1cc2ql70\">Seg\u00fan Castilla, la <b>situaci\u00f3n laboral de algunos j\u00f3venes<\/b> en pandemia, con &#8220;trabajos precarios sin condiciones de seguridad&#8221;, ha tenido un papel influyente en la percepci\u00f3n de los j\u00f3venes como transmisores. &#8220;\u00bfCu\u00e1ntas fiestas ilegales hay en un vag\u00f3n de metro a las ocho de la ma\u00f1ana en Barcelona?&#8221;, se pregunta.<\/p>\n<\/div>\n<div dir=\"ltr\" class=\"bbc-1unnq9o-GridComponent e57qer20\" readability=\"12\">\n<p dir=\"ltr\" class=\"bbc-1kju7ke-Paragraph e1cc2ql70\">En julio el director del Centro de Coordinaci\u00f3n de Alertas y Emergencias Sanitarias de Espa\u00f1a, Fernando Sim\u00f3n, pidi\u00f3 a los j\u00f3venes que no olvidaran &#8220;el esfuerzo de sus mayores&#8221; en referencia a los &#8220;botellones&#8221; \u2014reuniones de j\u00f3venes para beber al aire libre\u2014 que se produjeron en verano en algunos lugares del pa\u00eds.<\/p>\n<\/div>\n<p><h2 id=\"Recortes-de-derechos-\" tabindex=\"-1\" class=\"bbc-4qzrek-SubHeading e14hemmw0\">&#8220;Recortes de derechos&#8221; <\/h2>\n<\/p>\n<div dir=\"ltr\" class=\"bbc-1unnq9o-GridComponent e57qer20\" readability=\"9\">\n<p dir=\"ltr\" class=\"bbc-1kju7ke-Paragraph e1cc2ql70\">Para Biel L\u00f3pez, a las dificultades econ\u00f3micas se a\u00f1aden &#8220;los recortes de derechos con el encarcelamiento de Has\u00e9l&#8221;. <\/p>\n<\/div>\n<div dir=\"ltr\" class=\"bbc-1unnq9o-GridComponent e57qer20\" readability=\"9\">\n<p dir=\"ltr\" class=\"bbc-1kju7ke-Paragraph e1cc2ql70\">El rapero es la persona de m\u00e1s alto perfil en ir de hecho a prisi\u00f3n por un delito de expresi\u00f3n en Espa\u00f1a en a\u00f1os recientes, pero su caso es solo uno de muchos que han causado controversia.<\/p>\n<\/div>\n<div dir=\"ltr\" class=\"bbc-1ufkmt5-GridComponent e57qer20\">\n<figure class=\"bbc-m91nxa-Figure e6bmn90\">\n<div dir=\"ltr\" class=\"bbc-1gx5b6l-GridComponent e57qer20\">\n<div dir=\"ltr\" class=\"bbc-bqg5er-GridComponent e57qer20\" readability=\"6.5\">\n<div class=\"bbc-8q39gi-ImagePlaceholder e1whu0\" readability=\"8\"><noscript><img srcset=\"http:\/\/cordobadirecto.com\/wp-content\/uploads\/2021\/02\/pablo-hasel-el-encarcelamiento-del-rapero-fue-el-detonante-pero-hay-muchas-mas-cosas-que-hay-detras-de-la-ola-de-protestas-en-barcelona-32.jpg 240w, http:\/\/cordobadirecto.com\/wp-content\/uploads\/2021\/02\/pablo-hasel-el-encarcelamiento-del-rapero-fue-el-detonante-pero-hay-muchas-mas-cosas-que-hay-detras-de-la-ola-de-protestas-en-barcelona-33.jpg 320w, http:\/\/cordobadirecto.com\/wp-content\/uploads\/2021\/02\/pablo-hasel-el-encarcelamiento-del-rapero-fue-el-detonante-pero-hay-muchas-mas-cosas-que-hay-detras-de-la-ola-de-protestas-en-barcelona-34.jpg 480w, http:\/\/cordobadirecto.com\/wp-content\/uploads\/2021\/02\/pablo-hasel-el-encarcelamiento-del-rapero-fue-el-detonante-pero-hay-muchas-mas-cosas-que-hay-detras-de-la-ola-de-protestas-en-barcelona-35.jpg 624w, http:\/\/cordobadirecto.com\/wp-content\/uploads\/2021\/02\/pablo-hasel-el-encarcelamiento-del-rapero-fue-el-detonante-pero-hay-muchas-mas-cosas-que-hay-detras-de-la-ola-de-protestas-en-barcelona-36.jpg 800w\" alt=\"Pablo Has\u00e9l en el momento de su detenci\u00f3n.\" src=\"http:\/\/cordobadirecto.com\/wp-content\/uploads\/2021\/02\/pablo-hasel-el-encarcelamiento-del-rapero-fue-el-detonante-pero-hay-muchas-mas-cosas-que-hay-detras-de-la-ola-de-protestas-en-barcelona-5.jpg\" width=\"1024\" class=\"bbc-1suxhxy-StyledImg e1enwo3v0\"><\/noscript><\/p>\n<p role=\"text\" class=\"bbc-iif8qe-Copyright etq3yw90\"><span class=\"bbc-ow3j0s-VisuallyHiddenText e1yt7oin0\">Fuente de la imagen, <\/span><span lang=\"en-GB\">Albert Llop\/NurPhoto\/Getty<\/span><\/p>\n<\/div>\n<\/div>\n<div dir=\"ltr\" class=\"bbc-1cx6mr7-GridComponent e57qer20\" readability=\"6.5\"><figcaption dir=\"ltr\" class=\"bbc-1mhipbm-Caption eede9f50\" readability=\"3\"><span class=\"bbc-ow3j0s-VisuallyHiddenText e1yt7oin0\">Pie de foto, <\/span><\/p>\n<p>Pablo Has\u00e9l fue detenido en la Universidad de Lleida, donde se hab\u00eda atrincherado.<\/p>\n<\/figcaption><\/div>\n<\/div>\n<\/figure>\n<\/div>\n<div dir=\"ltr\" class=\"bbc-1unnq9o-GridComponent e57qer20\" readability=\"12\">\n<p dir=\"ltr\" class=\"bbc-1kju7ke-Paragraph e1cc2ql70\">Otros int\u00e9rpretes o blogueros han incurrido en el delito de <b>&#8220;enaltecer el terrorismo&#8221;<\/b>, que tiene un rango tan amplio que cualquier ejemplo de justificaci\u00f3n de un acto terrorista, incluso si tuvo lugar hace mucho tiempo, puede conducir a una condena.<\/p>\n<\/div>\n<div dir=\"ltr\" class=\"bbc-1unnq9o-GridComponent e57qer20\" readability=\"8\">\n<p dir=\"ltr\" class=\"bbc-1kju7ke-Paragraph e1cc2ql70\">Amnist\u00eda Internacional tuite\u00f3 que el arresto de Has\u00e9l era una &#8220;noticia terrible&#8221; para la libertad de expresi\u00f3n en Espa\u00f1a.<\/p>\n<\/div>\n<div dir=\"ltr\" class=\"bbc-1unnq9o-GridComponent e57qer20\" readability=\"11\">\n<p dir=\"ltr\" class=\"bbc-1kju7ke-Paragraph e1cc2ql70\">El gobierno espa\u00f1ol anunci\u00f3 que planeaba<b> reducir la pena por delitos vinculados a la libertad de expresi\u00f3n<\/b> como la glorificaci\u00f3n del terrorismo, discurso de odio o insultos a la Corona y la religi\u00f3n, en el contexto de actividades culturales o art\u00edsticas.<\/p>\n<\/div>\n<div dir=\"ltr\" class=\"bbc-1unnq9o-GridComponent e57qer20\" readability=\"14\">\n<p dir=\"ltr\" class=\"bbc-1kju7ke-Paragraph e1cc2ql70\">Sin embargo, la vicepresidenta del gobierno, Carmen Calvo, asever\u00f3 en una entrevista en la Cadena Ser que &#8220;Pablo Has\u00e9l tiene un historial entero, se le est\u00e1n aplicando las normas de este pa\u00eds&#8221; y que <b>&#8220;todos los derechos tienen limitaciones&#8221;<\/b>, en referencia a las protestas violentas. <\/p>\n<\/div>\n<p><h2 id=\"Contra-la-corrupci\u00f3n-y-la-monarqu\u00eda-\" tabindex=\"-1\" class=\"bbc-4qzrek-SubHeading e14hemmw0\">Contra la corrupci\u00f3n y la monarqu\u00eda <\/h2>\n<\/p>\n<div dir=\"ltr\" class=\"bbc-1unnq9o-GridComponent e57qer20\" readability=\"12\">\n<p dir=\"ltr\" class=\"bbc-1kju7ke-Paragraph e1cc2ql70\">Andrea Vallejo, una joven de 23 a\u00f1os que compagina sus estudios de Sociolog\u00eda con un trabajo de recepcionista para pagar su alquiler, atribuye parte de la frustraci\u00f3n de los j\u00f3venes a los casos de corrupci\u00f3n, algunos de los cuales involucran a la esfera pol\u00edtica y a la propia monarqu\u00eda. <\/p>\n<\/div>\n<div dir=\"ltr\" class=\"bbc-1unnq9o-GridComponent e57qer20\" readability=\"9\">\n<p dir=\"ltr\" class=\"bbc-1kju7ke-Paragraph e1cc2ql70\">&#8220;<b>Nos venden que todos somos iguales<\/b> ante la Justicia y eso es mentira. Lo vemos con los pol\u00edticos que han estado robando y no les ha pasado nada&#8221;, explica.<\/p>\n<\/div>\n<div dir=\"ltr\" class=\"bbc-1unnq9o-GridComponent e57qer20\" readability=\"12\">\n<p dir=\"ltr\" class=\"bbc-1kju7ke-Paragraph e1cc2ql70\">En a\u00f1os recientes, en Espa\u00f1a se han destapado numerosos esc\u00e1ndalos de corrupci\u00f3n que involucraron a partidos pol\u00edticos que han indignado a la sociedad espa\u00f1ola. Algunos siguen en juicio, como el llamado &#8220;caso B\u00e1rcenas&#8221; en el que se investiga la presunta financiaci\u00f3n ilegal del Partido Popular. <\/p>\n<\/div>\n<div dir=\"ltr\" class=\"bbc-1unnq9o-GridComponent e57qer20\" readability=\"13\">\n<p dir=\"ltr\" class=\"bbc-1kju7ke-Paragraph e1cc2ql70\">Pero en otros casos ya se han producido condenas, algunas de alto perfil, como las que llevaron a la c\u00e1rcel al exministro de Econom\u00eda y exdirector del FMI Rodrigo Rato, y al cu\u00f1ado del rey y marido de la infanta Cristina, I\u00f1aki Urdangar\u00edn.<\/p>\n<\/div>\n<div dir=\"ltr\" class=\"bbc-1ufkmt5-GridComponent e57qer20\">\n<figure class=\"bbc-m91nxa-Figure e6bmn90\">\n<div dir=\"ltr\" class=\"bbc-1gx5b6l-GridComponent e57qer20\">\n<div dir=\"ltr\" class=\"bbc-bqg5er-GridComponent e57qer20\" readability=\"6.5\">\n<div class=\"bbc-8q39gi-ImagePlaceholder e1whu0\" readability=\"8\"><noscript><img srcset=\"http:\/\/cordobadirecto.com\/wp-content\/uploads\/2021\/02\/pablo-hasel-el-encarcelamiento-del-rapero-fue-el-detonante-pero-hay-muchas-mas-cosas-que-hay-detras-de-la-ola-de-protestas-en-barcelona-37.jpg 240w, http:\/\/cordobadirecto.com\/wp-content\/uploads\/2021\/02\/pablo-hasel-el-encarcelamiento-del-rapero-fue-el-detonante-pero-hay-muchas-mas-cosas-que-hay-detras-de-la-ola-de-protestas-en-barcelona-38.jpg 320w, http:\/\/cordobadirecto.com\/wp-content\/uploads\/2021\/02\/pablo-hasel-el-encarcelamiento-del-rapero-fue-el-detonante-pero-hay-muchas-mas-cosas-que-hay-detras-de-la-ola-de-protestas-en-barcelona-39.jpg 480w, http:\/\/cordobadirecto.com\/wp-content\/uploads\/2021\/02\/pablo-hasel-el-encarcelamiento-del-rapero-fue-el-detonante-pero-hay-muchas-mas-cosas-que-hay-detras-de-la-ola-de-protestas-en-barcelona-40.jpg 624w, http:\/\/cordobadirecto.com\/wp-content\/uploads\/2021\/02\/pablo-hasel-el-encarcelamiento-del-rapero-fue-el-detonante-pero-hay-muchas-mas-cosas-que-hay-detras-de-la-ola-de-protestas-en-barcelona-41.jpg 800w\" alt=\"El rey Juan Carlos I\" src=\"http:\/\/cordobadirecto.com\/wp-content\/uploads\/2021\/02\/pablo-hasel-el-encarcelamiento-del-rapero-fue-el-detonante-pero-hay-muchas-mas-cosas-que-hay-detras-de-la-ola-de-protestas-en-barcelona-6.jpg\" width=\"1024\" class=\"bbc-1suxhxy-StyledImg e1enwo3v0\"><\/noscript><\/p>\n<p role=\"text\" class=\"bbc-iif8qe-Copyright etq3yw90\"><span class=\"bbc-ow3j0s-VisuallyHiddenText e1yt7oin0\">Fuente de la imagen, <\/span><span lang=\"en-GB\">Daniel Perez\/Getty<\/span><\/p>\n<\/div>\n<\/div>\n<div dir=\"ltr\" class=\"bbc-1cx6mr7-GridComponent e57qer20\" readability=\"7\"><figcaption dir=\"ltr\" class=\"bbc-1mhipbm-Caption eede9f50\" readability=\"4\"><span class=\"bbc-ow3j0s-VisuallyHiddenText e1yt7oin0\">Pie de foto, <\/span><\/p>\n<p>El rey Juan Carlos I dej\u00f3 Espa\u00f1a y se traslad\u00f3 a Emiratos \u00c1rabes Unidos en agosto de 2020, seis a\u00f1os despu\u00e9s de haber abdicado en su hijo.<\/p>\n<\/figcaption><\/div>\n<\/div>\n<\/figure>\n<\/div>\n<div dir=\"ltr\" class=\"bbc-1unnq9o-GridComponent e57qer20\" readability=\"12\">\n<p dir=\"ltr\" class=\"bbc-1kju7ke-Paragraph e1cc2ql70\">Precisamente la monarqu\u00eda es uno de los principales focos de las manifestaciones, en las que es habitual ver<b> im\u00e1genes de coronas al rev\u00e9s bajo la se\u00f1al de prohibici\u00f3n<\/b>. Pablo Castilla califica a la instituci\u00f3n como &#8220;brutalmente corrupta&#8221; y Biel L\u00f3pez entiende las protestas como &#8220;un ataque&#8221; a la Corona, &#8220;como una enmienda a la totalidad del status quo del Estado espa\u00f1ol actual&#8221;.<\/p>\n<\/div>\n<div dir=\"ltr\" class=\"bbc-1unnq9o-GridComponent e57qer20\" readability=\"11\">\n<p dir=\"ltr\" class=\"bbc-1kju7ke-Paragraph e1cc2ql70\">El propio rey em\u00e9rito, Juan Carlos I, est\u00e1 en el ojo p\u00fablico por una investigaci\u00f3n en Suiza y Espa\u00f1a sobre sus cuentas en el extranjero en un caso de<b> supuesto fraude fiscal <\/b>y blanqueo de capitales.<\/p>\n<\/div>\n<div dir=\"ltr\" class=\"bbc-1unnq9o-GridComponent e57qer20\" readability=\"8\">\n<p dir=\"ltr\" class=\"bbc-1kju7ke-Paragraph e1cc2ql70\">Seg\u00fan Transparencia Internacional Espa\u00f1a ocupa la posici\u00f3n 32 de 180 pa\u00edses en la percepci\u00f3n de corrupci\u00f3n que tienen sus ciudadanos. <\/p>\n<\/div>\n<div dir=\"ltr\" class=\"bbc-1unnq9o-GridComponent e57qer20\" readability=\"11\">\n<p dir=\"ltr\" class=\"bbc-1kju7ke-Paragraph e1cc2ql70\">Con mejores resultados que Espa\u00f1a en esa clasificaci\u00f3n se encuentran pa\u00edses como Qatar, Chile, Uruguay o los Emiratos \u00c1rabes Unidos, donde Juan Carlos I traslad\u00f3 su residencia en agosto pasado.<\/p>\n<\/div>\n<p><h2 id=\"El-conflicto-catal\u00e1n\" tabindex=\"-1\" class=\"bbc-4qzrek-SubHeading e14hemmw0\">El conflicto catal\u00e1n<\/h2>\n<\/p>\n<div dir=\"ltr\" class=\"bbc-1unnq9o-GridComponent e57qer20\" readability=\"8\">\n<p dir=\"ltr\" class=\"bbc-1kju7ke-Paragraph e1cc2ql70\">Algunos manifestantes tambi\u00e9n ven en las protestas tras el encarcelamiento del catal\u00e1n Pablo Has\u00e9l como una continuaci\u00f3n de las que se produjeron en Barcelona y el resto de Catalu\u00f1a en 2019.<\/p>\n<\/div>\n<div dir=\"ltr\" class=\"bbc-1unnq9o-GridComponent e57qer20\" readability=\"11\">\n<p dir=\"ltr\" class=\"bbc-1kju7ke-Paragraph e1cc2ql70\">En ese momento varios l\u00edderes independentistas fueron condenados a prisi\u00f3n por su papel en la celebraci\u00f3n de un referendo el 1 de octubre de 2017, considerado ilegal por la Justicia espa\u00f1ola, y la posterior declaraci\u00f3n unilateral de independencia del gobierno regional.<\/p>\n<\/div>\n<div dir=\"ltr\" class=\"bbc-1ufkmt5-GridComponent e57qer20\">\n<figure class=\"bbc-m91nxa-Figure e6bmn90\">\n<div dir=\"ltr\" class=\"bbc-1gx5b6l-GridComponent e57qer20\">\n<div dir=\"ltr\" class=\"bbc-bqg5er-GridComponent e57qer20\" readability=\"6.5\">\n<div class=\"bbc-8q39gi-ImagePlaceholder e1whu0\" readability=\"8\"><noscript><img srcset=\"http:\/\/cordobadirecto.com\/wp-content\/uploads\/2021\/02\/pablo-hasel-el-encarcelamiento-del-rapero-fue-el-detonante-pero-hay-muchas-mas-cosas-que-hay-detras-de-la-ola-de-protestas-en-barcelona-42.jpg 240w, http:\/\/cordobadirecto.com\/wp-content\/uploads\/2021\/02\/pablo-hasel-el-encarcelamiento-del-rapero-fue-el-detonante-pero-hay-muchas-mas-cosas-que-hay-detras-de-la-ola-de-protestas-en-barcelona-43.jpg 320w, http:\/\/cordobadirecto.com\/wp-content\/uploads\/2021\/02\/pablo-hasel-el-encarcelamiento-del-rapero-fue-el-detonante-pero-hay-muchas-mas-cosas-que-hay-detras-de-la-ola-de-protestas-en-barcelona-44.jpg 480w, http:\/\/cordobadirecto.com\/wp-content\/uploads\/2021\/02\/pablo-hasel-el-encarcelamiento-del-rapero-fue-el-detonante-pero-hay-muchas-mas-cosas-que-hay-detras-de-la-ola-de-protestas-en-barcelona-45.jpg 624w, http:\/\/cordobadirecto.com\/wp-content\/uploads\/2021\/02\/pablo-hasel-el-encarcelamiento-del-rapero-fue-el-detonante-pero-hay-muchas-mas-cosas-que-hay-detras-de-la-ola-de-protestas-en-barcelona-46.jpg 800w\" alt=\"Un manifestante lanza una piedra durante una protesta en 2019.\" src=\"http:\/\/cordobadirecto.com\/wp-content\/uploads\/2021\/02\/pablo-hasel-el-encarcelamiento-del-rapero-fue-el-detonante-pero-hay-muchas-mas-cosas-que-hay-detras-de-la-ola-de-protestas-en-barcelona-7.jpg\" width=\"1024\" class=\"bbc-1suxhxy-StyledImg e1enwo3v0\"><\/noscript><\/p>\n<p role=\"text\" class=\"bbc-iif8qe-Copyright etq3yw90\"><span class=\"bbc-ow3j0s-VisuallyHiddenText e1yt7oin0\">Fuente de la imagen, <\/span><span lang=\"en-GB\">Jordi Borr\u00e0s<\/span><\/p>\n<\/div>\n<\/div>\n<div dir=\"ltr\" class=\"bbc-1cx6mr7-GridComponent e57qer20\" readability=\"6.5\"><figcaption dir=\"ltr\" class=\"bbc-1mhipbm-Caption eede9f50\" readability=\"3\"><span class=\"bbc-ow3j0s-VisuallyHiddenText e1yt7oin0\">Pie de foto, <\/span><\/p>\n<p>En octubre de 2019 se produjeron manifestaciones muy violentas en Barcelona tras la sentencia que conden\u00f3 a prisi\u00f3n a varios l\u00edderes independentistas.<\/p>\n<\/figcaption><\/div>\n<\/div>\n<\/figure>\n<\/div>\n<div dir=\"ltr\" class=\"bbc-1unnq9o-GridComponent e57qer20\" readability=\"9\">\n<p dir=\"ltr\" class=\"bbc-1kju7ke-Paragraph e1cc2ql70\">Tras la sentencia se produjeron<b> marchas masivas y diarias<\/b> en varios puntos de Catalu\u00f1a, algunas de las cuales terminaron con <b>enfrentamientos muy violentos<\/b> con la polic\u00eda en las calles de Barcelona.<\/p>\n<\/div>\n<div dir=\"ltr\" class=\"bbc-1unnq9o-GridComponent e57qer20\" readability=\"9\">\n<p dir=\"ltr\" class=\"bbc-1kju7ke-Paragraph e1cc2ql70\">&#8220;Muchos de los que salimos ahora a la calle hemos vivido las manifestaciones del <i class=\"bbc-h1y5j7 ewc4zcb0\">proc\u00e9s <\/i>(proceso de independencia) y del 1 de octubre&#8221;, cuenta Andrea Vallejo.<\/p>\n<\/div>\n<div dir=\"ltr\" class=\"bbc-1unnq9o-GridComponent e57qer20\">\n<div id=\"include-2\" class=\"bbc-1npwuzj e1vg4u840\">\n<div data-idt-uuid=\"beee29cd-0553-4842-b1e2-e93883596c9e\">\n<div data-graphicuuid=\"beee29cd-0553-4842-b1e2-e93883596c9e\" class=\"PicContainer-iky41v-0 dkfFzK\" readability=\"6\">\n<div data-graphicpic=\"true\" class=\"Img__PicImage-s1jp862x-1 dtAYqF\"><img src=\"http:\/\/cordobadirecto.com\/wp-content\/uploads\/2021\/02\/pablo-hasel-el-encarcelamiento-del-rapero-fue-el-detonante-pero-hay-muchas-mas-cosas-que-hay-detras-de-la-ola-de-protestas-en-barcelona-8.jpg\" alt class=\"Img__Image-s1jp862x-0 hYnHpn\"><\/p>\n<p> David Zorrakino\/Getty<\/p>\n<\/div>\n<blockquote dir=\"ltr\" class=\"PicQuote-s138d390-0 eZwimE\" readability=\"5\"><p><svg width=\"30\" height=\"25\" aria-label=\"Quote\" class=\"Quote__SVG-s1rj7ts5-0 jBAUmy\"><g fill=\"#C9A975\" fill-rule=\"evenodd\" transform=\"rotate(0 15 12)\"><path d=\"M0 15.614c0-4.538 1.106-8.074 3.319-10.61C5.53 2.47 8.697.801 12.817 0v4.626c-3.143.89-5.234 2.55-6.271 4.983-.58 1.304-.809 2.535-.687 3.692H13V25H0v-9.386zM17 15.614c0-4.538 1.106-8.074 3.319-10.61C22.53 2.47 25.697.801 29.817 0v4.626c-3.143.89-5.234 2.55-6.271 4.983-.58 1.304-.809 2.535-.687 3.692H30V25H17v-9.386z\" \/><\/g><\/svg><\/p>\n<p>&#8220;La violencia no es el camino&#8221;<\/p>\n<p><svg width=\"43\" height=\"3\" viewBox=\"0 0 43 3\" class=\"RuleBreak__SVG-lfivii-0 lazDte\"><path d=\"M1.5 1.5h40\" stroke=\"#C9A975\" stroke-width=\"3\" fill=\"none\" fill-rule=\"evenodd\" stroke-linecap=\"square\" \/><\/svg><\/p><\/blockquote>\n<\/div>\n<\/div>\n<\/div>\n<\/div>\n<div dir=\"ltr\" class=\"bbc-1unnq9o-GridComponent e57qer20\" readability=\"14\">\n<p dir=\"ltr\" class=\"bbc-1kju7ke-Paragraph e1cc2ql70\">Biel L\u00f3pez, quien tambi\u00e9n es miembro del \u00f3rgano ejecutivo de la ANC, una de las principales organizaciones civiles del independentismo, asegura que &#8220;todo bebe del conflicto pol\u00edtico entre Catalu\u00f1a y Espa\u00f1a que ha marcado a la sociedad catalana los \u00faltimos 10 a\u00f1os, seas independentista o no&#8221;.<\/p>\n<\/div>\n<div dir=\"ltr\" class=\"bbc-1unnq9o-GridComponent e57qer20\" readability=\"10\">\n<p dir=\"ltr\" class=\"bbc-1kju7ke-Paragraph e1cc2ql70\">Seg\u00fan L\u00f3pez, &#8220;las protestas por el encarcelamiento de Has\u00e9l tarde o temprano morir\u00e1n como lo hicieron las de 2019. Pero <b>habr\u00e1 otra ola<\/b>. Se ir\u00e1n acumulando las razones y habr\u00e1 otra gota que colme el vaso&#8221;.<\/p>\n<\/div>\n<p><h2 id=\"La-violencia-de-las-protestas-\" tabindex=\"-1\" class=\"bbc-4qzrek-SubHeading e14hemmw0\">La violencia de las protestas <\/h2>\n<\/p>\n<div dir=\"ltr\" class=\"bbc-1unnq9o-GridComponent e57qer20\" readability=\"8\">\n<p dir=\"ltr\" class=\"bbc-1kju7ke-Paragraph e1cc2ql70\">Muchas de las \u00faltimas manifestaciones convocadas en Barcelona tambi\u00e9n terminaron con escenas de <b>quema de contenedores y vandalizaci\u00f3n<\/b><b>de establecimientos<\/b><b>comerciales y bancos<\/b>.<\/p>\n<\/div>\n<div dir=\"ltr\" class=\"bbc-1unnq9o-GridComponent e57qer20\" readability=\"11\">\n<p dir=\"ltr\" class=\"bbc-1kju7ke-Paragraph e1cc2ql70\">La alcaldesa Colau pidi\u00f3 que los manifestantes no recurrieran &#8220;a la quema de contenedores, que no resuelve nada&#8221; y afirm\u00f3 que &#8220;el encarcelamiento de Pablo Hasel causa indignaci\u00f3n, pero<b> la violencia no es el camino<\/b>&#8220;. <\/p>\n<\/div>\n<div dir=\"ltr\" class=\"bbc-1unnq9o-GridComponent e57qer20\" readability=\"10\">\n<p dir=\"ltr\" class=\"bbc-1kju7ke-Paragraph e1cc2ql70\">El concejal Jordi Mart\u00ed explica que los destrozos se cuentan en &#8220;cientos de miles de euros&#8221; pero resalta que &#8220;eso no es lo m\u00e1s importante, lo es la herida que provocan en la vida urbana esas escenas&#8221;. <\/p>\n<\/div>\n<div dir=\"ltr\" class=\"bbc-1unnq9o-GridComponent e57qer20\" readability=\"8\">\n<p dir=\"ltr\" class=\"bbc-1kju7ke-Paragraph e1cc2ql70\">&#8220;En medio de la pandemia en que los sectores econ\u00f3micos lo est\u00e1n pasando mal es el peor momento para que ocurran estos acontecimientos&#8221;.<\/p>\n<\/div>\n<div dir=\"ltr\" class=\"bbc-1ufkmt5-GridComponent e57qer20\">\n<figure class=\"bbc-m91nxa-Figure e6bmn90\">\n<div dir=\"ltr\" class=\"bbc-1gx5b6l-GridComponent e57qer20\">\n<div dir=\"ltr\" class=\"bbc-bqg5er-GridComponent e57qer20\" readability=\"6.5\">\n<div class=\"bbc-8q39gi-ImagePlaceholder e1whu0\" readability=\"8\"><noscript><img srcset=\"http:\/\/cordobadirecto.com\/wp-content\/uploads\/2021\/02\/pablo-hasel-el-encarcelamiento-del-rapero-fue-el-detonante-pero-hay-muchas-mas-cosas-que-hay-detras-de-la-ola-de-protestas-en-barcelona-47.jpg 240w, http:\/\/cordobadirecto.com\/wp-content\/uploads\/2021\/02\/pablo-hasel-el-encarcelamiento-del-rapero-fue-el-detonante-pero-hay-muchas-mas-cosas-que-hay-detras-de-la-ola-de-protestas-en-barcelona-48.jpg 320w, http:\/\/cordobadirecto.com\/wp-content\/uploads\/2021\/02\/pablo-hasel-el-encarcelamiento-del-rapero-fue-el-detonante-pero-hay-muchas-mas-cosas-que-hay-detras-de-la-ola-de-protestas-en-barcelona-49.jpg 480w, http:\/\/cordobadirecto.com\/wp-content\/uploads\/2021\/02\/pablo-hasel-el-encarcelamiento-del-rapero-fue-el-detonante-pero-hay-muchas-mas-cosas-que-hay-detras-de-la-ola-de-protestas-en-barcelona-50.jpg 624w, http:\/\/cordobadirecto.com\/wp-content\/uploads\/2021\/02\/pablo-hasel-el-encarcelamiento-del-rapero-fue-el-detonante-pero-hay-muchas-mas-cosas-que-hay-detras-de-la-ola-de-protestas-en-barcelona-51.jpg 800w\" alt=\"Unos manifestantes lanzan piedras contra una sucursal bancaria.\" src=\"http:\/\/cordobadirecto.com\/wp-content\/uploads\/2021\/02\/pablo-hasel-el-encarcelamiento-del-rapero-fue-el-detonante-pero-hay-muchas-mas-cosas-que-hay-detras-de-la-ola-de-protestas-en-barcelona-9.jpg\" width=\"1024\" class=\"bbc-1suxhxy-StyledImg e1enwo3v0\"><\/noscript><\/p>\n<p role=\"text\" class=\"bbc-iif8qe-Copyright etq3yw90\"><span class=\"bbc-ow3j0s-VisuallyHiddenText e1yt7oin0\">Fuente de la imagen, <\/span><span lang=\"en-GB\">Jordi Borr\u00e0s<\/span><\/p>\n<\/div>\n<\/div>\n<div dir=\"ltr\" class=\"bbc-1cx6mr7-GridComponent e57qer20\" readability=\"6.5\"><figcaption dir=\"ltr\" class=\"bbc-1mhipbm-Caption eede9f50\" readability=\"3\"><span class=\"bbc-ow3j0s-VisuallyHiddenText e1yt7oin0\">Pie de foto, <\/span><\/p>\n<p>En muchas de las protestas en Barcelona se produjeron destrozos en sucursales bancarias y saqueos en comercios de la ciudad.<\/p>\n<\/figcaption><\/div>\n<\/div>\n<\/figure>\n<\/div>\n<div dir=\"ltr\" class=\"bbc-1unnq9o-GridComponent e57qer20\" readability=\"13\">\n<p dir=\"ltr\" class=\"bbc-1kju7ke-Paragraph e1cc2ql70\">Por su parte, Lu\u00eds Sans, presidente de la asociaci\u00f3n de comerciantes del paseo de Gracia \u2014una de las avenidas comerciales m\u00e1s importantes y lujosas de Barcelona, y tambi\u00e9n una de las m\u00e1s afectadas por los disturbios\u2014 valor\u00f3 las p\u00e9rdidas provocadas por los destrozos y los saqueos en <b>750.000 euros<\/b>(unos US$905.000).<\/p>\n<\/div>\n<div dir=\"ltr\" class=\"bbc-1unnq9o-GridComponent e57qer20\" readability=\"11\">\n<p dir=\"ltr\" class=\"bbc-1kju7ke-Paragraph e1cc2ql70\">&#8220;Solo en el paseo de Gracia hay 75 establecimientos vandalizados y <b>12 tiendas brutalmente saqueadas<\/b>&#8220;, le cuenta a BBC Mundo. Seg\u00fan Sans, los disturbios son responsabilidad de &#8220;grupos a los que cualquier excusa les va bien para activarse&#8221;.<\/p>\n<\/div>\n<div dir=\"ltr\" class=\"bbc-1unnq9o-GridComponent e57qer20\" readability=\"9\">\n<p dir=\"ltr\" class=\"bbc-1kju7ke-Paragraph e1cc2ql70\">Sin embargo, algunos manifestantes aseguran que muchas de las actuaciones violentas nacen como <b>respuesta a las cargas de la polic\u00eda<\/b>.<\/p>\n<\/div>\n<div dir=\"ltr\" class=\"bbc-1unnq9o-GridComponent e57qer20\" readability=\"10\">\n<p dir=\"ltr\" class=\"bbc-1kju7ke-Paragraph e1cc2ql70\">&#8220;La quema de contenedores y las barricadas son por una cuesti\u00f3n de defensa, para evitar que la polic\u00eda entre a cargar o nos disparen (proyectiles de goma)&#8221;, opina Andrea Vallejo.<\/p>\n<\/div>\n<div dir=\"ltr\" class=\"bbc-1unnq9o-GridComponent e57qer20\" readability=\"10\">\n<p dir=\"ltr\" class=\"bbc-1kju7ke-Paragraph e1cc2ql70\">La estudiante de 23 a\u00f1os distingue estas actuaciones de los saqueos en las tiendas: &#8220;Son otro tipo de asistentes a la manifestaci\u00f3n, van con el objetivo de <i class=\"bbc-h1y5j7 ewc4zcb0\">liarla <\/i>porque s\u00ed. A m\u00ed esto no me representa y no estoy nada de acuerdo&#8221;.<\/p>\n<\/div>\n<div dir=\"ltr\" class=\"bbc-1unnq9o-GridComponent e57qer20\" readability=\"13\">\n<p dir=\"ltr\" class=\"bbc-1kju7ke-Paragraph e1cc2ql70\">Otro manifestante, Gen\u00eds d. B., de 30 a\u00f1os, apoya la actuaci\u00f3n violenta de algunos asistentes a las protestas: &#8220;Parece que las instituciones <b>no entiend<\/b><b>e<\/b><b>n otro tipo de lenguaje<\/b>. Me gustar\u00eda que no fuese el camino, pero el otro ya lo probamos&#8221;.<\/p>\n<\/div>\n<div dir=\"ltr\" class=\"bbc-1unnq9o-GridComponent e57qer20\" readability=\"9\">\n<p dir=\"ltr\" class=\"bbc-1kju7ke-Paragraph e1cc2ql70\">&#8220;No puedo condenar que un grupo de j\u00f3venes lance piedras contra la polic\u00eda cuando el primer d\u00eda esta dispar\u00f3 <b>300 proyectiles<\/b> y le reventaron el ojo a una chica&#8221;, a\u00f1ade Biel L\u00f3pez.<\/p>\n<\/div>\n<div dir=\"ltr\" class=\"bbc-1unnq9o-GridComponent e57qer20\" readability=\"8\">\n<p dir=\"ltr\" class=\"bbc-1kju7ke-Paragraph e1cc2ql70\">Los Mossos d&#8217;Esquadra \u2014el cuerpo de polic\u00eda de Catalu\u00f1a que se encarga de intervenir en las manifestaciones\u2014 recibieron cr\u00edticas por su actuaci\u00f3n durante las manifestaciones.<\/p>\n<\/div>\n<div dir=\"ltr\" class=\"bbc-1ufkmt5-GridComponent e57qer20\">\n<figure class=\"bbc-m91nxa-Figure e6bmn90\">\n<div dir=\"ltr\" class=\"bbc-1gx5b6l-GridComponent e57qer20\">\n<div dir=\"ltr\" class=\"bbc-bqg5er-GridComponent e57qer20\" readability=\"6.5\">\n<div class=\"bbc-8q39gi-ImagePlaceholder e1whu0\" readability=\"8\"><noscript><img srcset=\"http:\/\/cordobadirecto.com\/wp-content\/uploads\/2021\/02\/pablo-hasel-el-encarcelamiento-del-rapero-fue-el-detonante-pero-hay-muchas-mas-cosas-que-hay-detras-de-la-ola-de-protestas-en-barcelona-52.jpg 240w, http:\/\/cordobadirecto.com\/wp-content\/uploads\/2021\/02\/pablo-hasel-el-encarcelamiento-del-rapero-fue-el-detonante-pero-hay-muchas-mas-cosas-que-hay-detras-de-la-ola-de-protestas-en-barcelona-53.jpg 320w, http:\/\/cordobadirecto.com\/wp-content\/uploads\/2021\/02\/pablo-hasel-el-encarcelamiento-del-rapero-fue-el-detonante-pero-hay-muchas-mas-cosas-que-hay-detras-de-la-ola-de-protestas-en-barcelona-54.jpg 480w, http:\/\/cordobadirecto.com\/wp-content\/uploads\/2021\/02\/pablo-hasel-el-encarcelamiento-del-rapero-fue-el-detonante-pero-hay-muchas-mas-cosas-que-hay-detras-de-la-ola-de-protestas-en-barcelona-55.jpg 624w, http:\/\/cordobadirecto.com\/wp-content\/uploads\/2021\/02\/pablo-hasel-el-encarcelamiento-del-rapero-fue-el-detonante-pero-hay-muchas-mas-cosas-que-hay-detras-de-la-ola-de-protestas-en-barcelona-56.jpg 800w\" alt=\"Una chica es atendida tras sufrir una herida grave en el ojo.\" src=\"http:\/\/cordobadirecto.com\/wp-content\/uploads\/2021\/02\/pablo-hasel-el-encarcelamiento-del-rapero-fue-el-detonante-pero-hay-muchas-mas-cosas-que-hay-detras-de-la-ola-de-protestas-en-barcelona-10.jpg\" width=\"1024\" class=\"bbc-1suxhxy-StyledImg e1enwo3v0\"><\/noscript><\/p>\n<p role=\"text\" class=\"bbc-iif8qe-Copyright etq3yw90\"><span class=\"bbc-ow3j0s-VisuallyHiddenText e1yt7oin0\">Fuente de la imagen, <\/span><span lang=\"en-GB\">Paco Freire\/SOPA Images\/Getty<\/span><\/p>\n<\/div>\n<\/div>\n<div dir=\"ltr\" class=\"bbc-1cx6mr7-GridComponent e57qer20\" readability=\"7.5\"><figcaption dir=\"ltr\" class=\"bbc-1mhipbm-Caption eede9f50\" readability=\"5\"><span class=\"bbc-ow3j0s-VisuallyHiddenText e1yt7oin0\">Pie de foto, <\/span><\/p>\n<p>Una chica de 19 a\u00f1os tuvo que ser operada de urgencia tras sufrir un impacto en la cara por el que perdi\u00f3 un ojo. La polic\u00eda investiga si la herida la caus\u00f3 uno de sus proyectiles, como aseguran testigos y una organizaci\u00f3n de derechos humanos.<\/p>\n<\/figcaption><\/div>\n<\/div>\n<\/figure>\n<\/div>\n<div dir=\"ltr\" class=\"bbc-1unnq9o-GridComponent e57qer20\" readability=\"9\">\n<p dir=\"ltr\" class=\"bbc-1kju7ke-Paragraph e1cc2ql70\">Una participante de 19 a\u00f1os<b> perdi\u00f3 un ojo<\/b> en las protestas. Seg\u00fan varios testigos y el Centro de Defensa de los Derechos Humanos Iridia, el causante fue un proyectil disparado por la polic\u00eda.<\/p>\n<\/div>\n<div dir=\"ltr\" class=\"bbc-1unnq9o-GridComponent e57qer20\" readability=\"9\">\n<p dir=\"ltr\" class=\"bbc-1kju7ke-Paragraph e1cc2ql70\">El m\u00e1ximo responsable de la polic\u00eda en el gobierno catal\u00e1n anunci\u00f3 una <b>revisi\u00f3n &#8220;urgente&#8221; del modelo policial<\/b> y dijo que &#8220;no se puede permitir ni puede volver a pasar&#8221; que alguien pierda un ojo en una manifestaci\u00f3n.<\/p>\n<\/div>\n<div dir=\"ltr\" class=\"bbc-1unnq9o-GridComponent e57qer20\" readability=\"11\">\n<p dir=\"ltr\" class=\"bbc-1kju7ke-Paragraph e1cc2ql70\">Por su parte, el ministro del Interior, Fernando Grande-Marlaska, dio su apoyo a las fuerzas de seguridad frente a lo que defini\u00f3<b> &#8220;actitud injustificable&#8221;<\/b> de los grupos que han causado disturbios.<\/p>\n<\/div>\n<div dir=\"ltr\" class=\"bbc-1unnq9o-GridComponent e57qer20\" readability=\"8\">\n<p dir=\"ltr\" class=\"bbc-1kju7ke-Paragraph e1cc2ql70\">La polic\u00eda catalana tiene preparado un dispositivo preventivo de seguridad para intentar que las movilizaciones convocadas este fin de semana transcurran de forma pac\u00edfica.<\/p>\n<\/div>\n<div dir=\"ltr\" class=\"bbc-1ufkmt5-GridComponent e57qer20\">\n<figure class=\"bbc-m91nxa-Figure e6bmn90\">\n<div dir=\"ltr\" class=\"bbc-1gx5b6l-GridComponent e57qer20\">\n<div dir=\"ltr\" class=\"bbc-bqg5er-GridComponent e57qer20\">\n<div class=\"bbc-2bz91w-ImagePlaceholder e1whu0\"><noscript><img srcset=\"http:\/\/cordobadirecto.com\/wp-content\/uploads\/2021\/02\/pablo-hasel-el-encarcelamiento-del-rapero-fue-el-detonante-pero-hay-muchas-mas-cosas-que-hay-detras-de-la-ola-de-protestas-en-barcelona-57.jpg 240w, http:\/\/cordobadirecto.com\/wp-content\/uploads\/2021\/02\/pablo-hasel-el-encarcelamiento-del-rapero-fue-el-detonante-pero-hay-muchas-mas-cosas-que-hay-detras-de-la-ola-de-protestas-en-barcelona-58.jpg 320w, http:\/\/cordobadirecto.com\/wp-content\/uploads\/2021\/02\/pablo-hasel-el-encarcelamiento-del-rapero-fue-el-detonante-pero-hay-muchas-mas-cosas-que-hay-detras-de-la-ola-de-protestas-en-barcelona-59.jpg 464w\" alt=\"L\u00ednea\" src=\"http:\/\/cordobadirecto.com\/wp-content\/uploads\/2021\/02\/pablo-hasel-el-encarcelamiento-del-rapero-fue-el-detonante-pero-hay-muchas-mas-cosas-que-hay-detras-de-la-ola-de-protestas-en-barcelona-11.jpg\" width=\"464\" class=\"bbc-1suxhxy-StyledImg e1enwo3v0\"><\/noscript><\/div>\n<\/div>\n<\/div>\n<\/figure>\n<\/div>\n<div dir=\"ltr\" class=\"bbc-1unnq9o-GridComponent e57qer20\" readability=\"8\">\n<p dir=\"ltr\" class=\"bbc-1kju7ke-Paragraph e1cc2ql70\"><i class=\"bbc-h1y5j7 ewc4zcb0\">Ahora puedes recibir notificaciones de BBC News Mundo. Descarga nuestra app y act\u00edvalas para no perderte nuestro mejor contenido.<\/i><\/p>\n<\/div>\n","protected":false},"excerpt":{"rendered":"<p>Enric Botella BBC News Mundo 1 hora Fuente de la imagen, Jordi Borr\u00e0s Pie de foto, Varias de las protestas contra el encarcelamiento de Pablo Has\u00e9l terminaron con barricadas. La entrada en prisi\u00f3n del rapero espa\u00f1ol Pablo Has\u00e9l el pasado 16 de febrero desat\u00f3 una oleada de protestas que ha sacudido Espa\u00f1a en los \u00faltimos [&hellip;]<\/p>\n","protected":false},"author":1,"featured_media":2269,"comment_status":"closed","ping_status":"closed","sticky":false,"template":"","format":"standard","meta":[],"categories":[24],"tags":[],"_links":{"self":[{"href":"http:\/\/cordobadirecto.com\/index.php\/wp-json\/wp\/v2\/posts\/2268"}],"collection":[{"href":"http:\/\/cordobadirecto.com\/index.php\/wp-json\/wp\/v2\/posts"}],"about":[{"href":"http:\/\/cordobadirecto.com\/index.php\/wp-json\/wp\/v2\/types\/post"}],"author":[{"embeddable":true,"href":"http:\/\/cordobadirecto.com\/index.php\/wp-json\/wp\/v2\/users\/1"}],"replies":[{"embeddable":true,"href":"http:\/\/cordobadirecto.com\/index.php\/wp-json\/wp\/v2\/comments?post=2268"}],"version-history":[{"count":0,"href":"http:\/\/cordobadirecto.com\/index.php\/wp-json\/wp\/v2\/posts\/2268\/revisions"}],"wp:featuredmedia":[{"embeddable":true,"href":"http:\/\/cordobadirecto.com\/index.php\/wp-json\/wp\/v2\/media\/2269"}],"wp:attachment":[{"href":"http:\/\/cordobadirecto.com\/index.php\/wp-json\/wp\/v2\/media?parent=2268"}],"wp:term":[{"taxonomy":"category","embeddable":true,"href":"http:\/\/cordobadirecto.com\/index.php\/wp-json\/wp\/v2\/categories?post=2268"},{"taxonomy":"post_tag","embeddable":true,"href":"http:\/\/cordobadirecto.com\/index.php\/wp-json\/wp\/v2\/tags?post=2268"}],"curies":[{"name":"wp","href":"https:\/\/api.w.org\/{rel}","templated":true}]}}