{"id":2283,"date":"2021-02-26T10:58:24","date_gmt":"2021-02-26T10:58:24","guid":{"rendered":"https:\/\/www.cordoba.gob.ar\/?p=6555"},"modified":"2021-02-26T10:58:24","modified_gmt":"2021-02-26T10:58:24","slug":"el-transporte-escolar-y-especial-podra-llevar-el-100-por-ciento-de-sus-asientos-ocupados","status":"publish","type":"post","link":"http:\/\/cordobadirecto.com\/index.php\/2021\/02\/26\/el-transporte-escolar-y-especial-podra-llevar-el-100-por-ciento-de-sus-asientos-ocupados\/","title":{"rendered":"El transporte escolar y especial podr\u00e1 llevar el 100 por ciento de sus asientos ocupados"},"content":{"rendered":"<div><img src=\"http:\/\/cordobadirecto.com\/wp-content\/uploads\/2021\/02\/el-transporte-escolar-y-especial-podra-llevar-el-100-por-ciento-de-sus-asientos-ocupados.jpg\" class=\"ff-og-image-inserted\"><\/div>\n<p><strong>\u2022 Cada unidad deber\u00e1 contar con medidas de higiene y seguridad sanitaria establecidas por protocolo.<\/strong><\/p>\n<hr>\n<p>La Secretar\u00eda de Movilidad Urbana dispuso que, desde el pr\u00f3ximo lunes 1 de marzo, el transporte escolar y especial de la ciudad de C\u00f3rdoba podr\u00e1 prestar sus servicios de traslado de pasajeros con capacidad total de ocupantes.<\/p>\n<p>Al mismo tiempo, se establece que las unidades deber\u00e1n contar con medidas de seguridad sanitaria, como la instalaci\u00f3n de cabinas aislantes, dispenser de alcohol en gel y term\u00f3metro digital.<\/p>\n<p>Adem\u00e1s, los veh\u00edculos de transporte escolar tendr\u00e1n que recibir limpieza sanitizante y desinfectante al finalizar cada recorrido.<\/p>\n<p>Tal como ocurre en el transporte urbano de pasajeros, el uso de barbijo ser\u00e1 obligatorio para todos los ocupantes del veh\u00edculo. La disposici\u00f3n municipal establece tambi\u00e9n que los responsables de cada transporte escolar deber\u00e1n confeccionar diariamente un registro donde consten los datos de temperatura corporal de cada pasajero.<\/p>\n","protected":false},"excerpt":{"rendered":"<p>\u2022 Cada unidad deber\u00e1 contar con medidas de higiene y seguridad sanitaria establecidas por protocolo. La Secretar\u00eda de Movilidad Urbana dispuso que, desde el pr\u00f3ximo lunes 1 de marzo, el transporte escolar y especial de la ciudad de C\u00f3rdoba podr\u00e1 prestar sus servicios de traslado de pasajeros con capacidad total de ocupantes. Al mismo tiempo, [&hellip;]<\/p>\n","protected":false},"author":1,"featured_media":2284,"comment_status":"closed","ping_status":"closed","sticky":false,"template":"","format":"standard","meta":[],"categories":[44],"tags":[],"_links":{"self":[{"href":"http:\/\/cordobadirecto.com\/index.php\/wp-json\/wp\/v2\/posts\/2283"}],"collection":[{"href":"http:\/\/cordobadirecto.com\/index.php\/wp-json\/wp\/v2\/posts"}],"about":[{"href":"http:\/\/cordobadirecto.com\/index.php\/wp-json\/wp\/v2\/types\/post"}],"author":[{"embeddable":true,"href":"http:\/\/cordobadirecto.com\/index.php\/wp-json\/wp\/v2\/users\/1"}],"replies":[{"embeddable":true,"href":"http:\/\/cordobadirecto.com\/index.php\/wp-json\/wp\/v2\/comments?post=2283"}],"version-history":[{"count":0,"href":"http:\/\/cordobadirecto.com\/index.php\/wp-json\/wp\/v2\/posts\/2283\/revisions"}],"wp:featuredmedia":[{"embeddable":true,"href":"http:\/\/cordobadirecto.com\/index.php\/wp-json\/wp\/v2\/media\/2284"}],"wp:attachment":[{"href":"http:\/\/cordobadirecto.com\/index.php\/wp-json\/wp\/v2\/media?parent=2283"}],"wp:term":[{"taxonomy":"category","embeddable":true,"href":"http:\/\/cordobadirecto.com\/index.php\/wp-json\/wp\/v2\/categories?post=2283"},{"taxonomy":"post_tag","embeddable":true,"href":"http:\/\/cordobadirecto.com\/index.php\/wp-json\/wp\/v2\/tags?post=2283"}],"curies":[{"name":"wp","href":"https:\/\/api.w.org\/{rel}","templated":true}]}}