{"id":22839,"date":"2021-10-12T11:27:31","date_gmt":"2021-10-12T11:27:31","guid":{"rendered":"https:\/\/puntoapunto.com.ar\/?p=317213"},"modified":"2021-10-12T11:27:31","modified_gmt":"2021-10-12T11:27:31","slug":"larga-el-empresario-del-ano-2021-y-es-hora-de-proponer-candidatos","status":"publish","type":"post","link":"http:\/\/cordobadirecto.com\/index.php\/2021\/10\/12\/larga-el-empresario-del-ano-2021-y-es-hora-de-proponer-candidatos\/","title":{"rendered":"Larga El Empresario del A\u00f1o 2021 y es hora de proponer candidatos"},"content":{"rendered":"<div><img src=\"http:\/\/cordobadirecto.com\/wp-content\/uploads\/2021\/10\/larga-el-empresario-del-ano-2021-y-es-hora-de-proponer-candidatos.jpg\" class=\"ff-og-image-inserted\"><\/div>\n<div class=\"tdb-block-inner td-fix-index\" readability=\"43.139784946237\">\n<p>Despu\u00e9s del in\u00e9dito 2020, donde se llev\u00f3 a cabo \u201cEl Empresario del A\u00f1o m\u00e1s dif\u00edcil del mundo\u201d, la edici\u00f3n 2021 del hist\u00f3rico premio que organiza Punto a Punto se pone en marcha con la publicaci\u00f3n de los primeros nombres que surgen del relevamiento de lo ocurrido a lo largo del a\u00f1o en el mundo de los negocios de C\u00f3rdoba.<\/p>\n<p>El Empresario del A\u00f1o es el certamen m\u00e1s antiguo de su tipo en el pa\u00eds, ya que se organiz\u00f3 por primera vez en 1998. El objetivo es reconocer a los hombres y mujeres de negocios de C\u00f3rdoba que se hayan destacado a lo largo del a\u00f1o. Desde sus inicios, el prop\u00f3sito no se ha modificado: lograr el reconocimiento de los pares, ya que la comunidad de negocios es la que emite su voto y elige a los m\u00e1s destacados.<\/p>\n<p>Siguiendo la l\u00f3gica del 2020, este a\u00f1o se buscar\u00e1 destacar a quienes se animaron a apostar en un contexto complejo, pero tambi\u00e9n a aquellos que se destacaron por su tes\u00f3n, las ganas de superaci\u00f3n y la lucha constante contra la adversidad.<\/p>\n<p>En esta primera etapa del certamen, la danza de nombres se puso en marcha: a continuaci\u00f3n se publican algunos de ellos, pero los lectores de Punto a Punto pueden enviar sus sugerencias a <a href=\"https:\/\/puntoapunto.com.ar\/cdn-cgi\/l\/email-protection#1a7e797b74737d76737b5a6a7b6a7975687e75787b34797577\"><span class=\"__cf_email__\" data-cfemail=\"e18582808f88868d8880a1918091828e93858e8380cf828e8c\">[email&nbsp;protected]<\/span><\/a>.<\/p>\n<p>-CNH Industrial Argentina; Justmart (supermercado digital); Prodismo; Jos\u00e9 Luis Acevedo (Grupo Canter); Diego Amondaray (Nippy); Banco del Sol; Eduardo Borri; Ferniplast; Apex; Fumiscor; Dakota Desarrollos Inmobiliarios; Factoris; Juan Pablo Torre (Disal).<\/p>\n<p>Tambi\u00e9n surgieron: Sebasti\u00e1n Beltr\u00e1n y Sebasti\u00e1n S\u00e1nchez Sarmiento (Punto W); Pablo Paltrinieri (Hospital Privado); Mar\u00eda Julia Mattoni (Protectia); Agrohub; Spluty; Mat\u00edas Finochietti (Chammas); Guido Gaviglio (Axion); Wilab; Cecilia Flores (Webee); Alican; Farmacias L\u00edder; Pueblo Nativo; Establecimiento Las Chilcas y Metal\u00fargica Gerbaudo.<\/p>\n<p>Aipha-G; Tiendoo; Glodu; Bicicleter\u00edas Enrique; Academia 3e; Biofarma, Celeste Santiago (Helacor), Pizzer\u00eda Popular, Holcim, Corfasur, Grupo Elyon, Qubik, Seed Matriz y Bast\u00f3.<\/p>\n<p>No tags for this post.<\/p><\/div>\n","protected":false},"excerpt":{"rendered":"<p>Despu\u00e9s del in\u00e9dito 2020, donde se llev\u00f3 a cabo \u201cEl Empresario del A\u00f1o m\u00e1s dif\u00edcil del mundo\u201d, la edici\u00f3n 2021 del hist\u00f3rico premio que organiza Punto a Punto se pone en marcha con la publicaci\u00f3n de los primeros nombres que surgen del relevamiento de lo ocurrido a lo largo del a\u00f1o en el mundo de [&hellip;]<\/p>\n","protected":false},"author":1,"featured_media":22840,"comment_status":"closed","ping_status":"closed","sticky":false,"template":"","format":"standard","meta":[],"categories":[25],"tags":[],"_links":{"self":[{"href":"http:\/\/cordobadirecto.com\/index.php\/wp-json\/wp\/v2\/posts\/22839"}],"collection":[{"href":"http:\/\/cordobadirecto.com\/index.php\/wp-json\/wp\/v2\/posts"}],"about":[{"href":"http:\/\/cordobadirecto.com\/index.php\/wp-json\/wp\/v2\/types\/post"}],"author":[{"embeddable":true,"href":"http:\/\/cordobadirecto.com\/index.php\/wp-json\/wp\/v2\/users\/1"}],"replies":[{"embeddable":true,"href":"http:\/\/cordobadirecto.com\/index.php\/wp-json\/wp\/v2\/comments?post=22839"}],"version-history":[{"count":0,"href":"http:\/\/cordobadirecto.com\/index.php\/wp-json\/wp\/v2\/posts\/22839\/revisions"}],"wp:featuredmedia":[{"embeddable":true,"href":"http:\/\/cordobadirecto.com\/index.php\/wp-json\/wp\/v2\/media\/22840"}],"wp:attachment":[{"href":"http:\/\/cordobadirecto.com\/index.php\/wp-json\/wp\/v2\/media?parent=22839"}],"wp:term":[{"taxonomy":"category","embeddable":true,"href":"http:\/\/cordobadirecto.com\/index.php\/wp-json\/wp\/v2\/categories?post=22839"},{"taxonomy":"post_tag","embeddable":true,"href":"http:\/\/cordobadirecto.com\/index.php\/wp-json\/wp\/v2\/tags?post=22839"}],"curies":[{"name":"wp","href":"https:\/\/api.w.org\/{rel}","templated":true}]}}