{"id":22887,"date":"2021-10-13T02:40:42","date_gmt":"2021-10-13T02:40:42","guid":{"rendered":"https:\/\/www.bbc.com\/mundo\/noticias-america-latina-58893832"},"modified":"2021-10-13T02:40:42","modified_gmt":"2021-10-13T02:40:42","slug":"raul-isaias-baduel-muere-en-prision-por-covid-19-el-ex-ministro-de-defensa-de-venezuela","status":"publish","type":"post","link":"http:\/\/cordobadirecto.com\/index.php\/2021\/10\/13\/raul-isaias-baduel-muere-en-prision-por-covid-19-el-ex-ministro-de-defensa-de-venezuela\/","title":{"rendered":"Ra\u00fal Isa\u00edas Baduel: muere en prisi\u00f3n por covid-19 el ex ministro de Defensa de Venezuela"},"content":{"rendered":"<div dir=\"ltr\" class=\"e1j2237y5 bbc-q4ibpr e57qer20\">\n<div class=\"bbc-1atl7vu e1c9i7u14\">\n<ul role=\"list\" class=\"bbc-k0l9bd e1c9i7u12\">\n<li role=\"listitem\" class=\"bbc-1a3w4ok e1c9i7u11\">Redacci\u00f3n <\/li>\n<li role=\"listitem\" class=\"bbc-1p92jtu e1c9i7u10\">BBC News Mundo<\/li>\n<\/ul>\n<\/div>\n<\/div>\n<p><time datetime=\"2021-10-13\" class=\"bbc-14xtggo e4zesg50\">1 hora<\/time><\/p>\n<div dir=\"ltr\" class=\"bbc-1ka88fa e57qer20\">\n<figure class=\"bbc-1qdcvv9 e6bmn90\">\n<div dir=\"ltr\" class=\"bbc-172p16q e57qer20\">\n<div dir=\"ltr\" class=\"bbc-189y18v e57qer20\" readability=\"6.5\">\n<div data-e2e=\"image-placeholder\" class=\"bbc-997y1y e1whu0\" readability=\"8\"><img loading=\"lazy\" srcset=\"http:\/\/cordobadirecto.com\/wp-content\/uploads\/2021\/10\/raul-isaias-baduel-muere-en-prision-por-covid-19-el-ex-ministro-de-defensa-de-venezuela-3.jpg 240w, http:\/\/cordobadirecto.com\/wp-content\/uploads\/2021\/10\/raul-isaias-baduel-muere-en-prision-por-covid-19-el-ex-ministro-de-defensa-de-venezuela-4.jpg 320w, http:\/\/cordobadirecto.com\/wp-content\/uploads\/2021\/10\/raul-isaias-baduel-muere-en-prision-por-covid-19-el-ex-ministro-de-defensa-de-venezuela-5.jpg 480w, http:\/\/cordobadirecto.com\/wp-content\/uploads\/2021\/10\/raul-isaias-baduel-muere-en-prision-por-covid-19-el-ex-ministro-de-defensa-de-venezuela-6.jpg 624w, http:\/\/cordobadirecto.com\/wp-content\/uploads\/2021\/10\/raul-isaias-baduel-muere-en-prision-por-covid-19-el-ex-ministro-de-defensa-de-venezuela-7.jpg 800w\" alt=\"Ch\u00e1vez y Baduel\" src=\"http:\/\/cordobadirecto.com\/wp-content\/uploads\/2021\/10\/raul-isaias-baduel-muere-en-prision-por-covid-19-el-ex-ministro-de-defensa-de-venezuela.jpg\" sizes=\"(min-width: 1008px) 645px, 100vw\" width=\"976\" height=\"549\" class=\"eehpdyc0 bbc-100dhyn e1enwo3v0\"><\/p>\n<p role=\"text\" class=\"bbc-1s1cxbv etq3yw90\"><span class=\"bbc-1gnhmg2 e1yt7oin0\">Fuente de la imagen, <\/span><span lang=\"en-GB\">Getty Images<\/span><\/p>\n<\/div>\n<\/div>\n<div dir=\"ltr\" class=\"bbc-3edg7g e57qer20\" readability=\"6\"><figcaption dir=\"ltr\" class=\"bbc-1t9zlwf eede9f50\" readability=\"2\"><span class=\"bbc-1gnhmg2 e1yt7oin0\">Pie de foto, <\/span><\/p>\n<p>Baduel con Hugo Ch\u00e1vez en 2006.<\/p>\n<\/figcaption><\/div>\n<\/div>\n<\/figure>\n<\/div>\n<div dir=\"ltr\" class=\"bbc-19j92fr e57qer20\" readability=\"10\">\n<p dir=\"ltr\" class=\"bbc-bm53ic e1cc2ql70\"><b>El exministro de Defensa de Venezuela, Ra\u00fal Isa\u00edas Baduel, falleci\u00f3 este martes en una prisi\u00f3n de Caracas.<\/b><\/p>\n<\/div>\n<div dir=\"ltr\" class=\"bbc-19j92fr e57qer20\" readability=\"9\">\n<p dir=\"ltr\" class=\"bbc-bm53ic e1cc2ql70\">As\u00ed lo confirm\u00f3 en un mensaje en Twitter el fiscal general Tarek William Saab, quien explic\u00f3 que Baduel muri\u00f3 de un paro cardiorrespiratorio a consecuencia de la covid-19.<\/p>\n<\/div>\n<div dir=\"ltr\" class=\"bbc-19j92fr e57qer20\" readability=\"9\">\n<p dir=\"ltr\" class=\"bbc-bm53ic e1cc2ql70\">Seg\u00fan Saab, el fallecimiento se produjo &#8220;mientras se le aplicaban los cuidados m\u00e9dicos correspondientes y (habiendo) recibido la primera dosis de la vacuna&#8221;.<\/p>\n<\/div>\n<div dir=\"ltr\" class=\"bbc-19j92fr e57qer20\" readability=\"12\">\n<p dir=\"ltr\" class=\"bbc-bm53ic e1cc2ql70\">Baduel, quien era considerado un preso pol\u00edtico por la oposici\u00f3n y por organizaciones de derechos humanos, se encontraba detenido en &#8220;El Helicoide&#8221; en Caracas, una de las sedes del Servicio Bolivariano de Inteligencia (SEBIN).<\/p>\n<\/div>\n<p><h2 id=\"Brutal-sufrimiento\" tabindex=\"-1\" class=\"bbc-l3e97o e14hemmw0\">&#8220;Brutal sufrimiento&#8221;<\/h2>\n<\/p>\n<div dir=\"ltr\" class=\"bbc-1ka88fa e57qer20\">\n<figure class=\"bbc-1qdcvv9 e6bmn90\">\n<div dir=\"ltr\" class=\"bbc-172p16q e57qer20\">\n<div dir=\"ltr\" class=\"bbc-189y18v e57qer20\" readability=\"6.5\">\n<div data-e2e=\"image-placeholder\" class=\"bbc-997y1y e1whu0\" readability=\"8\"><noscript><img loading=\"lazy\" srcset=\"http:\/\/cordobadirecto.com\/wp-content\/uploads\/2021\/10\/raul-isaias-baduel-muere-en-prision-por-covid-19-el-ex-ministro-de-defensa-de-venezuela-8.jpg 240w, http:\/\/cordobadirecto.com\/wp-content\/uploads\/2021\/10\/raul-isaias-baduel-muere-en-prision-por-covid-19-el-ex-ministro-de-defensa-de-venezuela-9.jpg 320w, http:\/\/cordobadirecto.com\/wp-content\/uploads\/2021\/10\/raul-isaias-baduel-muere-en-prision-por-covid-19-el-ex-ministro-de-defensa-de-venezuela-10.jpg 480w, http:\/\/cordobadirecto.com\/wp-content\/uploads\/2021\/10\/raul-isaias-baduel-muere-en-prision-por-covid-19-el-ex-ministro-de-defensa-de-venezuela-11.jpg 624w, http:\/\/cordobadirecto.com\/wp-content\/uploads\/2021\/10\/raul-isaias-baduel-muere-en-prision-por-covid-19-el-ex-ministro-de-defensa-de-venezuela-12.jpg 800w\" alt=\"Baduel\" src=\"http:\/\/cordobadirecto.com\/wp-content\/uploads\/2021\/10\/raul-isaias-baduel-muere-en-prision-por-covid-19-el-ex-ministro-de-defensa-de-venezuela-1.jpg\" sizes=\"(min-width: 1008px) 645px, 100vw\" width=\"976\" height=\"549\" class=\"eehpdyc0 bbc-100dhyn e1enwo3v0\"><\/noscript><\/p>\n<p role=\"text\" class=\"bbc-1s1cxbv etq3yw90\"><span class=\"bbc-1gnhmg2 e1yt7oin0\">Fuente de la imagen, <\/span><span lang=\"en-GB\">Getty Images<\/span><\/p>\n<\/div>\n<\/div>\n<\/div>\n<\/figure>\n<\/div>\n<div dir=\"ltr\" class=\"bbc-19j92fr e57qer20\" readability=\"12\">\n<p dir=\"ltr\" class=\"bbc-bm53ic e1cc2ql70\">Baduel asumi\u00f3 la cartera de Defensa entre 2006 y 2007, <b>bajo la presidencia de Hugo Ch\u00e1vez.<\/b> Sin embargo, en 2010 fue condenado por &#8220;delitos contra el decoro militar, sustracci\u00f3n de fondos y abuso de autoridad&#8221;.<\/p>\n<\/div>\n<div dir=\"ltr\" class=\"bbc-19j92fr e57qer20\" readability=\"9\">\n<p dir=\"ltr\" class=\"bbc-bm53ic e1cc2ql70\">Tras casi 7 a\u00f1os en la c\u00e1rcel militar de Ramo Verde, en 2015 le otorgaron medida de libertad condicional con restricciones aunque en 2017 se la revocaron.<\/p>\n<\/div>\n<div dir=\"ltr\" class=\"bbc-19j92fr e57qer20\" readability=\"12\">\n<p dir=\"ltr\" class=\"bbc-bm53ic e1cc2ql70\">Seg\u00fan recuerda el diario El Nacional, ese mismo a\u00f1o el general retirado terminaba de cumplir su condena y deb\u00eda salir en libertad, pero un d\u00eda antes el gobierno de <b>Nicol\u00e1s Maduro lo acus\u00f3 de traici\u00f3n a la patria e instigaci\u00f3n a la rebeli\u00f3n<\/b>, por lo que a\u00fan permanec\u00eda preso.<\/p>\n<\/div>\n<div dir=\"ltr\" class=\"bbc-19j92fr e57qer20\" readability=\"11\">\n<p dir=\"ltr\" class=\"bbc-bm53ic e1cc2ql70\">Tras conocerse la noticia del fallecimiento de Baduel, el autoproclamado &#8220;presidente encargado&#8221; de Venezuela, Juan Guaid\u00f3, acus\u00f3 al r\u00e9gimen de Maduro de haberlo &#8220;asesinado&#8221;.<\/p>\n<\/div>\n<div dir=\"ltr\" class=\"bbc-19j92fr e57qer20\" readability=\"12\">\n<p dir=\"ltr\" class=\"bbc-bm53ic e1cc2ql70\">&#8220;Al general Ra\u00fal Baduel lo asesin\u00f3 la dictadura. Lo secuestr\u00f3, lo tortur\u00f3 y le neg\u00f3 atenci\u00f3n m\u00e9dica. Tras doce a\u00f1os de brutal sufrimiento, Baduel es el d\u00e9cimo preso pol\u00edtico que muere en manos del r\u00e9gimen&#8221;, se\u00f1al\u00f3 Guaid\u00f3 en sus redes sociales. <\/p>\n<\/div>\n<p><h2 id=\"Cercano-a-Ch\u00e1vez\" tabindex=\"-1\" class=\"bbc-l3e97o e14hemmw0\">Cercano a Ch\u00e1vez<\/h2>\n<\/p>\n<div dir=\"ltr\" class=\"bbc-19j92fr e57qer20\" readability=\"10\">\n<p dir=\"ltr\" class=\"bbc-bm53ic e1cc2ql70\">El general en alguna ocasi\u00f3n atribuy\u00f3 su situaci\u00f3n a que despu\u00e9s de ser uno de los m\u00e1s estrechos colaboradores del fallecido Hugo Ch\u00e1vez se convirti\u00f3 en <b>uno de sus m\u00e1s prominentes cr\u00edticos<\/b><b>, oponi\u00e9ndose a la reforma constitucional impulsada por este en 2007.<\/b><\/p>\n<\/div>\n<div dir=\"ltr\" class=\"bbc-19j92fr e57qer20\" readability=\"11\">\n<p dir=\"ltr\" class=\"bbc-bm53ic e1cc2ql70\">Fue compa\u00f1ero de promoci\u00f3n de Ch\u00e1vez en la academia militar y adem\u00e1s form\u00f3 parte del grupo de cuatro militares fundadores del Movimiento Bolivariano Revolucionario 200, germen del Movimiento Quinta Rep\u00fablica, partido con el que Ch\u00e1vez lleg\u00f3 a la presidencia.<\/p>\n<\/div>\n<div dir=\"ltr\" class=\"bbc-19j92fr e57qer20\" readability=\"10\">\n<p dir=\"ltr\" class=\"bbc-bm53ic e1cc2ql70\">Incluso lleg\u00f3 a ser el encargado de liderar la <b>operaci\u00f3n &#8220;Restituci\u00f3n de la Dignidad Nacional&#8221;<\/b>, con la que el presidente Ch\u00e1vez regres\u00f3 a su cargo tras el golpe de Estado del 14 de abril de 2002.<\/p>\n<\/div>\n<div dir=\"ltr\" class=\"bbc-1ka88fa e57qer20\">\n<figure class=\"bbc-1qdcvv9 e6bmn90\">\n<div dir=\"ltr\" class=\"bbc-172p16q e57qer20\">\n<div dir=\"ltr\" class=\"bbc-189y18v e57qer20\">\n<div data-e2e=\"image-placeholder\" class=\"bbc-997y1y e1whu0\"><noscript><img loading=\"lazy\" srcset=\"http:\/\/cordobadirecto.com\/wp-content\/uploads\/2021\/10\/raul-isaias-baduel-muere-en-prision-por-covid-19-el-ex-ministro-de-defensa-de-venezuela-13.jpg 240w, http:\/\/cordobadirecto.com\/wp-content\/uploads\/2021\/10\/raul-isaias-baduel-muere-en-prision-por-covid-19-el-ex-ministro-de-defensa-de-venezuela-14.jpg 320w, http:\/\/cordobadirecto.com\/wp-content\/uploads\/2021\/10\/raul-isaias-baduel-muere-en-prision-por-covid-19-el-ex-ministro-de-defensa-de-venezuela-15.jpg 464w\" alt=\"L\u00ednea\" src=\"http:\/\/cordobadirecto.com\/wp-content\/uploads\/2021\/10\/raul-isaias-baduel-muere-en-prision-por-covid-19-el-ex-ministro-de-defensa-de-venezuela-2.jpg\" sizes=\"(min-width: 1008px) 645px, 100vw\" width=\"464\" height=\"2\" class=\"eehpdyc0 bbc-100dhyn e1enwo3v0\"><\/noscript><\/div>\n<\/div>\n<\/div>\n<\/figure>\n<\/div>\n<div dir=\"ltr\" class=\"bbc-19j92fr e57qer20\" readability=\"8\">\n<p dir=\"ltr\" class=\"bbc-bm53ic e1cc2ql70\"><i class=\"bbc-h1y5j7 ewc4zcb0\">Ahora puedes recibir notificaciones de BBC News Mundo. Descarga nuestra app y act\u00edvalas para no perderte nuestro mejor contenido.<\/i><\/p>\n<\/div>\n","protected":false},"excerpt":{"rendered":"<p>Redacci\u00f3n BBC News Mundo 1 hora Fuente de la imagen, Getty Images Pie de foto, Baduel con Hugo Ch\u00e1vez en 2006. El exministro de Defensa de Venezuela, Ra\u00fal Isa\u00edas Baduel, falleci\u00f3 este martes en una prisi\u00f3n de Caracas. As\u00ed lo confirm\u00f3 en un mensaje en Twitter el fiscal general Tarek William Saab, quien explic\u00f3 que [&hellip;]<\/p>\n","protected":false},"author":1,"featured_media":22888,"comment_status":"closed","ping_status":"closed","sticky":false,"template":"","format":"standard","meta":[],"categories":[24],"tags":[],"_links":{"self":[{"href":"http:\/\/cordobadirecto.com\/index.php\/wp-json\/wp\/v2\/posts\/22887"}],"collection":[{"href":"http:\/\/cordobadirecto.com\/index.php\/wp-json\/wp\/v2\/posts"}],"about":[{"href":"http:\/\/cordobadirecto.com\/index.php\/wp-json\/wp\/v2\/types\/post"}],"author":[{"embeddable":true,"href":"http:\/\/cordobadirecto.com\/index.php\/wp-json\/wp\/v2\/users\/1"}],"replies":[{"embeddable":true,"href":"http:\/\/cordobadirecto.com\/index.php\/wp-json\/wp\/v2\/comments?post=22887"}],"version-history":[{"count":0,"href":"http:\/\/cordobadirecto.com\/index.php\/wp-json\/wp\/v2\/posts\/22887\/revisions"}],"wp:featuredmedia":[{"embeddable":true,"href":"http:\/\/cordobadirecto.com\/index.php\/wp-json\/wp\/v2\/media\/22888"}],"wp:attachment":[{"href":"http:\/\/cordobadirecto.com\/index.php\/wp-json\/wp\/v2\/media?parent=22887"}],"wp:term":[{"taxonomy":"category","embeddable":true,"href":"http:\/\/cordobadirecto.com\/index.php\/wp-json\/wp\/v2\/categories?post=22887"},{"taxonomy":"post_tag","embeddable":true,"href":"http:\/\/cordobadirecto.com\/index.php\/wp-json\/wp\/v2\/tags?post=22887"}],"curies":[{"name":"wp","href":"https:\/\/api.w.org\/{rel}","templated":true}]}}