{"id":23080,"date":"2021-10-14T03:58:36","date_gmt":"2021-10-14T03:58:36","guid":{"rendered":"http:\/\/cordobadirecto.com\/index.php\/2021\/10\/14\/santino-barberis-y-los-apolimos-presentan-el-pianista-en-el-emergente\/"},"modified":"2021-10-14T03:58:36","modified_gmt":"2021-10-14T03:58:36","slug":"santino-barberis-y-los-apolimos-presentan-el-pianista-en-el-emergente","status":"publish","type":"post","link":"http:\/\/cordobadirecto.com\/index.php\/2021\/10\/14\/santino-barberis-y-los-apolimos-presentan-el-pianista-en-el-emergente\/","title":{"rendered":"Santino Barberis y Los Ap\u00f3limos presentan &#8220;El pianista&#8221; en El Emergente"},"content":{"rendered":"<p> &nbsp; <\/p>\n<div class=\"image\" id=\"image\" readability=\"8\"> <img src=\"http:\/\/cordobadirecto.com\/wp-content\/uploads\/2021\/10\/santino-barberis-y-los-apolimos-presentan-el-pianista-en-el-emergente.jpg\" alt=\"Barberis: &quot;Haber estado tan a solas con el piano y todos los discos que hay en mi casa cambi\u00f3 mucho mi forma de entender la m\u00fasica&quot;. (foto:prensa)\" title=\"Barberis: &quot;Haber estado tan a solas con el piano y todos los discos que hay en mi casa cambi\u00f3 mucho mi forma de entender la m\u00fasica&quot;. (foto:prensa)\"><\/p>\n<p>Barberis: &#8220;Haber estado tan a solas con el piano y todos los discos que hay en mi casa cambi\u00f3 mucho mi forma de entender la m\u00fasica&#8221;. (foto:prensa)<\/p>\n<\/div>\n<p>El joven compositor y cantante Santino Barberis presentar\u00e1 el 4 de noviembre a las 21 en la sala porte\u00f1a El Emergente, junto a Los Ap\u00f3limos, su primer disco, \u201cEl pianista\u201d, un material \u00edntimo y contemplativo, creado y grabado \u00edntegramente en pandemia y que tiene a la canci\u00f3n de autor como protagonista.<\/p>\n<p>\u201cSiento que es fruto de lo que signific\u00f3 particularmente para m\u00ed el a\u00f1o pasado; el haber estado tan a solas con el piano y todos los discos que hay en mi casa cambi\u00f3 mucho mi forma de entender la m\u00fasica, y me hizo repensar muchas cosas a nivel art\u00edstico\u201d, dijo Santino en di\u00e1logo con T\u00e9lam.<\/p>\n<p>Lata Medina en guitarra, Palo Ramos en bajo y Genaro Aguilar en bater\u00eda son los integrantes de Los Ap\u00f3limos, banda que interpreta y aporta colores e identidad a las canciones del talentoso m\u00fasico, en las que se escuchan influencias que van desde Charly Garc\u00eda hasta Chico Buarque y el tango.<\/p>\n<p>Acerca de la variedad de estilos que combina naturalmente en su propuesta, Barberis expres\u00f3: \u201cQuiz\u00e1s, siento que ir\u00f3nicamente lo que caracteriza a la m\u00fasica que hago (y a la que hacemos como grupo con Los Ap\u00f3limos) es justamente la no-identificaci\u00f3n\u201d.<\/p>\n<p> <iframe width=\"560\" height=\"315\" src=\"https:\/\/www.youtube.com\/embed\/hA-uPOJp4XY?wmode=transparent&amp;showinfo=0&amp;autohide=1&amp;rel=0\" frameborder=\"0\" allowfullscreen>[embedded content]<\/iframe> <\/p>\n<p>Santino Barberis<\/p>\n<p>\u201c<strong>No se trata de canciones de rock, ni baladas, ni canciones que se pueden decir parten de un g\u00e9nero en particular,<\/strong> la variedad de inspiraciones termina en una mezcla que, sin perder la identidad, no se queda parada y dice \u2018soy esto\u2019 -continu\u00f3-.Me gusta que las canciones lleguen a la gente, me gusta que se escuchen y m\u00e1s personas tengan la posibilidad de disfrutarlas y sentir lo que quieran con ellas, me siento bien si eso pasa\u201d.<\/p>\n<p>Acerca de la presentaci\u00f3n del disco en el local porte\u00f1o ubicado en Gallo 333, Santino habl\u00f3 de la felicidad que significa la posibilidad de tocar los temas en vivo &#8221; y adelant\u00f3 que en el show &#8220;vamos a explorar cosas nuevas en grupo, y todo va sonando cada vez mejor y estamos todos muy contentos\u201d.<\/p>\n<p>\u201cCon los chicos laburamos muy en conjunto; quiz\u00e1s uno s\u00f3lo trae una idea y entre los dem\u00e1s vamos metiendo lo que creemos que queda, siento que cada vez componemos m\u00e1s en equipo, si bien casi siempre uno lleva un tema terminado, las canciones se terminan de componer entre todos seg\u00fan lo que creemos que el tema pide\u201d, cont\u00f3.<\/p>\n<p>&nbsp; <\/p>\n<div class=\"image\" id=\"image\" readability=\"8\"> <img src=\"http:\/\/cordobadirecto.com\/wp-content\/uploads\/2021\/10\/santino-barberis-y-los-apolimos-presentan-el-pianista-en-el-emergente-1.jpg\" alt=\"Barberis: &quot;La variedad de inspiraciones termina en una mezcla que, sin perder la identidad&quot;.\" title=\"Barberis: &quot;La variedad de inspiraciones termina en una mezcla que, sin perder la identidad&quot;.\"><\/p>\n<p>Barberis: &#8220;La variedad de inspiraciones termina en una mezcla que, sin perder la identidad&#8221;.<\/p>\n<\/div>\n","protected":false},"excerpt":{"rendered":"<p>&nbsp; Barberis: &#8220;Haber estado tan a solas con el piano y todos los discos que hay en mi casa cambi\u00f3 mucho mi forma de entender la m\u00fasica&#8221;. (foto:prensa) El joven compositor y cantante Santino Barberis presentar\u00e1 el 4 de noviembre a las 21 en la sala porte\u00f1a El Emergente, junto a Los Ap\u00f3limos, su primer [&hellip;]<\/p>\n","protected":false},"author":1,"featured_media":23081,"comment_status":"closed","ping_status":"closed","sticky":false,"template":"","format":"standard","meta":[],"categories":[20],"tags":[],"_links":{"self":[{"href":"http:\/\/cordobadirecto.com\/index.php\/wp-json\/wp\/v2\/posts\/23080"}],"collection":[{"href":"http:\/\/cordobadirecto.com\/index.php\/wp-json\/wp\/v2\/posts"}],"about":[{"href":"http:\/\/cordobadirecto.com\/index.php\/wp-json\/wp\/v2\/types\/post"}],"author":[{"embeddable":true,"href":"http:\/\/cordobadirecto.com\/index.php\/wp-json\/wp\/v2\/users\/1"}],"replies":[{"embeddable":true,"href":"http:\/\/cordobadirecto.com\/index.php\/wp-json\/wp\/v2\/comments?post=23080"}],"version-history":[{"count":0,"href":"http:\/\/cordobadirecto.com\/index.php\/wp-json\/wp\/v2\/posts\/23080\/revisions"}],"wp:featuredmedia":[{"embeddable":true,"href":"http:\/\/cordobadirecto.com\/index.php\/wp-json\/wp\/v2\/media\/23081"}],"wp:attachment":[{"href":"http:\/\/cordobadirecto.com\/index.php\/wp-json\/wp\/v2\/media?parent=23080"}],"wp:term":[{"taxonomy":"category","embeddable":true,"href":"http:\/\/cordobadirecto.com\/index.php\/wp-json\/wp\/v2\/categories?post=23080"},{"taxonomy":"post_tag","embeddable":true,"href":"http:\/\/cordobadirecto.com\/index.php\/wp-json\/wp\/v2\/tags?post=23080"}],"curies":[{"name":"wp","href":"https:\/\/api.w.org\/{rel}","templated":true}]}}