{"id":23091,"date":"2021-10-13T18:33:34","date_gmt":"2021-10-13T18:33:34","guid":{"rendered":"https:\/\/www.ole.com.ar\/autos\/aviso-sebastian-vettel_0_vyB5y6X1f.html"},"modified":"2021-10-13T18:33:34","modified_gmt":"2021-10-13T18:33:34","slug":"vettel-contundente","status":"publish","type":"post","link":"http:\/\/cordobadirecto.com\/index.php\/2021\/10\/13\/vettel-contundente\/","title":{"rendered":"Vettel, contundente"},"content":{"rendered":"<div><img src=\"http:\/\/cordobadirecto.com\/wp-content\/uploads\/2021\/10\/vettel-contundente.jpg\" class=\"ff-og-image-inserted\"><\/div>\n<p>Todos saben que Sebastian Vettel es el piloto m\u00e1s comprometido&nbsp;con el medio ambiente y no esconde su descuerdo con el camino que est\u00e1 tomando la F\u00f3rmula 1 en este \u00e1mbito.<\/p>\n<p> El alem\u00e1n asegur\u00f3 que si no hay un cambio a favor de la sustentabilidad en este deporte, <mark>es probable que se acerque el fin de la categor\u00eda.<\/mark><\/p>\n<p> El actual piloto de Aston Martin cree que el camino de los motores m\u00e1s ecol\u00f3gicos y de combustibles sustentables de la F1 no es tan agresiva como deber\u00eda ser.<\/p>\n<p> \u201cCreo que vivimos en una \u00e9poca en la que tenemos innovaciones y <mark>posibilidades de hacer que la F\u00f3rmula 1 tambi\u00e9n sea verde<\/mark>, y no perder nada del espect\u00e1culo, de la emoci\u00f3n, de la velocidad, del desaf\u00edo, de la pasi\u00f3n\u201d, indic\u00f3 Vettel en conferencia de prensa.<\/p>\n<p>Y agreg\u00f3: \u201cEn todo caso, <mark>tenemos tanta gente inteligente y poder de ingenier\u00eda que podr\u00edamos encontrar soluciones.<\/mark> Pero las regulaciones actuales, creo que son muy emocionantes, el motor es s\u00faper eficiente, pero es in\u00fatil\u201d.<\/p>\n<p> Vettel cree que es necesario o\u00edr las ideas de la gente por el bien de este deporte: \u201c<mark>Creo que definitivamente es correcto que la F\u00f3rmula 1 busque una forma de encontrar combustibles renovables <\/mark>o una f\u00f3rmula para combustibles sint\u00e9ticos. Si esos cambios vienen, eso es algo bueno para la F\u00f3rmula 1, y tambi\u00e9n es algo vital. Pero si no vienen, creo que la F\u00f3rmula 1 desaparecer\u00e1. Y probablemente con raz\u00f3n\u201d, reflexion\u00f3<\/p>\n<div class=\"entry-tags\">\n<h2>TEMAS QUE APARECEN EN ESTA NOTA<\/h2>\n<\/p><\/div>\n","protected":false},"excerpt":{"rendered":"<p>Todos saben que Sebastian Vettel es el piloto m\u00e1s comprometido&nbsp;con el medio ambiente y no esconde su descuerdo con el camino que est\u00e1 tomando la F\u00f3rmula 1 en este \u00e1mbito. El alem\u00e1n asegur\u00f3 que si no hay un cambio a favor de la sustentabilidad en este deporte, es probable que se acerque el fin de [&hellip;]<\/p>\n","protected":false},"author":1,"featured_media":23092,"comment_status":"closed","ping_status":"closed","sticky":false,"template":"","format":"standard","meta":[],"categories":[21],"tags":[],"_links":{"self":[{"href":"http:\/\/cordobadirecto.com\/index.php\/wp-json\/wp\/v2\/posts\/23091"}],"collection":[{"href":"http:\/\/cordobadirecto.com\/index.php\/wp-json\/wp\/v2\/posts"}],"about":[{"href":"http:\/\/cordobadirecto.com\/index.php\/wp-json\/wp\/v2\/types\/post"}],"author":[{"embeddable":true,"href":"http:\/\/cordobadirecto.com\/index.php\/wp-json\/wp\/v2\/users\/1"}],"replies":[{"embeddable":true,"href":"http:\/\/cordobadirecto.com\/index.php\/wp-json\/wp\/v2\/comments?post=23091"}],"version-history":[{"count":0,"href":"http:\/\/cordobadirecto.com\/index.php\/wp-json\/wp\/v2\/posts\/23091\/revisions"}],"wp:featuredmedia":[{"embeddable":true,"href":"http:\/\/cordobadirecto.com\/index.php\/wp-json\/wp\/v2\/media\/23092"}],"wp:attachment":[{"href":"http:\/\/cordobadirecto.com\/index.php\/wp-json\/wp\/v2\/media?parent=23091"}],"wp:term":[{"taxonomy":"category","embeddable":true,"href":"http:\/\/cordobadirecto.com\/index.php\/wp-json\/wp\/v2\/categories?post=23091"},{"taxonomy":"post_tag","embeddable":true,"href":"http:\/\/cordobadirecto.com\/index.php\/wp-json\/wp\/v2\/tags?post=23091"}],"curies":[{"name":"wp","href":"https:\/\/api.w.org\/{rel}","templated":true}]}}