{"id":2336,"date":"2021-03-01T01:40:44","date_gmt":"2021-03-01T01:40:44","guid":{"rendered":"http:\/\/cordobadirecto.com\/index.php\/2021\/03\/01\/apertura-de-sesiones-la-oposicion-escuchara-a-llaryora-sin-demasiadas-expectativas\/"},"modified":"2021-03-01T01:40:44","modified_gmt":"2021-03-01T01:40:44","slug":"apertura-de-sesiones-la-oposicion-escuchara-a-llaryora-sin-demasiadas-expectativas","status":"publish","type":"post","link":"http:\/\/cordobadirecto.com\/index.php\/2021\/03\/01\/apertura-de-sesiones-la-oposicion-escuchara-a-llaryora-sin-demasiadas-expectativas\/","title":{"rendered":"Apertura de sesiones: la oposici\u00f3n escuchar\u00e1 a Llaryora sin demasiadas expectativas"},"content":{"rendered":"<div><img src=\"http:\/\/cordobadirecto.com\/wp-content\/uploads\/2021\/03\/apertura-de-sesiones-la-oposicion-escuchara-a-llaryora-sin-demasiadas-expectativas.jpg\" class=\"ff-og-image-inserted\"><\/div>\n<p>Hoy, a las 19.30 en el Jard\u00edn Bot\u00e1nico de la ciudad de C\u00f3rdoba, el intendente Mart\u00edn Llaryora pronunciar\u00e1 su segundo discurso de apertura de sesiones ordinarias del Concejo Deliberante.&nbsp;<\/p>\n<p>Los ediles opositores dicen que no tienen muchas expectativas, pero s\u00ed esperan respuestas a los problemas que tiene la ciudad. Adem\u00e1s, varios coincidieron en criticar el programa de servidores urbanos, que si bien viene desde la gesti\u00f3n de Daniel Giacomino, Llaryora le dio mucha m\u00e1s visibilidad.<\/p>\n<p>La vicepresidenta de la bancada radical, Cecilia Aro, asegur\u00f3 que asistir\u00e1 al acto sin esperar demasiado. \u201cNo tenemos expectativas. Esperamos respuestas que los vecinos de la ciudad no tuvieron\u201d, dijo la concejala.<\/p>\n<p>Y agreg\u00f3: \u201cEn el primer a\u00f1o, la excusa fue la supuesta herencia recibida. Y este a\u00f1o, seguro que ser\u00e1 la pandemia. Y mientras tanto, lo que vemos es una ciudad que necesita respuestas. Una ciudad que tiene m\u00e1s problemas y menos soluciones, principalmente en servicios: bacheo, cloacas, alumbrado y transporte\u201d.<\/p>\n<div class=\"block-ad-node\">\n<div>\n<p> <span>Publicidad<\/span> <\/p>\n<\/div>\n<\/div>\n<p>Juan Negri, titular del bloque C\u00f3rdoba Cambia, coment\u00f3 a La Voz que va a la apertura de sesiones esperando que Llaryora explique qu\u00e9 va hacer \u201ccon los 2.850 empleados que forman el municipio paralelo, que est\u00e1n precarizados, que hoy ya est\u00e1n reclamando mejoras salariales y pasar a ser contratados por el municipio\u201d, en referencia a los servidores urbanos.<\/p>\n<p>\u201cEsperamos la aclaraci\u00f3n de por qu\u00e9 no convoco a trabajar a un tercio de los empleados municipales que deber\u00edan estar haciendo las tareas que duplic\u00f3 con los servidores urbanos, promotores de convivencia y monotributistas\u201d, agreg\u00f3.&nbsp;<\/p>\n<p class=\"TextoDestacado\">Negri tambi\u00e9n dijo que espera explicaciones sobre el rol del municipio en la vacunaci\u00f3n por Covid-19, c\u00f3mo se recuperar\u00e1 el a\u00f1o perdido en clases y c\u00f3mo reparar\u00e1n el da\u00f1o causado al sistema educativo.<\/p>\n<p>El concejal tambi\u00e9n enumer\u00f3 cuestiones relacionadas a la descentralizaci\u00f3n operativa, pol\u00edticas activas para prevenir la violencia de g\u00e9nero y la incorporaci\u00f3n de trabajadores del servicio de transporte a la vacunaci\u00f3n.&nbsp;<\/p>\n<p>Rodrigo de Loredo (Evoluci\u00f3n Radical) dijo que tiene \u201cmuchas expectativas\u201d porque desea que le vaya bien al intendente.&nbsp;<\/p>\n<div class=\"block-ad-node\">\n<div>\n<p> <span>Publicidad<\/span> <\/p>\n<\/div>\n<\/div>\n<p>\u201cMi expectativa principal es que el ahorro que aplic\u00f3 con los empleados de planta no se vaya en contrataciones de nuevos empleos transitorios como servidores urbanos, que m\u00e1s temprano que tarde demandaran su pase a planta al municipio; si no que se traduzca en reducci\u00f3n de tasas y disminuci\u00f3n de la presi\u00f3n impositiva del municipio que creci\u00f3 estrepitosamente con su llegada\u201d, remarc\u00f3 el excandidato a intendente radical.<\/p>\n<p class=\"SubTitulo\"><strong>Concejo<\/strong><\/p>\n<p>El concejal Juan Pablo Quinteros (Encuentro Vecinal), sostuvo que la apertura de sesiones tiene como positivo que \u201cLlaryora va a recordar que la ciudad tiene Concejo\u201d.<\/p>\n<div class=\"block-ad-node\">\n<div>\n<p> <span>Publicidad<\/span> <\/p>\n<\/div>\n<\/div>\n<p>\u201cLo malo es que har\u00e1 un discurso de ocasi\u00f3n y continuar\u00e1 utilizando el cuerpo legislativo para amortiguar todas aquellas cuestiones que, a su criterio, le puedan ocasionar un costo pol\u00edtico. Con sinceridad planteo lo que dije el d\u00eda que asum\u00ed: deseo que est\u00e1 gesti\u00f3n sea exitosa porque no podemos tener otro fracaso m\u00e1s en la ciudad, pero el mecanismo con el que se han manejado hasta ahora est\u00e1 dejando, en todos los rubros, m\u00e1s dudas que certezas\u201d, se\u00f1al\u00f3.<\/p>\n<p>La concejala Olga Riutort, de Fuerza de la Gente, afirm\u00f3 que Llaryora va a mostrar datos positivos de gesti\u00f3n, \u201ccomo todo discurso de apertura de sesiones ordinarias\u201d.<\/p>\n<p>\u201cHablar\u00e1 de los trabajos realizados camino a la modernizaci\u00f3n del municipio en informatizaci\u00f3n e incorporaci\u00f3n tecnol\u00f3gica, a la revalorizaci\u00f3n urbana con los trabajos sobre todo realizados por la Unidad Ejecutora en zona sur de la ciudad y las limpiezas y arreglos realizados por el Coys en diversas barriadas\u201d, anticip\u00f3 la edila.&nbsp;<\/p>\n<blockquote readability=\"9\">\n<p>\u201cTambi\u00e9n se expresar\u00e1 dando valor lo que el considera ordenamiento y que trajo acarreado sus conflictos con el sindicato. Va a mencionar como logro tambi\u00e9n la reestructuraci\u00f3n de la deuda municipal y los trabajos que se vienen perfilando en cloacas con el apoyo de la provincia\u201d, asegur\u00f3 Riutort.<\/p>\n<\/blockquote>\n<p>Finalmente, la concejala Laura Vilches, del Frente de Izquierda, dijo que no espera \u201calgo m\u00e1s que un clich\u00e9 frente a la situaci\u00f3n dur\u00edsima que atravesamos las mujeres en esta ciudad\u201d.<\/p>\n<div class=\"ctaNewsNotaContainer\" readability=\"6.5\">\n<div class=\"newsletterTextContainer\" readability=\"33\">\n<p> S\u00cdNTESIS POL\u00cdTICA<\/p>\n<p> Informaci\u00f3n exclusiva y el mejor an\u00e1lisis, los lunes en tu correo.<\/p>\n<form method=\"post\" action-xhr=\"https:\/\/www.lavoz.com.ar\/newsletters\/sintesis-politica\/signup\" id=\"newsletter-signup\" class=\"newsletterForm\" target=\"_blank\" custom-validation-reporting=\"as-you-go\" on=\"submit:AMP.setState({formLoading:true});submit-success:AMP.setState({formSuccess:true})\">\n<div submit-success class=\"is-paddingless-l\" readability=\"6\"> <template type=\"amp-mustache\" readability=\"2\"><\/p>\n<p> <strong>\u00a1Gracias por suscribirte!<\/strong><\/p>\n<p> <\/template><\/div>\n<div submit-error class=\"is-paddingless-l\" readability=\"6.5\"> <template type=\"amp-mustache\" readability=\"3\"><\/p>\n<p> <strong>Ha ocurrido un error, por favor intente nuevamente m\u00e1s tarde.<\/strong><\/p>\n<p> <\/template><\/div>\n<\/form>\n<\/div>\n<\/div>\n<div>\n<p> <span>Publicidad<\/span> <\/p>\n<\/div>\n","protected":false},"excerpt":{"rendered":"<p>Hoy, a las 19.30 en el Jard\u00edn Bot\u00e1nico de la ciudad de C\u00f3rdoba, el intendente Mart\u00edn Llaryora pronunciar\u00e1 su segundo discurso de apertura de sesiones ordinarias del Concejo Deliberante.&nbsp; Los ediles opositores dicen que no tienen muchas expectativas, pero s\u00ed esperan respuestas a los problemas que tiene la ciudad. Adem\u00e1s, varios coincidieron en criticar el [&hellip;]<\/p>\n","protected":false},"author":1,"featured_media":2337,"comment_status":"closed","ping_status":"closed","sticky":false,"template":"","format":"standard","meta":[],"categories":[23],"tags":[],"_links":{"self":[{"href":"http:\/\/cordobadirecto.com\/index.php\/wp-json\/wp\/v2\/posts\/2336"}],"collection":[{"href":"http:\/\/cordobadirecto.com\/index.php\/wp-json\/wp\/v2\/posts"}],"about":[{"href":"http:\/\/cordobadirecto.com\/index.php\/wp-json\/wp\/v2\/types\/post"}],"author":[{"embeddable":true,"href":"http:\/\/cordobadirecto.com\/index.php\/wp-json\/wp\/v2\/users\/1"}],"replies":[{"embeddable":true,"href":"http:\/\/cordobadirecto.com\/index.php\/wp-json\/wp\/v2\/comments?post=2336"}],"version-history":[{"count":0,"href":"http:\/\/cordobadirecto.com\/index.php\/wp-json\/wp\/v2\/posts\/2336\/revisions"}],"wp:featuredmedia":[{"embeddable":true,"href":"http:\/\/cordobadirecto.com\/index.php\/wp-json\/wp\/v2\/media\/2337"}],"wp:attachment":[{"href":"http:\/\/cordobadirecto.com\/index.php\/wp-json\/wp\/v2\/media?parent=2336"}],"wp:term":[{"taxonomy":"category","embeddable":true,"href":"http:\/\/cordobadirecto.com\/index.php\/wp-json\/wp\/v2\/categories?post=2336"},{"taxonomy":"post_tag","embeddable":true,"href":"http:\/\/cordobadirecto.com\/index.php\/wp-json\/wp\/v2\/tags?post=2336"}],"curies":[{"name":"wp","href":"https:\/\/api.w.org\/{rel}","templated":true}]}}