{"id":2342,"date":"2021-02-28T17:21:00","date_gmt":"2021-02-28T17:21:00","guid":{"rendered":"https:\/\/lmdiario.com.ar\/contenido\/276678\/river-plate-visita-a-platense-en-la-copa-de-la-liga-profesional"},"modified":"2021-02-28T17:21:00","modified_gmt":"2021-02-28T17:21:00","slug":"river-plate-visita-a-platense-en-la-copa-de-la-liga-profesional","status":"publish","type":"post","link":"http:\/\/cordobadirecto.com\/index.php\/2021\/02\/28\/river-plate-visita-a-platense-en-la-copa-de-la-liga-profesional\/","title":{"rendered":"River Plate visita a Platense en la Copa de la Liga Profesional"},"content":{"rendered":"<div readability=\"33\"> <img alt=\"River Platense Canal 26\" class=\"img-responsive\" height=\"544\" loading=\"lazy\" sizes=\"auto\" src=\"http:\/\/cordobadirecto.com\/wp-content\/uploads\/2021\/03\/river-plate-visita-a-platense-en-la-copa-de-la-liga-profesional.jpg\" srcset=\"http:\/\/cordobadirecto.com\/wp-content\/uploads\/2021\/03\/river-plate-visita-a-platense-en-la-copa-de-la-liga-profesional.jpg 770w, http:\/\/cordobadirecto.com\/wp-content\/uploads\/2021\/03\/river-plate-visita-a-platense-en-la-copa-de-la-liga-profesional-1.jpg 400w\" width=\"770\"> <\/p>\n<p> <span>El cotejo corresponde a la tercera fecha de la Zona A de la Copa de Liga Profesional de F\u00fatbol.<\/span> <span>Foto: Twitter.<\/span> <\/p>\n<\/p><\/div>\n<div readability=\"67\">\n<p><strong>River Plate se enfrenta este domingo ante Platense, en Vicente L\u00f3pez, en el cotejo correspondiente a la tercera fecha de la Zona A de la Copa de Liga Profesional de F\u00fatbol.<\/strong><\/p>\n<p>En el &#8220;Calamar&#8221; se produce la despedida del emblem\u00e1tico Daniel Vega, quien a los 39 a\u00f1os decidi\u00f3 retirarse de la actividad profesional y hoy forma parte del equipo titular.<\/p>\n<p><strong>Por el lado del elenco de N\u00fa\u00f1ez se produce el debut de Alex Vigo, uno de los refuerzos, que ocupa el lateral derecho en lugar de Gonzalo Montiel, de baja por al menos dos semanas tras contagiarse mononucleosis.<\/strong><\/p>\n<p><strong>Formaciones<\/strong><\/p>\n<p><strong>River<\/strong>: Franco Armani; Paulo D\u00edaz, Robert Rojas, Javier Pinola; Alex Vigo, Fabricio Angileri; Nicol\u00e1s De La Cruz, Enzo P\u00e9rez, Jorge Carrascal; Rafael Santos Borr\u00e9 y Mat\u00edas Su\u00e1rez. DT: Marcelo Gallardo.<\/p>\n<p><strong>Platense<\/strong>: Jorge De Olivera; Brian Lluy, Nicol\u00e1s Zalazar, Luciano Recalde, Juan Infante; Franco Baldassarra, Hern\u00e1n Lamberti, Mauro Bogado; Tiago Palacios, Daniel Vega y Jos\u00e9 Luis Sinisterra. DT: Juan Manuel Llop.<\/p>\n<p>Estadio: Ciudad de Vicente L\u00f3pez (Platense).<\/p>\n<p>\u00c1rbitro: Ariel Penel.<\/p>\n<\/p><\/div>\n","protected":false},"excerpt":{"rendered":"<p>El cotejo corresponde a la tercera fecha de la Zona A de la Copa de Liga Profesional de F\u00fatbol. Foto: Twitter. River Plate se enfrenta este domingo ante Platense, en Vicente L\u00f3pez, en el cotejo correspondiente a la tercera fecha de la Zona A de la Copa de Liga Profesional de F\u00fatbol. En el &#8220;Calamar&#8221; [&hellip;]<\/p>\n","protected":false},"author":1,"featured_media":2343,"comment_status":"open","ping_status":"closed","sticky":false,"template":"","format":"standard","meta":[],"categories":[21],"tags":[],"_links":{"self":[{"href":"http:\/\/cordobadirecto.com\/index.php\/wp-json\/wp\/v2\/posts\/2342"}],"collection":[{"href":"http:\/\/cordobadirecto.com\/index.php\/wp-json\/wp\/v2\/posts"}],"about":[{"href":"http:\/\/cordobadirecto.com\/index.php\/wp-json\/wp\/v2\/types\/post"}],"author":[{"embeddable":true,"href":"http:\/\/cordobadirecto.com\/index.php\/wp-json\/wp\/v2\/users\/1"}],"replies":[{"embeddable":true,"href":"http:\/\/cordobadirecto.com\/index.php\/wp-json\/wp\/v2\/comments?post=2342"}],"version-history":[{"count":0,"href":"http:\/\/cordobadirecto.com\/index.php\/wp-json\/wp\/v2\/posts\/2342\/revisions"}],"wp:featuredmedia":[{"embeddable":true,"href":"http:\/\/cordobadirecto.com\/index.php\/wp-json\/wp\/v2\/media\/2343"}],"wp:attachment":[{"href":"http:\/\/cordobadirecto.com\/index.php\/wp-json\/wp\/v2\/media?parent=2342"}],"wp:term":[{"taxonomy":"category","embeddable":true,"href":"http:\/\/cordobadirecto.com\/index.php\/wp-json\/wp\/v2\/categories?post=2342"},{"taxonomy":"post_tag","embeddable":true,"href":"http:\/\/cordobadirecto.com\/index.php\/wp-json\/wp\/v2\/tags?post=2342"}],"curies":[{"name":"wp","href":"https:\/\/api.w.org\/{rel}","templated":true}]}}