{"id":23515,"date":"2021-10-17T01:55:06","date_gmt":"2021-10-17T01:55:06","guid":{"rendered":"https:\/\/puntoapunto.com.ar\/?p=317400"},"modified":"2021-10-17T01:55:06","modified_gmt":"2021-10-17T01:55:06","slug":"arranca-el-empresario-2021-en-la-edicion-semanal-de-punto-a-punto","status":"publish","type":"post","link":"http:\/\/cordobadirecto.com\/index.php\/2021\/10\/17\/arranca-el-empresario-2021-en-la-edicion-semanal-de-punto-a-punto\/","title":{"rendered":"Arranca El Empresario 2021, en la edici\u00f3n semanal de Punto a Punto"},"content":{"rendered":"<div><img src=\"http:\/\/cordobadirecto.com\/wp-content\/uploads\/2021\/10\/arranca-el-empresario-2021-en-la-edicion-semanal-de-punto-a-punto.jpg\" class=\"ff-og-image-inserted\"><\/div>\n<div class=\"tdb-block-inner td-fix-index\" readability=\"25.20906200318\">\n<p>Larga <strong>\u201cEl Empresario del A\u00f1o\u201d, un evento con historia.<\/strong> El&nbsp; certamen en el que forma parte la comunidad de negocios de C\u00f3rdoba ya est\u00e1 en marcha. <strong>Arranc\u00f3 la danza de nombres: te contamos las primeras sugerencias.<\/strong><\/p>\n<p>Un cordob\u00e9s estar\u00eda negociando la<b> compra y \u201csalvataje\u201d de compumundo. <\/b>Se trata del hombre detr\u00e1s de Grupo Meditel quien busca expandir la presencia nacional de sus marcas.<\/p>\n<p>Con la alianza de <strong>Jos\u00e9 Palazzo, Marcelo \u201cChueco\u201d Oliva y \u201cGato\u201d Fern\u00e1ndez,<\/strong> nace una <strong>nueva agencia de publicidad y contenido<\/strong> que busca posicionarse como una soluci\u00f3n para artistas y marcas. Todos los detalles.<\/p>\n<p><strong>Konecta Argentina<\/strong> alcanzar\u00eda ingresos por $ 9.200 millones este a\u00f1o. Te contamos cuanto crecieron durante el \u00faltimo a\u00f1o.<\/p>\n<p><strong>Valenziana<\/strong>, la pyme santafesina, desarrolla un plan de expansi\u00f3n nacional abriendo tres locales por mes. <strong>Abri\u00f3 dos sucursales en C\u00f3rdoba y va por dos m\u00e1s.<\/strong><\/p>\n<h3><a href=\"https:\/\/indd.adobe.com\/view\/ac70272f-2ccb-464e-91b9-25f95d1acb33\" target=\"_blank\" rel=\"noopener\"><strong>Le\u00e9 la edici\u00f3n semanal completa haciendo click ac\u00e1<\/strong><\/a><\/h3>\n<p><em>Si quer\u00e9s recibir la edici\u00f3n semanal antes que nadie,&nbsp;<a href=\"https:\/\/forms.gle\/jXtDDq3RM3wbpNtr6\" target=\"_blank\" rel=\"noopener\"><strong>hac\u00e9 click ac\u00e1<\/strong><\/a>&nbsp;y suscribite a nuestro&nbsp;<strong>newsletter diario<\/strong><\/em><\/p>\n<\/p><\/div>\n","protected":false},"excerpt":{"rendered":"<p>Larga \u201cEl Empresario del A\u00f1o\u201d, un evento con historia. El&nbsp; certamen en el que forma parte la comunidad de negocios de C\u00f3rdoba ya est\u00e1 en marcha. Arranc\u00f3 la danza de nombres: te contamos las primeras sugerencias. Un cordob\u00e9s estar\u00eda negociando la compra y \u201csalvataje\u201d de compumundo. Se trata del hombre detr\u00e1s de Grupo Meditel quien [&hellip;]<\/p>\n","protected":false},"author":1,"featured_media":23516,"comment_status":"closed","ping_status":"closed","sticky":false,"template":"","format":"standard","meta":[],"categories":[25],"tags":[],"_links":{"self":[{"href":"http:\/\/cordobadirecto.com\/index.php\/wp-json\/wp\/v2\/posts\/23515"}],"collection":[{"href":"http:\/\/cordobadirecto.com\/index.php\/wp-json\/wp\/v2\/posts"}],"about":[{"href":"http:\/\/cordobadirecto.com\/index.php\/wp-json\/wp\/v2\/types\/post"}],"author":[{"embeddable":true,"href":"http:\/\/cordobadirecto.com\/index.php\/wp-json\/wp\/v2\/users\/1"}],"replies":[{"embeddable":true,"href":"http:\/\/cordobadirecto.com\/index.php\/wp-json\/wp\/v2\/comments?post=23515"}],"version-history":[{"count":0,"href":"http:\/\/cordobadirecto.com\/index.php\/wp-json\/wp\/v2\/posts\/23515\/revisions"}],"wp:featuredmedia":[{"embeddable":true,"href":"http:\/\/cordobadirecto.com\/index.php\/wp-json\/wp\/v2\/media\/23516"}],"wp:attachment":[{"href":"http:\/\/cordobadirecto.com\/index.php\/wp-json\/wp\/v2\/media?parent=23515"}],"wp:term":[{"taxonomy":"category","embeddable":true,"href":"http:\/\/cordobadirecto.com\/index.php\/wp-json\/wp\/v2\/categories?post=23515"},{"taxonomy":"post_tag","embeddable":true,"href":"http:\/\/cordobadirecto.com\/index.php\/wp-json\/wp\/v2\/tags?post=23515"}],"curies":[{"name":"wp","href":"https:\/\/api.w.org\/{rel}","templated":true}]}}