{"id":23545,"date":"2021-10-16T21:48:00","date_gmt":"2021-10-16T21:48:00","guid":{"rendered":"https:\/\/lmdiario.com.ar\/contenido\/312403\/dia-de-la-madre-ediciones-la-terraza-libera-la-descarga-de-la-obra-mi-mamarala"},"modified":"2021-10-16T21:48:00","modified_gmt":"2021-10-16T21:48:00","slug":"dia-de-la-madre-ediciones-la-terraza-libera-la-descarga-de-la-obra-mi-mamarala","status":"publish","type":"post","link":"http:\/\/cordobadirecto.com\/index.php\/2021\/10\/16\/dia-de-la-madre-ediciones-la-terraza-libera-la-descarga-de-la-obra-mi-mamarala\/","title":{"rendered":"D\u00eda de la Madre: ediciones La Terraza libera la descarga de la obra &#8220;Mi Mamarala&#8221;"},"content":{"rendered":"<div><img src=\"http:\/\/cordobadirecto.com\/wp-content\/uploads\/2021\/10\/dia-de-la-madre-ediciones-la-terraza-libera-la-descarga-de-la-obra-mi-mamarala.jpg\" class=\"ff-og-image-inserted\"><\/div>\n<p><strong>Previo al D\u00eda de la Madre, Ediciones de la Terraza<\/strong> <strong>liber\u00f3 una obra cuya coautor\u00eda es de nuestros colaboradores Barbi Couto y Mauri Micheloud.<\/strong><\/p>\n<p><strong>La misma cuenta la historia de &#8220;Mi Mamarala&#8221;, un relato ilustrado donde no falta el descubrimiento con ojos de ni\u00f1o y los abrazos de mam\u00e1. \ud83d\udc69\u200d\ud83c\udf7c<\/strong><\/p>\n<p>&#8220;Hace unos cuantos a\u00f1os tom\u00e9 nota de una<strong> conversaci\u00f3n que tuvimos con Ema despu\u00e9s de una noche de pesadillas. Le di forma de relato y tiempo despu\u00e9s se lo pas\u00e9 a Mauri, que hace maravillas con los colores y las historias. Nos qued\u00f3 este \u00e1lbum que ac\u00e1 les ofrezco<\/strong> (desde la Terraza pero tambi\u00e9n desde nuestra casa y nuestra familia), liberado al viento, como todos los libros terraceros, digital, <strong>con licencias libres para que vuele lejos&#8221;,<\/strong> explic\u00f3 Barbi.<\/p>\n<p>&#8220;Corrimos un poco para liberarlo hoy, porque queremos que sea un obsequio para todas las mamaralas en su d\u00eda ma\u00f1ana&#8221;, reconoci\u00f3 una de las autoras de <strong>esta obra que puede descargarse y compartir la lectura en este domingo en el D\u00eda de la Madre.<\/strong><\/p>\n<p>Te invitamos a que lo leas, lo descargues, lo compartas, lo convides y lo obsequies a quien le pueda llegar a gustar recibirlo. &#8220;Creemos que hay pocas cosas m\u00e1s hermosas que compartir una historia en la lectura&#8221;, asegur\u00f3 Barbi.<\/p>\n<p>Para acceder al libro, hac\u00e9 click ac\u00e1:<a href=\"https:\/\/bit.ly\/mi-mamarala\" rel=\"noopener\" target=\"_blank\"> https:\/\/bit.ly\/mi-mamarala<\/a><\/p>\n","protected":false},"excerpt":{"rendered":"<p>Previo al D\u00eda de la Madre, Ediciones de la Terraza liber\u00f3 una obra cuya coautor\u00eda es de nuestros colaboradores Barbi Couto y Mauri Micheloud. La misma cuenta la historia de &#8220;Mi Mamarala&#8221;, un relato ilustrado donde no falta el descubrimiento con ojos de ni\u00f1o y los abrazos de mam\u00e1. \ud83d\udc69\u200d\ud83c\udf7c &#8220;Hace unos cuantos a\u00f1os tom\u00e9 [&hellip;]<\/p>\n","protected":false},"author":1,"featured_media":23546,"comment_status":"closed","ping_status":"closed","sticky":false,"template":"","format":"standard","meta":[],"categories":[20],"tags":[],"_links":{"self":[{"href":"http:\/\/cordobadirecto.com\/index.php\/wp-json\/wp\/v2\/posts\/23545"}],"collection":[{"href":"http:\/\/cordobadirecto.com\/index.php\/wp-json\/wp\/v2\/posts"}],"about":[{"href":"http:\/\/cordobadirecto.com\/index.php\/wp-json\/wp\/v2\/types\/post"}],"author":[{"embeddable":true,"href":"http:\/\/cordobadirecto.com\/index.php\/wp-json\/wp\/v2\/users\/1"}],"replies":[{"embeddable":true,"href":"http:\/\/cordobadirecto.com\/index.php\/wp-json\/wp\/v2\/comments?post=23545"}],"version-history":[{"count":0,"href":"http:\/\/cordobadirecto.com\/index.php\/wp-json\/wp\/v2\/posts\/23545\/revisions"}],"wp:featuredmedia":[{"embeddable":true,"href":"http:\/\/cordobadirecto.com\/index.php\/wp-json\/wp\/v2\/media\/23546"}],"wp:attachment":[{"href":"http:\/\/cordobadirecto.com\/index.php\/wp-json\/wp\/v2\/media?parent=23545"}],"wp:term":[{"taxonomy":"category","embeddable":true,"href":"http:\/\/cordobadirecto.com\/index.php\/wp-json\/wp\/v2\/categories?post=23545"},{"taxonomy":"post_tag","embeddable":true,"href":"http:\/\/cordobadirecto.com\/index.php\/wp-json\/wp\/v2\/tags?post=23545"}],"curies":[{"name":"wp","href":"https:\/\/api.w.org\/{rel}","templated":true}]}}