{"id":2356,"date":"2021-02-28T23:40:00","date_gmt":"2021-02-28T23:40:00","guid":{"rendered":"http:\/\/cordobadirecto.com\/index.php\/2021\/02\/28\/la-agenda-electoral-internacional-de-marzo\/"},"modified":"2021-02-28T23:40:00","modified_gmt":"2021-02-28T23:40:00","slug":"la-agenda-electoral-internacional-de-marzo","status":"publish","type":"post","link":"http:\/\/cordobadirecto.com\/index.php\/2021\/02\/28\/la-agenda-electoral-internacional-de-marzo\/","title":{"rendered":"La agenda electoral internacional de marzo"},"content":{"rendered":"<p>Por orden cronol\u00f3gico, las elecciones a llevarse a cabo en el mundo durante el mes de marzo de 2021 son las siguientes:<\/p>\n<p>Legislativas en MICRONESIA<\/p>\n<p>En los estados federados de Micronesia se renuevan 10 de las 14 bancas del Congreso, en las islas no hay partidos pol\u00edticos y todos los candidatos ser\u00e1n elegidos por distrito \u00fanico: el actual presidente micronesio, David Panuelo, espera retener la confianza de la mayor\u00eda del legislativo.<\/p>\n<p>&nbsp;\n<\/p>\n<p>Legislativas en COSTA DE MARFIL<\/p>\n<p>Habr\u00e1 renovaci\u00f3n de los 255 miembros de la Asamblea Nacional, la fuerza oficialista Manifestaci\u00f3n Houphouetista por la Democracia y La Paz (RHDP) que respalda al presidente Alassane Ouattara buscar\u00e1 retener la mayor\u00eda absoluta legislativa. Entre los partidos de oposici\u00f3n se destacan el Frente Popular (FPI), Uni\u00f3n por la Democracia (UDPCI) y Uni\u00f3n por Costa de Marfil (UPCI). <br \/>&nbsp;<\/p>\n<p>Regionales y municipales en BOLIVIA<\/p>\n<p><\/p>\n<div class=\"image\" id=\"image\" readability=\"9\"> <img src=\"http:\/\/cordobadirecto.com\/wp-content\/uploads\/2021\/03\/la-agenda-electoral-internacional-de-marzo.jpg\" alt=\"Tras el amplio triunfo en las presidenciales el a\u00f1o pasado, el MAS buscar\u00e1 extender su hegemon\u00eda en las regionales\" title=\"Tras el amplio triunfo en las presidenciales el a\u00f1o pasado, el MAS buscar\u00e1 extender su hegemon\u00eda en las regionales\"><\/p>\n<p>Tras el amplio triunfo en las presidenciales el a\u00f1o pasado, el MAS buscar\u00e1 extender su hegemon\u00eda en las regionales<\/p>\n<\/div>\n<p>Tras las presidenciales y legislativas del a\u00f1o pasado, este a\u00f1o m\u00e1s de 7 millones de bolivianos vuelven a las urnas para renovar a los 9 gobernadores y 272 asamble\u00edstas regionales junto a los 336 alcaldes y 2008 concejales de todo el pa\u00eds del altiplano.<\/p>\n<p>El Movimiento Al Socialismo (MAS) del presidente Luis Arce intentar\u00e1 volver a liderar la mayor\u00eda de las gobernaciones, en las \u00faltimas regionales de 2015 gan\u00f3 en 6, y avanzar en las regiones de Santa Cruz, La Paz y Tarija en manos de la oposici\u00f3n.\n<\/p>\n<p>Refer\u00e9ndums en SUIZA<\/p>\n<p>En marzo se celebrar\u00e1n tres referendos; uno sobre la iniciativa popular &#8220;S\u00ed a la prohibici\u00f3n del cubrimiento facial completo&#8221; que prohibir\u00eda cubrirse la cara en espacios p\u00fablicos y se aplicar\u00eda en la calle, el transporte p\u00fablico, los restaurantes y las tiendas. Fue propuesto por el Comit\u00e9 Egerkingen, que tambi\u00e9n patrocin\u00f3 el refer\u00e9ndum para prohibir la construcci\u00f3n de minaretes. El siguiente referendo es sobre la Ley federal sobre servicios de identificaci\u00f3n electr\u00f3nica (e-ID Act), y el \u00faltimo sobre el acuerdo de asociaci\u00f3n econ\u00f3mica con Indonesia.<\/p>\n<div class=\"title-big clearfix\"><span>Domingo 14<\/span><\/div>\n<p>Segunda vuelta de las legislativas en REP\u00daBLICA CENTROAFRICANA<\/p>\n<p>El presidente Touad\u00e9ra aplaz\u00f3 los comicios para la segunda vuelta que se iban a llevar a cabo en febrero para este mes, la primera vuelta se celebr\u00f3 en enero y solo quedaron electos 22 diputados. El pa\u00eds vive en un contexto de estado de emergencia, con alta conflictividad pol\u00edtica y de seguridad por la presencia de grupos armados en diversas zonas del pa\u00eds. Un total de 118 distritos de 140 est\u00e1n llamados a votar para completar la Asamblea Nacional.<\/p>\n<div class=\"title-big clearfix\"><span>Mi\u00e9rcoles 17<\/span><\/div>\n<p>Parlamentarias en PA\u00cdSES BAJOS<\/p>\n<p><\/p>\n<div class=\"image\" id=\"image\" readability=\"8\"> <img src=\"http:\/\/cordobadirecto.com\/wp-content\/uploads\/2021\/03\/la-agenda-electoral-internacional-de-marzo-1.jpg\" alt=\"El opositor Geert Wilders (PVV) y el primer ministro Mark Rutte (VVD) es una nueva pulseada electoral\" title=\"El opositor Geert Wilders (PVV) y el primer ministro Mark Rutte (VVD) es una nueva pulseada electoral\"><\/p>\n<p>El opositor Geert Wilders (PVV) y el primer ministro Mark Rutte (VVD) es una nueva pulseada electoral<\/p>\n<\/div>\n<p>Se renueva la C\u00e1mara de Representantes de Pa\u00edses Bajos, donde el primer ministro desde 2010, el liberal Mark Rutte, buscar\u00e1 un nuevo mandato con el respaldo del Partido Popular por la Libertad y la Democracia (VVD); el l\u00edder de la oposici\u00f3n, Geert Wilders, encabezar\u00e1 el Partido por la Libertad (PVV); tambi\u00e9n con chances se presenta Wopke Hoekstra de Llamada Dem\u00f3crata Cristiana (CDA).<\/p>\n<p>&nbsp; Otras formaciones con posibilidades de ingresar al Parlamento son los socioliberales de Dem\u00f3cratas 66 (D66), los verdes de GroenLinks (GL), el Partido Laborista (PvdA), el Partido Socialista (SP) y la Uni\u00f3n Cristiana (CU).\n<\/p>\n<div class=\"title-big clearfix\"><span>Domingo 21<\/span><\/div>\n<p>Presidenciales en REP\u00daBLICA DEL CONGO<\/p>\n<p>El actual mandatario desde 1997, Denis Sassou-Nguesso, va por un nuevo mandato con el apoyo del Partido Laborista Congole\u00f1o (PCT), el principal opositor es el diputado Guy Brice Parfait Kol\u00e9las por el Movimiento Congole\u00f1o para la Democracia y el Desarrollo Integral&nbsp;(MCDDI), tambi\u00e9n se presentan el exministro de Hacienda Mathias Dzon por la Uni\u00f3n Patri\u00f3tica para la Renovaci\u00f3n Nacional (UPRN), el diputado Joseph Kignoumbi Kia Mboungou de la Uni\u00f3n Panafricana para la Social Democracia (UPADS) y el militar retirado Albert Oniangu\u00e9 que se presenta como independiente.&nbsp;<\/p>\n<p>Parlamentarias en ISRAEL<\/p>\n<p><\/p>\n<div class=\"image\" id=\"image\" readability=\"8\"> <img src=\"http:\/\/cordobadirecto.com\/wp-content\/uploads\/2021\/03\/la-agenda-electoral-internacional-de-marzo-2.jpg\" alt=\"El gobierno de coalici\u00f3n entre Gantz y Netanyahu solo dur\u00f3 unos pocos meses y los israel\u00edes deben volver a las urnas\" title=\"El gobierno de coalici\u00f3n entre Gantz y Netanyahu solo dur\u00f3 unos pocos meses y los israel\u00edes deben volver a las urnas\"><\/p>\n<p>El gobierno de coalici\u00f3n entre Gantz y Netanyahu solo dur\u00f3 unos pocos meses y los israel\u00edes deben volver a las urnas<\/p>\n<\/div>\n<p>Por cuarta vez en dos a\u00f1os en Israel se llama a las urnas para renovar la Kn\u00e9set, por el oficialista Likud vuelve a presentarse Benjamin Netanyahu, primer ministro israel\u00ed desde 2009; por la lista Azul y Blanca repetir\u00e1 Benny Gantz; por la lista Yesh Atid-Telem se postula Yair Lapid; por Nueva esperanza va Gideon Saar; tambi\u00e9n se presentan los pro\u00e1rabes de la Lista Conjunta, el hist\u00f3rico Partido Laborista, la alianza Yamina y los sefarad\u00edes de Shas, entre otros.<\/p>\n<div class=\"title-big clearfix\"><span>Domingo 28<\/span><\/div>\n<p>Legislativas en TURKMENIST\u00c1N<\/p>\n<p>Este pa\u00eds asi\u00e1tico renueva su Asamblea (Mejilis) de 125 miembros, actualmente liderada por el Partido Democr\u00e1tico de Turkmenist\u00e1n; otras fuerzas con representaci\u00f3n parlamentaria son el Partido de Industriales y Empresarios, el Partido Agrario y numerosos candidatos independientes. &nbsp; <\/p>\n","protected":false},"excerpt":{"rendered":"<p>Por orden cronol\u00f3gico, las elecciones a llevarse a cabo en el mundo durante el mes de marzo de 2021 son las siguientes: Legislativas en MICRONESIA En los estados federados de Micronesia se renuevan 10 de las 14 bancas del Congreso, en las islas no hay partidos pol\u00edticos y todos los candidatos ser\u00e1n elegidos por distrito [&hellip;]<\/p>\n","protected":false},"author":1,"featured_media":2357,"comment_status":"closed","ping_status":"closed","sticky":false,"template":"","format":"standard","meta":[],"categories":[24],"tags":[],"_links":{"self":[{"href":"http:\/\/cordobadirecto.com\/index.php\/wp-json\/wp\/v2\/posts\/2356"}],"collection":[{"href":"http:\/\/cordobadirecto.com\/index.php\/wp-json\/wp\/v2\/posts"}],"about":[{"href":"http:\/\/cordobadirecto.com\/index.php\/wp-json\/wp\/v2\/types\/post"}],"author":[{"embeddable":true,"href":"http:\/\/cordobadirecto.com\/index.php\/wp-json\/wp\/v2\/users\/1"}],"replies":[{"embeddable":true,"href":"http:\/\/cordobadirecto.com\/index.php\/wp-json\/wp\/v2\/comments?post=2356"}],"version-history":[{"count":0,"href":"http:\/\/cordobadirecto.com\/index.php\/wp-json\/wp\/v2\/posts\/2356\/revisions"}],"wp:featuredmedia":[{"embeddable":true,"href":"http:\/\/cordobadirecto.com\/index.php\/wp-json\/wp\/v2\/media\/2357"}],"wp:attachment":[{"href":"http:\/\/cordobadirecto.com\/index.php\/wp-json\/wp\/v2\/media?parent=2356"}],"wp:term":[{"taxonomy":"category","embeddable":true,"href":"http:\/\/cordobadirecto.com\/index.php\/wp-json\/wp\/v2\/categories?post=2356"},{"taxonomy":"post_tag","embeddable":true,"href":"http:\/\/cordobadirecto.com\/index.php\/wp-json\/wp\/v2\/tags?post=2356"}],"curies":[{"name":"wp","href":"https:\/\/api.w.org\/{rel}","templated":true}]}}