{"id":23574,"date":"2021-10-17T04:07:52","date_gmt":"2021-10-17T04:07:52","guid":{"rendered":"http:\/\/cordobadirecto.com\/index.php\/2021\/10\/17\/en-la-television-publica-no-necesitamos-insultar-ni-gritar-para-convocar-audiencia\/"},"modified":"2021-10-17T04:07:52","modified_gmt":"2021-10-17T04:07:52","slug":"en-la-television-publica-no-necesitamos-insultar-ni-gritar-para-convocar-audiencia","status":"publish","type":"post","link":"http:\/\/cordobadirecto.com\/index.php\/2021\/10\/17\/en-la-television-publica-no-necesitamos-insultar-ni-gritar-para-convocar-audiencia\/","title":{"rendered":"&#8220;En la Televisi\u00f3n P\u00fablica no necesitamos insultar ni gritar para convocar audiencia&#8221;"},"content":{"rendered":"<div class=\"image\" id=\"image\" readability=\"8\"> <img src=\"http:\/\/cordobadirecto.com\/wp-content\/uploads\/2021\/10\/en-la-television-publica-no-necesitamos-insultar-ni-gritar-para-convocar-audiencia.jpg\" alt=\"Mart\u00ednez defiende el objetivo principal de la televisi\u00f3n p\u00fablica que es ser &quot;generadora de ciudadan\u00eda&quot;. (Foto: Florencia Downes).\" title=\"Mart\u00ednez defiende el objetivo principal de la televisi\u00f3n p\u00fablica que es ser &quot;generadora de ciudadan\u00eda&quot;. (Foto: Florencia Downes).\"><\/p>\n<p>Mart\u00ednez defiende el objetivo principal de la televisi\u00f3n p\u00fablica que es ser &#8220;generadora de ciudadan\u00eda&#8221;. (Foto: Florencia Downes).<\/p>\n<\/div>\n<p>Pocos en el universo de las pantallas tienen la experiencia y los logros de Claudio Mart\u00ednez, quien desde hace seis meses es el Director Ejecutivo de la Televisi\u00f3n P\u00fablica. A sus 58 a\u00f1os y <strong>con casi cuarenta en el periodismo, trabaj\u00f3 en todos los canales de aire porte\u00f1os,<\/strong> adem\u00e1s de fundar en 2002, su propia productora, El Oso Producciones.<\/p>\n<p>Gan\u00f3 15 premios Mart\u00edn Fierro, 14 Fund TV, 3 Tato y el Konex de Platino al Mejor Productor Period\u00edstico de la d\u00e9cada (2007\/2017). Su extensa trayectoria incluye veinte a\u00f1os en la Televisi\u00f3n P\u00fablica, donde hoy encabeza la conmemoraci\u00f3n de las siete d\u00e9cadas de la pantalla nacional.<\/p>\n<p>En su despacho del edificio de Figueroa Alcorta y Tagle todo es v\u00e9rtigo ante la inminencia de la fecha. Cuatro enormes televisores sintonizan la programaci\u00f3n de las emisoras p\u00fablicas. Televisores que acompa\u00f1an a Mart\u00ednez desde la infancia.<\/p>\n<div class=\"image\" id=\"image\" readability=\"9\"> <img src=\"http:\/\/cordobadirecto.com\/wp-content\/uploads\/2021\/10\/en-la-television-publica-no-necesitamos-insultar-ni-gritar-para-convocar-audiencia-1.jpg\" alt=\"La relaci\u00f3n de Mart\u00ednez con la televisi\u00f3n es desde el d\u00eda en que naci\u00f3, cuando su padre ingres\u00f3 como camar\u00f3grafo al m\u00edtico noticiero Reporter Esso. (Foto: Florencia Downes).\" title=\"La relaci\u00f3n de Mart\u00ednez con la televisi\u00f3n es desde el d\u00eda en que naci\u00f3, cuando su padre ingres\u00f3 como camar\u00f3grafo al m\u00edtico noticiero Reporter Esso. (Foto: Florencia Downes).\"><\/p>\n<p>La relaci\u00f3n de Mart\u00ednez con la televisi\u00f3n es desde el d\u00eda en que naci\u00f3, cuando su padre ingres\u00f3 como camar\u00f3grafo al m\u00edtico noticiero Reporter Esso. (Foto: Florencia Downes).<\/p>\n<\/div>\n<p>\u201c<strong>En t\u00e9rminos televisivos no tuve la infancia de un chico com\u00fan\u2026<\/strong> -recuerda-. El d\u00eda en que nac\u00ed mi pap\u00e1, que era camar\u00f3grafo, debutaba en uno de los noticieros m\u00e1s emblem\u00e1ticos del Canal 11, \u2018Reporter Esso\u2019 . Viv\u00edamos en el barrio, hice la primaria en una escuela que estaba a la vuelta de Canal 11, en Alberti y Garay. Al salir iba a ver a mi viejo y me met\u00eda en los estudios o me llevaba a alguna nota. <strong>As\u00ed desde muy chico conoc\u00ed artistas, deportistas y pol\u00edticos, gracias a mi viejo<\/strong>, \u00c1ngel \u2018El Oso\u2019 Mart\u00ednez\u2026\u201d.<\/p>\n<p>A horas de cumplirse los 70 a\u00f1os de la televisi\u00f3n argentina -la octava en el mundo, despu\u00e9s de Estados Unidos, Cuba, Brasil, M\u00e9xico, Alemania, Gran Breta\u00f1a y Francia-, Claudio Mart\u00ednez responde a las preguntas de T\u00e9lam.<\/p>\n<div class=\"image\" id=\"image\" readability=\"9\"> <img src=\"http:\/\/cordobadirecto.com\/wp-content\/uploads\/2021\/10\/en-la-television-publica-no-necesitamos-insultar-ni-gritar-para-convocar-audiencia-2.jpg\" alt=\"En su despacho, el director Ejecutivo reivindica el car\u00e1cter federal de la emisora. (Foto: Florencia Downes).\" title=\"En su despacho, el director Ejecutivo reivindica el car\u00e1cter federal de la emisora. (Foto: Florencia Downes).\"><\/p>\n<p>En su despacho, el director Ejecutivo reivindica el car\u00e1cter federal de la emisora. (Foto: Florencia Downes).<\/p>\n<\/div>\n<p><strong>-\u00bfC\u00f3mo define la actualidad de la Televisi\u00f3n P\u00fablica?<\/strong><\/p>\n<p>-La televisi\u00f3n p\u00fablica hoy est\u00e1 culminando su proceso de reconstrucci\u00f3n, que fue una condici\u00f3n necesaria despu\u00e9s de <strong>las dos pandemias que sufri\u00f3 el canal: la del macrismo y la del covid<\/strong>. La primera fue un proceso de destrucci\u00f3n humana, tecnol\u00f3gica y edilicia que tuvo consecuencias muy serias. Y a tres meses de iniciar la recuperaci\u00f3n arreci\u00f3 el coronoavirus por lo que a partir de&nbsp; marzo del 2020 no hicimos la televisi\u00f3n que quer\u00edamos hacer, sino que <strong>hicimos la televisi\u00f3n que pod\u00edamos hacer y tambi\u00e9n la que deb\u00edamos hacer.<\/strong><\/p>\n<p>Eso signific\u00f3 que durante un a\u00f1o y medio estuvi\u00e9ramos muy enfocados en lo que tiene que ser un medio p\u00fablico: c<strong>on 8 horas diarias de programas educativos<\/strong>; atendiendo las necesidades de las industrias culturales que estaban paradas por las restricciones sanitarias; programando cine y series nacionales para que al menos nuestros creadores y creadoras pudieran cobrar sus derechos de autor; programando m\u00fasica nacional; y armando programas casi de emergencia para que los artistas tuvieran su espacio.<\/p>\n<p>Ahora, si bien la pandemia no termin\u00f3, estamos en otra instancia. La de salir adelante como el resto de la sociedad. <strong>El canal se ha puesto de pie. Est\u00e1 funcionando al 100% <\/strong>en t\u00e9rminos, humanos y tecnol\u00f3gicos y asom\u00e1ndonos a la televisi\u00f3n que queremos.<\/p>\n<div class=\"image\" id=\"image\" readability=\"9\"> <img src=\"http:\/\/cordobadirecto.com\/wp-content\/uploads\/2021\/10\/en-la-television-publica-no-necesitamos-insultar-ni-gritar-para-convocar-audiencia-3.jpg\" alt=\"De sus casi cuarenta a\u00f1os en el periodismo, la mitad estuvo relacionada a la TV P\u00fablica. (Foto: Florencia Downes).\" title=\"De sus casi cuarenta a\u00f1os en el periodismo, la mitad estuvo relacionada a la TV P\u00fablica. (Foto: Florencia Downes).\"><\/p>\n<p>De sus casi cuarenta a\u00f1os en el periodismo, la mitad estuvo relacionada a la TV P\u00fablica. (Foto: Florencia Downes).<\/p>\n<\/div>\n<p><strong>-\u00bfC\u00f3mo es esa televisi\u00f3n que anhela?<\/strong><\/p>\n<p>-Queremos volver a producir ficci\u00f3n y recuperar la impronta period\u00edstica. La televisi\u00f3n que queremos no se debe apartar de lo que es el objetivo principal de un canal p\u00fablico, que es <strong>ser generadores de ciudadan\u00eda. <\/strong>Este canal debe hablarle a ciudadanos, no a los consumidores, como lo hacen los medios privados, cuyo paradigma es reunir la mayor cantidad de audiencia para que los anunciantes aporten los recursos.<\/p>\n<p><strong>En la TV P\u00fablica no resignamos ni la masividad de nuestro mensaje ni la posibilidad de que ingresen recursos v\u00eda publicitaria<\/strong>, pero el objetivo principal es dialogar con la ciudadan\u00eda y construir ciudadan\u00eda. A ella no le hablamos solo a trav\u00e9s de programas culturales o period\u00edsticos. Tambi\u00e9n lo hacemos con una ficci\u00f3n, un programa de entretenimiento, el humor, un musical. <strong>No se trata de hacer la \u201cprensa\u201d a un gobierno sino de incorporar las pol\u00edticas p\u00fablicas en ese di\u00e1logo.<\/strong><\/p>\n<p>La televisi\u00f3n p\u00fablica es un faro cultural para la sociedad y no puede decir, \u201cno hago m\u00e1s ficci\u00f3n porque la ficci\u00f3n vive en las plataformas\u201d, lo cual es cierto la ficci\u00f3n vive en la plataformas, pero este es un canal con la obligaci\u00f3n de construir un camino en la ficci\u00f3n. Tambi\u00e9n debe ser abarcativo y entender qu\u00e9 es lo que pasa en todos los rincones del pa\u00eds y que <strong>el consumo a trav\u00e9s de las plataformas todav\u00eda es algo muy de los sectores medio y medio alto.<\/strong><\/p>\n<p>Por ejemplo, en este momento estamos recorriendo el Museo de Ciencias Naturales <em>(dice se\u00f1alando la pantalla)<\/em>, una nota que tenemos que hacer. Seguramente el rating no ser\u00e1 tan bueno como si pusi\u00e9ramos un programa con gente que se insulta o una novela turca. Pero es m\u00e1s importante abrirle a los pibitos y pibitas del pa\u00eds la curiosidad por la ciencia.<\/p>\n<p><strong>-Reci\u00e9n dec\u00eda que quiere poner m\u00e1s fuerza en lo period\u00edstico\u2026<\/strong><\/p>\n<p>-Este&nbsp; lunes 18 reestrenamos \u201cDesiguales\u201d, que con la conducci\u00f3n de Luli Trujillo y Pablo Caruso, va a emitirse de domingo a jueves a las 21. Estoy convencido de que necesitamos un dispositivo period\u00edstico cotidiano para interpretar lo que pasa, m\u00e1s all\u00e1 de las seis horas diarias de noticieros.<\/p>\n<div class=\"image\" id=\"image\" readability=\"9\"> <img src=\"http:\/\/cordobadirecto.com\/wp-content\/uploads\/2021\/10\/en-la-television-publica-no-necesitamos-insultar-ni-gritar-para-convocar-audiencia-4.jpg\" alt=\"Mart\u00ednez no quiere hacer &quot;periodismo de periodistas&quot;, en cambio valora los programas de ciencia. Su gran referente en la profesi\u00f3n es Adri\u00e1n Paenza.Foto: Florencia Downes).\" title=\"Mart\u00ednez no quiere hacer &quot;periodismo de periodistas&quot;, en cambio valora los programas de ciencia. Su gran referente en la profesi\u00f3n es Adri\u00e1n Paenza.Foto: Florencia Downes).\"><\/p>\n<p>Mart\u00ednez no quiere hacer &#8220;periodismo de periodistas&#8221;, en cambio valora los programas de ciencia. Su gran referente en la profesi\u00f3n es Adri\u00e1n Paenza.Foto: Florencia Downes).<\/p>\n<\/div>\n<p><strong>-\u00bfQu\u00e9 programa o tipo de programa que est\u00e9 en otra emisora le gustar\u00eda tener en la Televisi\u00f3n P\u00fablica?<\/strong><\/p>\n<p>-Un formato que no tiene traducci\u00f3n al espa\u00f1ol, <em>el late night show,<\/em> en el camino que transita Jey Mamm\u00f3n. Es interesante ya que incorpora la cultura y la agenda diaria, sin ser un period\u00edstico duro. El canal ya tiene magazines interesantes, programas de entretenimiento, noticieros con un tono sereno\u2026 En la Televisi\u00f3n P\u00fablica no necesitamos insultar ni gritar para convocar a la audiencia. <strong>Tampoco necesitamos hacer periodismo del periodistas. <\/strong>Hay mucha angustia en la sociedad por todo lo que vivimos durante la pandemia y no es necesario agregar m\u00e1s tensi\u00f3n.<\/p>\n<p><strong>-Hagamos un repaso de su vasta trayectoria. \u00bfCu\u00e1l considera su mayor logro como productor?<\/strong><\/p>\n<p>-Es dif\u00edcil elegir uno\u2026 Reivindico fuertemente los programas period\u00edsticos que hice con Zloto <em>(Marcelo Zlotogwiazda)<\/em>, Ernesto Tenembaum y Adri\u00e1n Paenza\u2026 Precisamente de la mano de Adri\u00e1n descubr\u00ed otra vertiente, la de la ciencia, que se plasm\u00f3 en 14 a\u00f1os consecutivos de \u201cCient\u00edficos Industria Argentina\u201d.<\/p>\n<p><strong>-\u00bfCu\u00e1l fue el primer programa que lo marc\u00f3?<\/strong><\/p>\n<p>-No tengo dudas, \u201cEl show del Topo Gigio\u201d, conducido por Juan Carlos Mareco, a fines de los 60. Yo era muy chiquito pero no me lo perd\u00eda.<\/p>\n<p><strong>-\u00bfY la primera vez que llor\u00f3 ante la pantalla?<\/strong><\/p>\n<p>-Cuando el Topo Gigio se despidi\u00f3. \u201c\u00bfPor qu\u00e9 se tiene que ir?\u201d, preguntaba en mi casa\u2026 \u00a1No lo pod\u00eda entender!<\/p>\n","protected":false},"excerpt":{"rendered":"<p>Mart\u00ednez defiende el objetivo principal de la televisi\u00f3n p\u00fablica que es ser &#8220;generadora de ciudadan\u00eda&#8221;. (Foto: Florencia Downes). Pocos en el universo de las pantallas tienen la experiencia y los logros de Claudio Mart\u00ednez, quien desde hace seis meses es el Director Ejecutivo de la Televisi\u00f3n P\u00fablica. A sus 58 a\u00f1os y con casi cuarenta [&hellip;]<\/p>\n","protected":false},"author":1,"featured_media":23575,"comment_status":"closed","ping_status":"closed","sticky":false,"template":"","format":"standard","meta":[],"categories":[20],"tags":[],"_links":{"self":[{"href":"http:\/\/cordobadirecto.com\/index.php\/wp-json\/wp\/v2\/posts\/23574"}],"collection":[{"href":"http:\/\/cordobadirecto.com\/index.php\/wp-json\/wp\/v2\/posts"}],"about":[{"href":"http:\/\/cordobadirecto.com\/index.php\/wp-json\/wp\/v2\/types\/post"}],"author":[{"embeddable":true,"href":"http:\/\/cordobadirecto.com\/index.php\/wp-json\/wp\/v2\/users\/1"}],"replies":[{"embeddable":true,"href":"http:\/\/cordobadirecto.com\/index.php\/wp-json\/wp\/v2\/comments?post=23574"}],"version-history":[{"count":0,"href":"http:\/\/cordobadirecto.com\/index.php\/wp-json\/wp\/v2\/posts\/23574\/revisions"}],"wp:featuredmedia":[{"embeddable":true,"href":"http:\/\/cordobadirecto.com\/index.php\/wp-json\/wp\/v2\/media\/23575"}],"wp:attachment":[{"href":"http:\/\/cordobadirecto.com\/index.php\/wp-json\/wp\/v2\/media?parent=23574"}],"wp:term":[{"taxonomy":"category","embeddable":true,"href":"http:\/\/cordobadirecto.com\/index.php\/wp-json\/wp\/v2\/categories?post=23574"},{"taxonomy":"post_tag","embeddable":true,"href":"http:\/\/cordobadirecto.com\/index.php\/wp-json\/wp\/v2\/tags?post=23574"}],"curies":[{"name":"wp","href":"https:\/\/api.w.org\/{rel}","templated":true}]}}