{"id":23613,"date":"2021-10-16T17:00:50","date_gmt":"2021-10-16T17:00:50","guid":{"rendered":"https:\/\/es.digitaltrends.com\/?p=698532"},"modified":"2021-10-16T17:00:50","modified_gmt":"2021-10-16T17:00:50","slug":"cuanto-cuestan-los-airpods-de-apple-los-precios-de-cada-modelo","status":"publish","type":"post","link":"http:\/\/cordobadirecto.com\/index.php\/2021\/10\/16\/cuanto-cuestan-los-airpods-de-apple-los-precios-de-cada-modelo\/","title":{"rendered":"Cu\u00e1nto cuestan los AirPods de Apple: los precios de cada modelo"},"content":{"rendered":"<div><img src=\"http:\/\/cordobadirecto.com\/wp-content\/uploads\/2021\/10\/cuanto-cuestan-los-airpods-de-apple-los-precios-de-cada-modelo.jpg\" class=\"ff-og-image-inserted\"><\/div>\n<p>Hay tres modelos en la gama de AirPods de Apple: el b\u00e1sico con estuche de carga o estuche de carga inal\u00e1mbrico (la versi\u00f3n actual, que debut\u00f3 en marzo de 2019); los AirPods Pro, que fueron presentados en octubre de 2019 y vienen con estuche de carga inal\u00e1mbrica; y los AirPods Max, que fueron lanzados en diciembre y vienen con estuche inteligente. \u00bfPero <strong>cu\u00e1nto cuestan los AirPods<\/strong>? A continuaci\u00f3n te lo decimos.<\/p>\n<h3>Te va a interesar:<\/h3>\n<h2><span>\u00bfCu\u00e1nto cuestan los AirPods de Apple?<\/span><\/h2>\n<h2>Primero, un poco de contexto<\/h2>\n<p>Los AirPods originales con estuche de carga son la experiencia inal\u00e1mbrica m\u00e1s b\u00e1sica que ofrece Apple. Estos reemplazaron a los AirPods originales, lanzados en 2016, agregaron mejoras como el chip H1 de Apple, tiempos m\u00e1s largos para hablar, y capacidad del comando de voz \u00abHey Siri\u00bb manos libres. Aunque se parecen a los m\u00e1s nuevos y m\u00e1s avanzados AirPods Pro, la tecnolog\u00eda no se puede comparar: los <a href=\"https:\/\/www.bing.com\/aclick?ld=e8hSAI2Hh2uXYNqE1dGYfR6DVUCUx8SsiS8GxVXEiVJ3bl_fuhhF6XfqBwtySs_7575WLFPFZx0Vkk3QEKCMGJ9_xgbdoHChAOpcGN0LagB9aXphlt67-HGVkE5tAfnziJnjZUBaPhtU2Su6CaOL-ZUiswUrfb5oWBMnjyQ-JMXEiZ7LbQjakUglPOJ0JxzsaaycHWnw&amp;u=aHR0cHMlM2ElMmYlMmZ3d3cuYXBwbGUuY29tJTJmbXglMmZzaG9wJTJmZ28lMmZwcm9kdWN0JTJmTVdQMjIlM2YlMjZtbmlkJTNkRHIxcW5FemQtZGNfbXRpZF8xODcwNzY1ZTM4NDgyX3BjcmlkXzc3NjUzMTY0MjYyOTQ5X3BncmlkXzEyNDI0NDg2NzMwMzk3MTJfJTI2Y2lkJTNkYW9zLW14LWt3YmktQWlyUG9kcy0tc2xpZC0tLXByb2R1Y3QtJTI2bXRpZCUzZDE4NzA3NjVlMzg0ODIlMjZhb3NpZCUzZHAyMzg&amp;rlid=40dfe5b055491a78e19384d9cb1611db&amp;ntb=1\">AirPods Pro<\/a> agregan cancelaci\u00f3n de ruido junto con Audio Espacial y Adaptive EQ para optimizar la calidad de sonido a tu gusto. Adem\u00e1s, son resistentes al agua y al sudor, vienen con almohadillas para un mejor ajuste, e incluyen una v\u00e1lvula de presi\u00f3n en cada lado para ayudar a reducir la presi\u00f3n en tus o\u00eddos cuando los usas durante periodos largos de tiempo. Tambi\u00e9n vienen con un estuche de carga inal\u00e1mbrico m\u00e1s peque\u00f1o y ancho.<\/p>\n<p>Mientras tanto, los <a href=\"https:\/\/www.apple.com\/la\/airpods-max\/\">AirPods Max<\/a> representan un alejamiento del espacio verdaderamente inal\u00e1mbrico para la submarca, empleando un dise\u00f1o sobre el o\u00eddo en lugar de la configuraci\u00f3n dentro del o\u00eddo de los otros dos modelos. Ofreciendo una experiencia de sonido inmersivo, presentan tecnolog\u00eda de Cancelaci\u00f3n de Ruido Activa (ANC por sus siglas en ingl\u00e9s) y Audio Espacial y vienen en cinco opciones de color para que expreses tu personalidad.<\/p>\n<h2>Precios<\/h2>\n<p>Entonces, \u00bfcu\u00e1nto cuestan cada uno de ellos? Los AirPods con estuche de carga se venden por $159 d\u00f3lares, los AirPods con estuche de carga inal\u00e1mbrico cuestan $199 d\u00f3lares; los AirPods Pro con estuche de carga inal\u00e1mbrico $249 d\u00f3lares y los AirPods Max $549 d\u00f3lares.<\/p>\n<div class=\"table-wrap\">\n<table class=\"styled\" border=\"0\" align=\"center\">\n<tbody>\n<tr>\n<td><strong>Modelo<\/strong><\/td>\n<td><strong>Precio<\/strong><\/td>\n<\/tr>\n<tr>\n<td>AirPods con estuche de carga<\/td>\n<td>$159<\/td>\n<\/tr>\n<tr>\n<td>AirPods con estuche de carga inal\u00e1mbrico<\/td>\n<td>$199<\/td>\n<\/tr>\n<tr>\n<td>AirPods Pro<\/td>\n<td>$249<\/td>\n<\/tr>\n<tr>\n<td>AirPods Max<\/td>\n<td>$549<\/td>\n<\/tr>\n<\/tbody>\n<\/table>\n<\/div>\n<p>Si pierdes un aud\u00edfono o el estuche de carga, no tendr\u00e1s que comprarte todo de nuevo. Puedes reemplazar cada art\u00edculo da\u00f1ado por lo que Apple llama una \u201ctarifa fuera de garant\u00eda\u201d. Sin embargo, no te saldr\u00e1 barato, ya que un solo AirPod cuesta $69 d\u00f3lares; un AirPod Pro, $89. Los estuches comienzan en los $59 d\u00f3lares y terminan en los $99.<\/p>\n<div class=\"table-wrap\">\n<table class=\"styled\" border=\"0\" align=\"center\">\n<tbody>\n<tr>\n<td><strong>Repuesto<\/strong><\/td>\n<td><strong>Precio (por unidad)<\/strong><\/td>\n<\/tr>\n<tr>\n<td>AirPods<\/td>\n<td>$69<\/td>\n<\/tr>\n<tr>\n<td>AirPods Pro<\/td>\n<td>$89<\/td>\n<\/tr>\n<tr>\n<td>AirPods Max<\/td>\n<td>Cons\u00faltalo<\/td>\n<\/tr>\n<tr>\n<td>Estuche de carga para AirPods<\/td>\n<td>$59<\/td>\n<\/tr>\n<tr>\n<td>Estuche de carga inal\u00e1mbrico para AirPods<\/td>\n<td>$79<\/td>\n<\/tr>\n<tr>\n<td>Estuche de carga inal\u00e1mbrico para AirPods Pro<\/td>\n<td>$99<\/td>\n<\/tr>\n<\/tbody>\n<\/table>\n<\/div>\n<p>Las piezas de repuesto tienen un tope de $29 d\u00f3lares por cada una para los clientes que cuenten con una suscripci\u00f3n a <a href=\"https:\/\/www.apple.com\/es\/support\/products\/\" target=\"_blank\" rel=\"noopener noreferrer\">AppleCare+<\/a>, el servicio de asistencia y reparaciones de la compa\u00f1\u00eda. Si requieres un servicio de bater\u00eda para los AirPods, este es gratuito con AppleCare+, o te costar\u00e1 un m\u00f3dico precio si est\u00e1 fuera de garant\u00eda, con precios que van de $49 d\u00f3lares hasta $79 d\u00f3lares en el caso de los AirPods Max.<\/p>\n<h4 class=\"h-editors-recs-title\"> Recomendaciones del editor\t<\/h4>\n<p> <span id=\"publisher-md\" itemprop=\"publisher\" itemscope itemtype=\"https:\/\/schema.org\/Organization\"> <span itemprop=\"url\" itemtype=\"https:\/\/schema.org\/Url\" content=\"https:\/\/es.digitaltrends.com\"> <span itemprop=\"logo\" itemscope itemtype=\"https:\/\/schema.org\/ImageObject\"> <meta itemprop=\"url\" content=\"https:\/\/cdn.dtcn.com\/dt\/dt-logo-small.png\"> <meta itemprop=\"width\" content=\"0\"> <meta itemprop=\"height\" content=\"0\"> <\/span> <meta itemprop=\"name\" content=\"Digital Trends Espa\u00f1ol\"> <\/span> <span itemprop=\"image\" itemscope itemtype=\"https:\/\/schema.org\/ImageObject\"> <meta itemprop=\"url\" content=\"http:\/\/cordobadirecto.com\/wp-content\/uploads\/2021\/10\/cuanto-cuestan-los-airpods-de-apple-los-precios-de-cada-modelo.jpg\"> <\/span> <\/span><\/p>\n","protected":false},"excerpt":{"rendered":"<p>Hay tres modelos en la gama de AirPods de Apple: el b\u00e1sico con estuche de carga o estuche de carga inal\u00e1mbrico (la versi\u00f3n actual, que debut\u00f3 en marzo de 2019); los AirPods Pro, que fueron presentados en octubre de 2019 y vienen con estuche de carga inal\u00e1mbrica; y los AirPods Max, que fueron lanzados en [&hellip;]<\/p>\n","protected":false},"author":1,"featured_media":23614,"comment_status":"closed","ping_status":"closed","sticky":false,"template":"","format":"standard","meta":[],"categories":[18],"tags":[],"_links":{"self":[{"href":"http:\/\/cordobadirecto.com\/index.php\/wp-json\/wp\/v2\/posts\/23613"}],"collection":[{"href":"http:\/\/cordobadirecto.com\/index.php\/wp-json\/wp\/v2\/posts"}],"about":[{"href":"http:\/\/cordobadirecto.com\/index.php\/wp-json\/wp\/v2\/types\/post"}],"author":[{"embeddable":true,"href":"http:\/\/cordobadirecto.com\/index.php\/wp-json\/wp\/v2\/users\/1"}],"replies":[{"embeddable":true,"href":"http:\/\/cordobadirecto.com\/index.php\/wp-json\/wp\/v2\/comments?post=23613"}],"version-history":[{"count":0,"href":"http:\/\/cordobadirecto.com\/index.php\/wp-json\/wp\/v2\/posts\/23613\/revisions"}],"wp:featuredmedia":[{"embeddable":true,"href":"http:\/\/cordobadirecto.com\/index.php\/wp-json\/wp\/v2\/media\/23614"}],"wp:attachment":[{"href":"http:\/\/cordobadirecto.com\/index.php\/wp-json\/wp\/v2\/media?parent=23613"}],"wp:term":[{"taxonomy":"category","embeddable":true,"href":"http:\/\/cordobadirecto.com\/index.php\/wp-json\/wp\/v2\/categories?post=23613"},{"taxonomy":"post_tag","embeddable":true,"href":"http:\/\/cordobadirecto.com\/index.php\/wp-json\/wp\/v2\/tags?post=23613"}],"curies":[{"name":"wp","href":"https:\/\/api.w.org\/{rel}","templated":true}]}}