{"id":23617,"date":"2021-10-16T18:20:00","date_gmt":"2021-10-16T18:20:00","guid":{"rendered":"http:\/\/cordobadirecto.com\/index.php\/2021\/10\/16\/mas-de-100-000-personas-en-una-manifestacion-antifascista-en-roma\/"},"modified":"2021-10-16T18:20:00","modified_gmt":"2021-10-16T18:20:00","slug":"mas-de-100-000-personas-en-una-manifestacion-antifascista-en-roma","status":"publish","type":"post","link":"http:\/\/cordobadirecto.com\/index.php\/2021\/10\/16\/mas-de-100-000-personas-en-una-manifestacion-antifascista-en-roma\/","title":{"rendered":"M\u00e1s de 100.000 personas en una manifestaci\u00f3n antifascista en Roma"},"content":{"rendered":"<div class=\"image\" id=\"image\" readability=\"11\"> <img src=\"http:\/\/cordobadirecto.com\/wp-content\/uploads\/2021\/10\/mas-de-100-000-personas-en-una-manifestacion-antifascista-en-roma.jpg\" alt=\"La manifestaci\u00f3n fue convocada despu\u00e9s de que el pasado 9 de octubre, los miembros de la organizaci\u00f3n neofascista Forza Nuova devastaran la sede de la CGIL y trataran de apoderarse del Palacio Chigi, Foto AFP\" title=\"La manifestaci\u00f3n fue convocada despu\u00e9s de que el pasado 9 de octubre, los miembros de la organizaci\u00f3n neofascista Forza Nuova devastaran la sede de la CGIL y trataran de apoderarse del Palacio Chigi, Foto AFP\"><\/p>\n<p>La manifestaci\u00f3n fue convocada despu\u00e9s de que el pasado 9 de octubre, los miembros de la organizaci\u00f3n neofascista Forza Nuova devastaran la sede de la CGIL y trataran de apoderarse del Palacio Chigi, Foto AFP<\/p>\n<\/div>\n<p>La manifestaci\u00f3n antifascista convocada este s\u00e1bado en Roma por las organizaciones sindicales reuni\u00f3 a m\u00e1s de 100.000 participantes, seg\u00fan <strong>el secretario general de la Uni\u00f3n Italiana del Trabajo (UIL, por sus siglas en italiano), Pierpaolo Bombardieri.<\/strong><\/p>\n<p>&#8220;Somos m\u00e1s de 100.000&#8221; personas, que protestan contra el fascismo, que &#8220;no es una opini\u00f3n, es un crimen&#8221;, declar\u00f3 Bombardiere en su discurso, report\u00f3 la agencia Sputnik.<\/p>\n<p>Al intervenir ante los manifestantes, <strong>el jefe de la Confederaci\u00f3n Italiana de Sindicatos de Trabajadores (CISL), Luigi Sbarra<\/strong>, inst\u00f3 el Gobierno a <strong>&#8220;disolver inmediatamente todas las organizaciones neofascistas y neonazis&#8221;.<\/strong><\/p>\n<p>A su vez, <strong>Maurizio Landini, secretario de la Confederaci\u00f3n General Italiana del Trabajo (CGIL)<\/strong>, se uni\u00f3 a la exigencia de prohibir los grupos fascistas y urgi\u00f3 las autoridades a &#8220;demostrar su fuerza democr\u00e1tica en imponer el cumplimiento de las leyes y la aplicaci\u00f3n de la Constituci\u00f3n&#8221;.<\/p>\n<p>La manifestaci\u00f3n de este s\u00e1bado fue convocada despu\u00e9s de que el pasado 9 de octubre, durante las protestas contra el pase sanitario obligatorio, los miembros de la organizaci\u00f3n neofascista Forza Nuova devastaran la sede de la CGIL y trataran de apoderarse del Palacio Chigi, la residencia del Gobierno italiano.<\/p>\n<p>Despu\u00e9s de los disturbios, que se saldaron con decenas de heridos, las fuerzas del orden <strong>detuvieron a los jefes de Forza Nuova<\/strong> Roberto Fiore y Giuliano Castellino, junto a otras diez personas.<\/p>\n<p>A su vez, <strong>la Polic\u00eda Postal bloque\u00f3 la p\u00e1gina web de la organizaci\u00f3n neofascista<\/strong>, bajo la disposici\u00f3n de la Fiscal\u00eda de Roma. <\/p>\n","protected":false},"excerpt":{"rendered":"<p>La manifestaci\u00f3n fue convocada despu\u00e9s de que el pasado 9 de octubre, los miembros de la organizaci\u00f3n neofascista Forza Nuova devastaran la sede de la CGIL y trataran de apoderarse del Palacio Chigi, Foto AFP La manifestaci\u00f3n antifascista convocada este s\u00e1bado en Roma por las organizaciones sindicales reuni\u00f3 a m\u00e1s de 100.000 participantes, seg\u00fan el [&hellip;]<\/p>\n","protected":false},"author":1,"featured_media":23618,"comment_status":"closed","ping_status":"closed","sticky":false,"template":"","format":"standard","meta":[],"categories":[24],"tags":[],"_links":{"self":[{"href":"http:\/\/cordobadirecto.com\/index.php\/wp-json\/wp\/v2\/posts\/23617"}],"collection":[{"href":"http:\/\/cordobadirecto.com\/index.php\/wp-json\/wp\/v2\/posts"}],"about":[{"href":"http:\/\/cordobadirecto.com\/index.php\/wp-json\/wp\/v2\/types\/post"}],"author":[{"embeddable":true,"href":"http:\/\/cordobadirecto.com\/index.php\/wp-json\/wp\/v2\/users\/1"}],"replies":[{"embeddable":true,"href":"http:\/\/cordobadirecto.com\/index.php\/wp-json\/wp\/v2\/comments?post=23617"}],"version-history":[{"count":0,"href":"http:\/\/cordobadirecto.com\/index.php\/wp-json\/wp\/v2\/posts\/23617\/revisions"}],"wp:featuredmedia":[{"embeddable":true,"href":"http:\/\/cordobadirecto.com\/index.php\/wp-json\/wp\/v2\/media\/23618"}],"wp:attachment":[{"href":"http:\/\/cordobadirecto.com\/index.php\/wp-json\/wp\/v2\/media?parent=23617"}],"wp:term":[{"taxonomy":"category","embeddable":true,"href":"http:\/\/cordobadirecto.com\/index.php\/wp-json\/wp\/v2\/categories?post=23617"},{"taxonomy":"post_tag","embeddable":true,"href":"http:\/\/cordobadirecto.com\/index.php\/wp-json\/wp\/v2\/tags?post=23617"}],"curies":[{"name":"wp","href":"https:\/\/api.w.org\/{rel}","templated":true}]}}