{"id":23624,"date":"2021-10-17T20:15:47","date_gmt":"2021-10-17T20:15:47","guid":{"rendered":"https:\/\/puntoapunto.com.ar\/?p=317366"},"modified":"2021-10-17T20:15:47","modified_gmt":"2021-10-17T20:15:47","slug":"estas-son-las-propuestas-de-idea-para-generar-mas-de-3-millones-de-puestos-de-trabajo","status":"publish","type":"post","link":"http:\/\/cordobadirecto.com\/index.php\/2021\/10\/17\/estas-son-las-propuestas-de-idea-para-generar-mas-de-3-millones-de-puestos-de-trabajo\/","title":{"rendered":"Estas son las propuestas de IDEA para generar m\u00e1s de 3 millones de puestos de trabajo"},"content":{"rendered":"<div><img src=\"http:\/\/cordobadirecto.com\/wp-content\/uploads\/2021\/10\/estas-son-las-propuestas-de-idea-para-generar-mas-de-3-millones-de-puestos-de-trabajo.jpg\" class=\"ff-og-image-inserted\"><\/div>\n<p><strong>Hoy en la Argentina s\u00f3lo 2 de cada 10 argentinos en edad de trabajar tiene un empleo formal privado<\/strong>&nbsp;en relaci\u00f3n de dependencia. El dato lo&nbsp;present\u00f3 el Economista<strong>&nbsp;Santiago Bulat&nbsp;<\/strong>durante su presentaci\u00f3n en el 57 Coloquio de IDEA con foco en la importancia de la&nbsp;<strong>generaci\u00f3n de <a href=\"https:\/\/puntoapunto.com.ar\/empleo-inversiones-y-economia-los-ejes-del-encuentro-entre-el-presidente-y-los-empresarios\/\" target=\"_blank\" rel=\"noopener\">empleo<\/a> genuino en el pa\u00eds.&nbsp;<\/strong><\/p>\n<p>Luego de mostrar un relevamiento realizado por la entidad , Bulat analiz\u00f3 la propuesta de IDEA de <strong>crear&nbsp;3 millones de puestos de trabajos<\/strong>, lo que permitir\u00eda al pa\u00eds&nbsp;estar en l\u00ednea con los pa\u00edses de la regi\u00f3n que est\u00e1n mucho mejor posicionados en este momento.<\/p>\n<p>\u201cEl<a href=\"https:\/\/puntoapunto.com.ar\/empleo-industrial-cordoba-entre-las-provincias-que-registra-mejores-niveles\/\" target=\"_blank\" rel=\"noopener\"> empleo formal<\/a> es el que potencia la productividad de la econom\u00eda, genera tributos para financiar al Estado y promueve la movilidad social\u201d, explic\u00f3. Para el economista, la generaci\u00f3n de empleo \u201ces el problema m\u00e1s acuciante que tiene la econom\u00eda hoy, y si no hacemos algo pronto se va a profundizar\u201d, alert\u00f3.<\/p>\n<blockquote class=\"twitter-tweet\" data-width=\"550\" data-dnt=\"true\" readability=\"6.2264150943396\">\n<p lang=\"es\" dir=\"ltr\">Reviv\u00ed el panel de <a href=\"https:\/\/twitter.com\/Santiagobulat?ref_src=twsrc%5Etfw\">@Santiagobulat<\/a>, economista Jefe de IDEA sobre c\u00f3mo Generar empleo.<\/p>\n<p>Sumate al vivo ac\u00e1\ud83d\udc49 <a href=\"https:\/\/t.co\/rqseRyUizo\">https:\/\/t.co\/rqseRyUizo<\/a><a href=\"https:\/\/twitter.com\/hashtag\/ColoquioIDEA?src=hash&amp;ref_src=twsrc%5Etfw\">#ColoquioIDEA<\/a> <a href=\"https:\/\/t.co\/54yaBIiy9X\">pic.twitter.com\/54yaBIiy9X<\/a><\/p>\n<p>\u2014 IDEA (@IdeaArg) <a href=\"https:\/\/twitter.com\/IdeaArg\/status\/1448270467786317825?ref_src=twsrc%5Etfw\">October 13, 2021<\/a><\/p>\n<\/blockquote>\n<h5><strong>La propuesta de IDEA<\/strong><\/h5>\n<p><strong>\u201cNecesitamos de todas las empresas chicas, medianas y grandes para generar 3 millones de puestos de trabajo de calidad que nos permitan equipararnos a pa\u00edses del mundo desarrollado.&nbsp;<\/strong>Esto tendr\u00eda un impacto positivo directo para 12 millones de Argentinos\u201d, explicaron los organizadores del 57\u00b0 Coloquio y agregaron&nbsp;las 3 propuestas concretas para trabajar con todos los sectores e impulsar esta agenda de desarrollo.<\/p>\n<p>1) Es imprescindible<strong>&nbsp;crear un r\u00e9gimen laboral de emergencia que impulse la creaci\u00f3n de puestos de trabajo y la formalizaci\u00f3n<\/strong>. Este r\u00e9gimen incluye bonificaciones temporales en aportes y contribuciones patronales: \u201cSer\u00eda s\u00f3lo valido para aumentos de n\u00f3mina. Los beneficios ser\u00e1n por el plazo de 3 a\u00f1os y decreciente con mejoras en la poblaci\u00f3n joven\u201d, indic\u00f3 Bulat.&nbsp; Adem\u00e1s, ese nuevo r\u00e9gimen&nbsp;<strong>deber\u00e1 tener un&nbsp;nuevo esquema temporal&nbsp;de desvinculaciones,<\/strong>&nbsp;que preserve las indemnizaciones y de certidumbre al costo de cese de la relaci\u00f3n laboral.<\/p>\n<p>2) debemos&nbsp;<strong>corregir las distorsiones de la legislaci\u00f3n vigente.&nbsp;<\/strong>Proponen poner foco en la reducci\u00f3n de la&nbsp;litigiosidad y la eliminaci\u00f3n de pasivos contigentes. Desde IDEA proponen la federalizaci\u00f3n del Servicio de Conciliaci\u00f3n Laboral Obligatoria; la reforma del&nbsp;r\u00e9gimen de&nbsp;multas laborales y la modernizaci\u00f3n de los convenios colectivos de trabajo.<\/p>\n<p>3)&nbsp;para dar respuestas a las demandas del&nbsp;nuevo mercado laboral actual proponen:<strong>&nbsp;impulsar programas de capacitaci\u00f3n en empresas<\/strong>,&nbsp;<strong>reconocer el empleo independiente mediante una reformulaci\u00f3n del monotributo y<\/strong>&nbsp;la creaci\u00f3n de una nueva figura laboral; adem\u00e1s de formalizar a los trabajadores de la econom\u00eda popular mediante el reconocimiento de sus actividades.<\/p>\n","protected":false},"excerpt":{"rendered":"<p>Hoy en la Argentina s\u00f3lo 2 de cada 10 argentinos en edad de trabajar tiene un empleo formal privado&nbsp;en relaci\u00f3n de dependencia. El dato lo&nbsp;present\u00f3 el Economista&nbsp;Santiago Bulat&nbsp;durante su presentaci\u00f3n en el 57 Coloquio de IDEA con foco en la importancia de la&nbsp;generaci\u00f3n de empleo genuino en el pa\u00eds.&nbsp; Luego de mostrar un relevamiento realizado [&hellip;]<\/p>\n","protected":false},"author":1,"featured_media":23625,"comment_status":"closed","ping_status":"closed","sticky":false,"template":"","format":"standard","meta":[],"categories":[25],"tags":[],"_links":{"self":[{"href":"http:\/\/cordobadirecto.com\/index.php\/wp-json\/wp\/v2\/posts\/23624"}],"collection":[{"href":"http:\/\/cordobadirecto.com\/index.php\/wp-json\/wp\/v2\/posts"}],"about":[{"href":"http:\/\/cordobadirecto.com\/index.php\/wp-json\/wp\/v2\/types\/post"}],"author":[{"embeddable":true,"href":"http:\/\/cordobadirecto.com\/index.php\/wp-json\/wp\/v2\/users\/1"}],"replies":[{"embeddable":true,"href":"http:\/\/cordobadirecto.com\/index.php\/wp-json\/wp\/v2\/comments?post=23624"}],"version-history":[{"count":0,"href":"http:\/\/cordobadirecto.com\/index.php\/wp-json\/wp\/v2\/posts\/23624\/revisions"}],"wp:featuredmedia":[{"embeddable":true,"href":"http:\/\/cordobadirecto.com\/index.php\/wp-json\/wp\/v2\/media\/23625"}],"wp:attachment":[{"href":"http:\/\/cordobadirecto.com\/index.php\/wp-json\/wp\/v2\/media?parent=23624"}],"wp:term":[{"taxonomy":"category","embeddable":true,"href":"http:\/\/cordobadirecto.com\/index.php\/wp-json\/wp\/v2\/categories?post=23624"},{"taxonomy":"post_tag","embeddable":true,"href":"http:\/\/cordobadirecto.com\/index.php\/wp-json\/wp\/v2\/tags?post=23624"}],"curies":[{"name":"wp","href":"https:\/\/api.w.org\/{rel}","templated":true}]}}