{"id":23764,"date":"2021-10-18T04:17:25","date_gmt":"2021-10-18T04:17:25","guid":{"rendered":"http:\/\/cordobadirecto.com\/index.php\/2021\/10\/18\/mauro-icardi-y-un-posteo-que-alimenta-el-rumor-de-una-reconciliacion-con-wanda\/"},"modified":"2021-10-18T04:17:25","modified_gmt":"2021-10-18T04:17:25","slug":"mauro-icardi-y-un-posteo-que-alimenta-el-rumor-de-una-reconciliacion-con-wanda","status":"publish","type":"post","link":"http:\/\/cordobadirecto.com\/index.php\/2021\/10\/18\/mauro-icardi-y-un-posteo-que-alimenta-el-rumor-de-una-reconciliacion-con-wanda\/","title":{"rendered":"Mauro Icardi y un posteo que alimenta el rumor de una reconciliaci\u00f3n con Wanda"},"content":{"rendered":"<div class=\"image\" id=\"image\" readability=\"7\"> <img src=\"http:\/\/cordobadirecto.com\/wp-content\/uploads\/2021\/10\/mauro-icardi-y-un-posteo-que-alimenta-el-rumor-de-una-reconciliacion-con-wanda.jpg\" alt=\"Icardi se expres\u00edo a trav\u00e9s de su cuenta de Instagram.\" title=\"Icardi se expres\u00edo a trav\u00e9s de su cuenta de Instagram.\"><\/p>\n<p>Icardi se expres\u00edo a trav\u00e9s de su cuenta de Instagram.<\/p>\n<\/div>\n<p>Tras los diversos giros de los \u00faltiumos d\u00edas en la relaci\u00f3n entre el futbolista <strong>Mauro Icardi<\/strong> y la empresaria <strong>Wanda Nara<\/strong>, el delantero del <strong>Saint-Germain<\/strong> public\u00f3 en su cuenta de Instagram una serie de fotos que dar\u00edan a entender que la relaci\u00f3n no est\u00e1 terminada.<\/p>\n<p><a href=\"https:\/\/www.telam.com.ar\/notas\/202110\/572025-wanda-nara-viajo-a-milan-luego-de-dar-a-conocer-su-separacion-con-mauro-icardi.html\" target=\"_blank\" rel=\"noopener\">Nara hab\u00eda confirmado la separaci\u00f3n este s\u00e1bado<\/a>, aunque en la historia de Instagram que Icardi public\u00f3 este domingo, se ve que \u00e9l est\u00e1 en Mil\u00e1n (Italia), ciudad donde la modelo hab\u00eda ido previamente, junto a sus hijas.<\/p>\n<p>Si bien la reconciliaci\u00f3n no fue confirmada, estas fotos conforman otro cap\u00edtulo dentro de las idas y vueltas que el matrimonio viene atravesando.<\/p>\n","protected":false},"excerpt":{"rendered":"<p>Icardi se expres\u00edo a trav\u00e9s de su cuenta de Instagram. Tras los diversos giros de los \u00faltiumos d\u00edas en la relaci\u00f3n entre el futbolista Mauro Icardi y la empresaria Wanda Nara, el delantero del Saint-Germain public\u00f3 en su cuenta de Instagram una serie de fotos que dar\u00edan a entender que la relaci\u00f3n no est\u00e1 terminada. [&hellip;]<\/p>\n","protected":false},"author":1,"featured_media":23765,"comment_status":"closed","ping_status":"closed","sticky":false,"template":"","format":"standard","meta":[],"categories":[20],"tags":[],"_links":{"self":[{"href":"http:\/\/cordobadirecto.com\/index.php\/wp-json\/wp\/v2\/posts\/23764"}],"collection":[{"href":"http:\/\/cordobadirecto.com\/index.php\/wp-json\/wp\/v2\/posts"}],"about":[{"href":"http:\/\/cordobadirecto.com\/index.php\/wp-json\/wp\/v2\/types\/post"}],"author":[{"embeddable":true,"href":"http:\/\/cordobadirecto.com\/index.php\/wp-json\/wp\/v2\/users\/1"}],"replies":[{"embeddable":true,"href":"http:\/\/cordobadirecto.com\/index.php\/wp-json\/wp\/v2\/comments?post=23764"}],"version-history":[{"count":0,"href":"http:\/\/cordobadirecto.com\/index.php\/wp-json\/wp\/v2\/posts\/23764\/revisions"}],"wp:featuredmedia":[{"embeddable":true,"href":"http:\/\/cordobadirecto.com\/index.php\/wp-json\/wp\/v2\/media\/23765"}],"wp:attachment":[{"href":"http:\/\/cordobadirecto.com\/index.php\/wp-json\/wp\/v2\/media?parent=23764"}],"wp:term":[{"taxonomy":"category","embeddable":true,"href":"http:\/\/cordobadirecto.com\/index.php\/wp-json\/wp\/v2\/categories?post=23764"},{"taxonomy":"post_tag","embeddable":true,"href":"http:\/\/cordobadirecto.com\/index.php\/wp-json\/wp\/v2\/tags?post=23764"}],"curies":[{"name":"wp","href":"https:\/\/api.w.org\/{rel}","templated":true}]}}