{"id":23814,"date":"2021-10-18T12:49:35","date_gmt":"2021-10-18T12:49:35","guid":{"rendered":"https:\/\/www.cordoba.gob.ar\/?p=14737"},"modified":"2021-10-18T12:49:35","modified_gmt":"2021-10-18T12:49:35","slug":"4to-webinar-del-seminario-transformando-ciudades-comunidad-convivencia-y-derechos-humanos","status":"publish","type":"post","link":"http:\/\/cordobadirecto.com\/index.php\/2021\/10\/18\/4to-webinar-del-seminario-transformando-ciudades-comunidad-convivencia-y-derechos-humanos\/","title":{"rendered":"4to webinar del Seminario Transformando ciudades: \u201cComunidad, convivencia y Derechos Humanos\u201d"},"content":{"rendered":"<div><img src=\"http:\/\/cordobadirecto.com\/wp-content\/uploads\/2021\/10\/4to-webinar-del-seminario-transformando-ciudades-comunidad-convivencia-y-derechos-humanos.png\" class=\"ff-og-image-inserted\"><\/div>\n<p><span>Se trata del cuarto encuentro virtual de formaci\u00f3n y debate.&nbsp;<\/span><span>En esta oportunidad, ser\u00e1 la tem\u00e1tica \u201cComunidad, convivencia y Derechos Humanos: <\/span><span>Ideas y propuestas para construir una cultura ciudadana democr\u00e1tica, inclusiva, solidaria y diversa\u201d. E<\/span><span>l webinar tendr\u00e1 lugar el d\u00eda 21 de octubre a las 18 hs en formato virtual.<\/span><\/p>\n<p><span>La Secretar\u00eda de Educaci\u00f3n, a trav\u00e9s de la Direcci\u00f3n de Parques Educativos, y la Secretar\u00eda de Gobierno de la Municipalidad de C\u00f3rdoba invitan al Tercer Webinar del Seminario \u201cTransformando ciudades. Encuentros por una educaci\u00f3n para el Desarrollo Sostenible\u201d.&nbsp;<\/span><\/p>\n<p><span>Se llevar\u00e1 adelante&nbsp; el jueves 21 de octubre a las 18:00 hs con la participaci\u00f3n de <\/span><span>Dr. Juli\u00e1n Lopez Ministro de Justicia y DDHH del Gobierno de la Provincia de C\u00f3rdoba; Dr. Miguel Siciliano Secretario de Gobierno de la Municipalidad de C\u00f3rdoba; Mgter. Ana Mohaded Decana de la Facultad de Artes de la UNC; Lic. Mariela Edelstein Secretaria de Extensi\u00f3n de la Universidad Provincial y Mabel Basualdo Subdirectora del Parque Educativo Este. El encuentro ser\u00e1 coordinado por la Directora de Parques Educativos Esp. Eugenia Rotondi y <\/span><span>El Secretario de Educaci\u00f3n, Dr. Horacio Ferreyra, dar\u00e1 una apertura y saludo institucional.&nbsp;<\/span><\/p>\n<p><span>La propuesta est\u00e1 destinada a funcionarias\/os municipales, provinciales, nacionales, miembros de equipos t\u00e9cnicos, docentes, directivos, profesionales, personal municipal, p\u00fablico en general interesado.&nbsp;<\/span><\/p>\n<p><span>Para participar es necesario <\/span><b>inscribirse y completar los datos en el siguiente formulario: <\/b><a href=\"https:\/\/forms.gle\/VQ3AuGDfa8LF9h8r7\"><b>https:\/\/forms.gle\/VQ3AuGDfa8LF9h8r7<\/b><\/a><b>&nbsp;<\/b><\/p>\n<p><span>La asistencia ser\u00e1 certificada. En el caso de los docentes del sistema municipal la certificaci\u00f3n tendr\u00e1 validez ante los organismos de valoraci\u00f3n de antecedentes. La transmisi\u00f3n de la conferencia se realizar\u00e1 por el canal de youtube de la <\/span><a href=\"https:\/\/www.youtube.com\/channel\/UCII0cF4OAuWV7n3qsm4U1pw\"><span>Direcci\u00f3n de Parques Educativos<\/span><\/a><\/p>\n","protected":false},"excerpt":{"rendered":"<p>Se trata del cuarto encuentro virtual de formaci\u00f3n y debate.&nbsp;En esta oportunidad, ser\u00e1 la tem\u00e1tica \u201cComunidad, convivencia y Derechos Humanos: Ideas y propuestas para construir una cultura ciudadana democr\u00e1tica, inclusiva, solidaria y diversa\u201d. El webinar tendr\u00e1 lugar el d\u00eda 21 de octubre a las 18 hs en formato virtual. La Secretar\u00eda de Educaci\u00f3n, a trav\u00e9s [&hellip;]<\/p>\n","protected":false},"author":1,"featured_media":23815,"comment_status":"closed","ping_status":"closed","sticky":false,"template":"","format":"standard","meta":[],"categories":[44],"tags":[],"_links":{"self":[{"href":"http:\/\/cordobadirecto.com\/index.php\/wp-json\/wp\/v2\/posts\/23814"}],"collection":[{"href":"http:\/\/cordobadirecto.com\/index.php\/wp-json\/wp\/v2\/posts"}],"about":[{"href":"http:\/\/cordobadirecto.com\/index.php\/wp-json\/wp\/v2\/types\/post"}],"author":[{"embeddable":true,"href":"http:\/\/cordobadirecto.com\/index.php\/wp-json\/wp\/v2\/users\/1"}],"replies":[{"embeddable":true,"href":"http:\/\/cordobadirecto.com\/index.php\/wp-json\/wp\/v2\/comments?post=23814"}],"version-history":[{"count":0,"href":"http:\/\/cordobadirecto.com\/index.php\/wp-json\/wp\/v2\/posts\/23814\/revisions"}],"wp:featuredmedia":[{"embeddable":true,"href":"http:\/\/cordobadirecto.com\/index.php\/wp-json\/wp\/v2\/media\/23815"}],"wp:attachment":[{"href":"http:\/\/cordobadirecto.com\/index.php\/wp-json\/wp\/v2\/media?parent=23814"}],"wp:term":[{"taxonomy":"category","embeddable":true,"href":"http:\/\/cordobadirecto.com\/index.php\/wp-json\/wp\/v2\/categories?post=23814"},{"taxonomy":"post_tag","embeddable":true,"href":"http:\/\/cordobadirecto.com\/index.php\/wp-json\/wp\/v2\/tags?post=23814"}],"curies":[{"name":"wp","href":"https:\/\/api.w.org\/{rel}","templated":true}]}}