{"id":23902,"date":"2021-10-19T04:20:11","date_gmt":"2021-10-19T04:20:11","guid":{"rendered":"http:\/\/cordobadirecto.com\/index.php\/2021\/10\/19\/mas-de-un-centenar-de-artistas-celebraran-el-cumpleanos-de-charly-garcia-en-el-cck\/"},"modified":"2021-10-19T04:20:11","modified_gmt":"2021-10-19T04:20:11","slug":"mas-de-un-centenar-de-artistas-celebraran-el-cumpleanos-de-charly-garcia-en-el-cck","status":"publish","type":"post","link":"http:\/\/cordobadirecto.com\/index.php\/2021\/10\/19\/mas-de-un-centenar-de-artistas-celebraran-el-cumpleanos-de-charly-garcia-en-el-cck\/","title":{"rendered":"M\u00e1s de un centenar de artistas celebrar\u00e1n el cumplea\u00f1os de Charly Garc\u00eda en el CCK"},"content":{"rendered":"<div class=\"image\" id=\"image\" readability=\"8\"> <img src=\"http:\/\/cordobadirecto.com\/wp-content\/uploads\/2021\/10\/mas-de-un-centenar-de-artistas-celebraran-el-cumpleanos-de-charly-garcia-en-el-cck.jpg\" alt=\"Charly Garc\u00eda, el gran homenajeado del s\u00e1bado en el CCK.\" title=\"Charly Garc\u00eda, el gran homenajeado del s\u00e1bado en el CCK.\"><\/p>\n<p>Charly Garc\u00eda, el gran homenajeado del s\u00e1bado en el CCK.<\/p>\n<\/div>\n<p><strong>Zorrito Von Quintiero, Fernando Samalea, Mar\u00eda Eva Albistur, Fernando Kabusacki, David Leb\u00f3n, Julieta Venegas, Celeste Carballo, Rosario Ortega, Juan Ingaramo, Emmanuel Horvilleur, Pablo Guyot, Alfredo Toth, Ra\u00fal Porchetto, Nahuel Pennisi, Richard Coleman, Benito Cerati, Cucuza Castiello, El Zar <\/strong>y<strong> Lito Epumer<\/strong> ser\u00e1n parte de m\u00e1s del centenar de artistas que el s\u00e1bado celebrar\u00e1n el cumplea\u00f1os de <strong>Charly Garc\u00eda<\/strong> en el Centro Cultural Kirchner (CCK).<\/p>\n<p>La imponente grilla art\u00edstica con entrada gratuita y transmisi\u00f3n por streaming comenzar\u00e1 a las 14 en el Auditorio Nacional donde habr\u00e1 una orquesta de c\u00e1mara integrada por <strong>Irene Cadario, Luc\u00eda Herrera, Julieta Bril <\/strong>y<strong> Natalia Cabello <\/strong>en violine<strong>s, Mariano Malamud y Dolores Mackenzie <\/strong>en violas<strong>, Paula Pomeraniec y Mar\u00eda Eugenia Castro <\/strong>en cellos<strong>, Adri\u00e1n Speziale <\/strong>en contrabajo,<strong> Carlos Britez <\/strong>en piano y direcci\u00f3n<strong>, Sebasti\u00e1n Achenbach <\/strong>en \u00f3rgano<strong>, V\u00edctor Carrion <\/strong>en flauta y saxo<strong>, Daniel Kovacich <\/strong>en clarinete y saxo<strong>, \u00c1lvaro Su\u00e1rez V\u00e1zquez <\/strong>en corno e<strong>&nbsp;Ignacio Svachka<\/strong> en percusi\u00f3n.<\/p>\n<p>Con arreglos de <strong>Juli\u00e1n Caeiro <\/strong>y<strong> Pablo Salzman<\/strong> se abordar\u00e1 la obra de Garc\u00eda en cuatro momentos de su trayectoria (Sui Generis, Ser\u00fa Gir\u00e1n y de sus etapas solistas).<\/p>\n<p>Unas horas antes, desde las 12 del mediod\u00eda, comenzar\u00e1 una cobertura radial sin precedentes. En la 93.7, con la previa a cargo de Alfredo Rosso y Albina Cabrera, Nacional Rock transmitir\u00e1n todos los shows. Adem\u00e1s habr\u00e1 diversas entrevistas. Todas las figuras de la 93.7 (Diego Ripoll, Mex Urtizberea, Calu Bonfante, Pedro Saborido entre otros) estar\u00e1n presente en la animaci\u00f3n del show. Luego se sumar\u00e1n&nbsp;&nbsp;todas las emisoras del pa\u00eds de Radio Nacional.<\/p>\n<p>El mismo escenario recibir\u00e1 a las 16 a int\u00e9rpretes de jazz, tango y folclore con las presencias de <strong>Clara Cantore, Hern\u00e1n Jacinto, Andr\u00e9s Beeuwsaert, Santiago V\u00e1zquez, Sof Tot, Vruma, Sonia Alvarez, Dar\u00edo Jalfin, Tomi Lago, Diego Schissi <\/strong>junto a<strong> Diana Arias, Nico Sor\u00edn<\/strong> y<strong> Mariano Otero <\/strong>junto a<strong> Ernesto Jodos <\/strong>y<strong> Sergio Verdinelli.<\/strong><\/p>\n<p>Desde las 18, en tanto, una banda estable conformada por <strong>Zorrito Von Quintiero<\/strong> en teclados, <strong>Fernando Samalea<\/strong> en bater\u00eda, <strong>Mar\u00eda Eva Albistur<\/strong> en bajo y <strong>Fernando Kabusacki<\/strong> en guitarras, se recorrer\u00e1n canciones de todas las \u00e9pocas con las participaciones de <strong>David Leb\u00f3n, Erica Di Salvo, Ulises Di Salvo, Rosario Ortega, Juan Ingaramo, Alina Gandini, Mar\u00eda Rosa Yorio , Guido Spina, Ra\u00fal Porchetto, Nahuel Pennisi, Andy Chango, Alejandro Medina <\/strong>y<strong> Lola Medina<\/strong> entre m\u00e1s.<\/p>\n<div class=\"image\" id=\"image\" readability=\"7\"> <img src=\"http:\/\/cordobadirecto.com\/wp-content\/uploads\/2021\/10\/mas-de-un-centenar-de-artistas-celebraran-el-cumpleanos-de-charly-garcia-en-el-cck-1.jpg\" alt=\"Un equipo nunca antes reunido con artistas de alto vuelo.\" title=\"Un equipo nunca antes reunido con artistas de alto vuelo.\"><\/p>\n<p>Un equipo nunca antes reunido con artistas de alto vuelo.<\/p>\n<\/div>\n<p>La misma banda estable volver\u00e1 el escenario del Auditorio Nacional a las 19.30 para compartir con <strong>Julieta Venegas, Richard Coleman, Christian Basso, Benito Cerati, Cucuza Castiello, Emmanuel Horvilleur, Pablo Guyot y Alfredo Toth, Julia Zenko, El Zar, Brenda Asnicar, Mavi D\u00edaz, Lito Epumer, Leo Garc\u00eda, Celeste Carballo, Sara Hebe, Rosario Ortega, Joaqu\u00edn Levinton, Leandro Lopat\u00edn, Hilda Lizarazu, El pr\u00edncipe idiota<\/strong> y<strong> Fernando Ru\u00edz D\u00edaz.<\/strong><\/p>\n<p>La celebraci\u00f3n se mudar\u00e1 a La C\u00fapula del CCK donde a las 19, 19.40, 20.20 y 21 se ofrecer\u00e1 <strong>\u201cTRIP. Una experiencia sobre Charly Garc\u00eda\u201d<\/strong> que reunir\u00e1 m\u00fasica e im\u00e1genes con la participaci\u00f3n de la fot\u00f3grafa y artista visual <strong>Nora Lezano<\/strong>, la cantante<strong> Lidia Borda<\/strong> y el pianista y arreglador <strong>Daniel Godfrid<\/strong> y las participaciones de <strong>Paula Pomeraniec<\/strong> en cello y <strong>Pablo Salzman<\/strong> en contrabajo.<\/p>\n<p>La impresionante propuesta incluir\u00e1 dos conversatorios <strong>\u201cNuestras vidas Garc\u00eda\u201d<\/strong> a las 15 y a las 17 en el Sal\u00f3n de Honor. Del primero participar\u00e1n la investigadora en m\u00fasicas populares <strong>Lisa Di Cione<\/strong>, la pianista, cantautora y gestora cultural <strong>Victoria Gandini <\/strong>y el profesor<strong> Diego Madoery.<\/strong><\/p>\n<p>En tanto la charla de las 17 reunir\u00e1 a la fot\u00f3grafa y cineasta <strong>Karin Idelson<\/strong>, el historiador y ensayista <strong>Sergio Pujol<\/strong> y el periodista y poeta <strong>Mart\u00edn Rodr\u00edguez<\/strong>.<\/p>\n<div class=\"image\" id=\"image\" readability=\"7\"> <img src=\"http:\/\/cordobadirecto.com\/wp-content\/uploads\/2021\/10\/mas-de-un-centenar-de-artistas-celebraran-el-cumpleanos-de-charly-garcia-en-el-cck-2.jpg\" alt=\"La invitaci\u00f3n al evento. \" title=\"La invitaci\u00f3n al evento. \"><\/p>\n<p>La invitaci\u00f3n al evento. <\/p>\n<\/div>\n<p>La entrada para todas las actividades es gratuita, para los conciertos del Auditorio Nacional, la entrega de entradas ser\u00e1 presencial y se podr\u00e1 retirar de a una por persona en el CCK a partir del mi\u00e9rcoles 20 a las 10. Las entradas para \u201cTRIP\u2026\u201d y los conversatorios se podr\u00e1 gestionar en la web cck.gob.ar el mismo mi\u00e9rcoles desde las 12.<\/p>\n<p>Los recitales del Auditorio Nacional ser\u00e1n adem\u00e1s, transmitidos en vivo por YouTube, Facebook, Contar y Latir!. <\/p>\n","protected":false},"excerpt":{"rendered":"<p>Charly Garc\u00eda, el gran homenajeado del s\u00e1bado en el CCK. Zorrito Von Quintiero, Fernando Samalea, Mar\u00eda Eva Albistur, Fernando Kabusacki, David Leb\u00f3n, Julieta Venegas, Celeste Carballo, Rosario Ortega, Juan Ingaramo, Emmanuel Horvilleur, Pablo Guyot, Alfredo Toth, Ra\u00fal Porchetto, Nahuel Pennisi, Richard Coleman, Benito Cerati, Cucuza Castiello, El Zar y Lito Epumer ser\u00e1n parte de m\u00e1s [&hellip;]<\/p>\n","protected":false},"author":1,"featured_media":23903,"comment_status":"closed","ping_status":"closed","sticky":false,"template":"","format":"standard","meta":[],"categories":[20],"tags":[],"_links":{"self":[{"href":"http:\/\/cordobadirecto.com\/index.php\/wp-json\/wp\/v2\/posts\/23902"}],"collection":[{"href":"http:\/\/cordobadirecto.com\/index.php\/wp-json\/wp\/v2\/posts"}],"about":[{"href":"http:\/\/cordobadirecto.com\/index.php\/wp-json\/wp\/v2\/types\/post"}],"author":[{"embeddable":true,"href":"http:\/\/cordobadirecto.com\/index.php\/wp-json\/wp\/v2\/users\/1"}],"replies":[{"embeddable":true,"href":"http:\/\/cordobadirecto.com\/index.php\/wp-json\/wp\/v2\/comments?post=23902"}],"version-history":[{"count":0,"href":"http:\/\/cordobadirecto.com\/index.php\/wp-json\/wp\/v2\/posts\/23902\/revisions"}],"wp:featuredmedia":[{"embeddable":true,"href":"http:\/\/cordobadirecto.com\/index.php\/wp-json\/wp\/v2\/media\/23903"}],"wp:attachment":[{"href":"http:\/\/cordobadirecto.com\/index.php\/wp-json\/wp\/v2\/media?parent=23902"}],"wp:term":[{"taxonomy":"category","embeddable":true,"href":"http:\/\/cordobadirecto.com\/index.php\/wp-json\/wp\/v2\/categories?post=23902"},{"taxonomy":"post_tag","embeddable":true,"href":"http:\/\/cordobadirecto.com\/index.php\/wp-json\/wp\/v2\/tags?post=23902"}],"curies":[{"name":"wp","href":"https:\/\/api.w.org\/{rel}","templated":true}]}}