{"id":23935,"date":"2021-10-18T23:46:09","date_gmt":"2021-10-18T23:46:09","guid":{"rendered":"https:\/\/www.cordoba.gob.ar\/?p=14790"},"modified":"2021-10-18T23:46:09","modified_gmt":"2021-10-18T23:46:09","slug":"premios-jeronimo-2021-la-municipalidad-de-cordoba-distinguio-a-vecinos-e-instituciones-que-resumen-el-ser-cordobes","status":"publish","type":"post","link":"http:\/\/cordobadirecto.com\/index.php\/2021\/10\/18\/premios-jeronimo-2021-la-municipalidad-de-cordoba-distinguio-a-vecinos-e-instituciones-que-resumen-el-ser-cordobes\/","title":{"rendered":"Premios Jer\u00f3nimo 2021: la Municipalidad de C\u00f3rdoba distingui\u00f3 a vecinos e instituciones que resumen el ser cordob\u00e9s"},"content":{"rendered":"<div><img src=\"http:\/\/cordobadirecto.com\/wp-content\/uploads\/2021\/10\/premios-jeronimo-2021-la-municipalidad-de-cordoba-distinguio-a-vecinos-e-instituciones-que-resumen-el-ser-cordobes.jpg\" class=\"ff-og-image-inserted\"><\/div>\n<p><strong>* El intendente Mart\u00edn Llaryora encabez\u00f3 la ceremonia, realizada en el Teatro del Libertador General San Mart\u00edn.<\/strong><\/p>\n<hr>\n<p>La Municipalidad de C\u00f3rdoba llev\u00f3 adelante la 30\u00b0 edici\u00f3n de los Premio Jer\u00f3nimo Luis de Cabrera, en una ceremonia cargada de emotividad por cumplirse tres d\u00e9cadas de su implementaci\u00f3n y, al mismo tiempo, por marcar el regreso del encuentro presencial, frustrado en 2020 a ra\u00edz de la pandemia Covid-19.<\/p>\n<p>Por este motivo, la entrega del m\u00e1ximo galard\u00f3n que desde 1992 concede el Gobierno de la Ciudad a referentes locales de la cultura, la salud, la educaci\u00f3n, el deporte, el periodismo, las comunidades barriales, instituciones, el comercio, y el emprendedurismo, convoc\u00f3 tambi\u00e9n a los elegidos durante la edici\u00f3n 2020, la que se realiz\u00f3 de manera virtual.<\/p>\n<p>\u201cEste a\u00f1o, la distinci\u00f3n de los Premios Jer\u00f3nimo es especial, porque cumple 30 a\u00f1os. Y como es una pol\u00edtica de Estado respetada gesti\u00f3n tras gesti\u00f3n, es un honor no s\u00f3lo seguirla sino tambi\u00e9n reforzarla con innovaciones\u201d expres\u00f3 el intendente para dar inicio a la ceremonia.<\/p>\n<p>Llaryora explic\u00f3 que desde el inicio de su gesti\u00f3n resolvi\u00f3 delegar la responsabilidad de la selecci\u00f3n de los distinguidos en una Comisi\u00f3n de Notables, de tal forma de constituir un caudaloso proceso de debate que ayudar\u00e1 al Municipio en la selecci\u00f3n para tan granado honor.<\/p>\n<p>Adem\u00e1s, agreg\u00f3 el Intendente, \u201cen di\u00e1logo con estas comisiones, cre\u00edmos justo incorporar un espacio para la memoria y el recuerdo de aquellos que ya no est\u00e1n entre nosotros y que debieran tener esta distinci\u00f3n en su honor como una forma de decirles gracias. Es por ello que creamos el Jer\u00f3nimo In Memoriam\u201d.<\/p>\n<p>La comisi\u00f3n de notables, integrada por personalidades que ya han recibido la distinci\u00f3n, trabaj\u00f3 arduamente para sugerir candidatos para recibir la distinci\u00f3n Premios Jer\u00f3nimo Luis de Cabrera.<\/p>\n<p>Este a\u00f1o, los distinguidos fueron: Carlos N\u00e1\u00f1ez, Jos\u00e9 Falco, Alejandro Cohen, Hugo Pizzi, Cristina Gallardo y Marcelo L\u00f3pez, Juan Ratti, Luciano Nicora, Carlos Sagristani, Juan Cruz Komar, Cecilia Biagioli, Casa Petroff, Mar\u00eda Teresa Toniolo y Angel Rossi.<\/p>\n<p>Adem\u00e1s, durante 15 d\u00edas los vecinos de la ciudad participaron para elegir a los dos \u201cJer\u00f3nimo de la Gente 2021\u201d, en reconocimiento a personalidades y entidades que llevan adelante esfuerzos concretos por la comunidad, generalmente vinculados al servicio social y la solidaridad.<\/p>\n<p>En esta categor\u00eda, los elegidos por el voto popular fueron la Fundaci\u00f3n C\u00f3rdoba Voluntaria y Marysel Segovia.<\/p>\n<p>Tal como lo anticipara Llaryora, otro momento importante de la ceremonia fue la concreci\u00f3n de la primera entrega presencial de los premios \u201cJer\u00f3nimo In Memorian\u201d, establecido para distinguir a cordobeses cuyo legado sigue vigente pese a su desaparici\u00f3n f\u00edsica.<\/p>\n<p>La edici\u00f3n 2021 de esta categor\u00eda distingui\u00f3 Mario Pereyra, Osvaldo Arduh, Adriana Cheble y Gustavo Salemme, Quito Mariani y Paola Su\u00e1rez.<\/p>\n<p>Asimismo, Rub\u00e9n Am\u00e9rico Mart\u00ed y Jos\u00e9 Manuel de la Sota fueron los distinguidos el a\u00f1o pasado pero la entrega de la estatuilla a sus familiares se realiz\u00f3 hoy, ya que la pandemia impidi\u00f3 hacerlo el a\u00f1o pasado.<\/p>\n<p>Justamente fue el ex jefe Comunal de la ciudad quien instaur\u00f3 estos galardones que entregan desde el a\u00f1o 1992 y hasta la fecha ning\u00fan gobierno que le sucedi\u00f3 lo reconoci\u00f3 con un Jer\u00f3nimo.<\/p>\n<p>EL SIGUIENTE ES EL LISTADO COMPLETO CON LA DESCRIPCI\u00d3N DE CADA UNO DE LOS GALARDONADOS EN CADA CATEGOR\u00cdA<\/p>\n<p>Jer\u00f3nimo Luis de Cabrera 2021<\/p>\n<p>Jos\u00e9 Falco<\/p>\n<p>Vicedirector de una escuela ubicada en Barrio Marqu\u00e9s Anexo, una zona signada por la violencia urbana, en donde muchos j\u00f3venes han perdido la vida en diferentes situaciones. Fue uno de los impulsores de la Ley Provincial N\u00ba 10.150 de la Promoci\u00f3n de la Palabra y la No Violencia en el Espacio P\u00fablico.<\/p>\n<p>Alejandro Cohen<\/p>\n<p>Arquitecto y urbanista. Alejandro se desempe\u00f1a como docente universitario y adem\u00e1s fue el creador de \u201cEl Tipu\u201d, el taller de la Facultad de Arquitectura de la UNC que desde hace 20 a\u00f1os aporta ideas urban\u00edsticas para la ciudad. Como arquitecto, su obra m\u00e1s reconocida es el Centro Cultural C\u00f3rdoba.<\/p>\n<p>Hugo Pizzi<\/p>\n<p>M\u00e9dico infect\u00f3logo, epidemi\u00f3logo, Mag\u00edster en salud p\u00fablica y profesor en la Universidad Nacional de C\u00f3rdoba. Trabajador incansable de la salud, fue distinguido por la Legislatura, por su labor durante la pandemia.<\/p>\n<p>Cristina Gallardo y Marcelo L\u00f3pez. Revista \u201cDESTERRAD@S\u201d<\/p>\n<p>Desde el a\u00f1o 2010 a la fecha, con 66 n\u00fameros editados conforman un valioso y exhaustivo relevamiento cultural de la Provincia, en ediciones que se destacan por la gran calidad de material y contenido que exhiben.<\/p>\n<p>Juan Ratti<\/p>\n<p>Santafesino, radicado en C\u00f3rdoba. Juan es m\u00e9dico Psiquiatra y comunicador, con una trayectoria de m\u00e1s de 45 a\u00f1os en medios radiales y televisivos de C\u00f3rdoba. Desde la d\u00e9cada del \u201960 fue el presentador del programa \u201cMundo del Espect\u00e1culo\u201d.<\/p>\n<p>Luciano Nicora<\/p>\n<p>Cordob\u00e9s y emprendedor. Luciano es referente del ecosistema emprendedor y de la promoci\u00f3n de la cultura emprendedora en C\u00f3rdoba y Argentina, asumiendo el emprendedurismo como estilo de vida.<\/p>\n<p>Carlos Sagristani<\/p>\n<p>Con una larga trayectoria, dedic\u00f3 toda su vida a su profesi\u00f3n como periodista especializado en econom\u00eda y pol\u00edtica. Se desempe\u00f1\u00f3 como jefe de noticias en los medios m\u00e1s importantes de la ciudad.<\/p>\n<p>Juan Cruz Kommar<\/p>\n<p>Rosarino, jugador y capit\u00e1n de Talleres de C\u00f3rdoba. A pesar de su corta edad, su compromiso pol\u00edtico, su visi\u00f3n sobre el rol de los jugadores y las injusticias sociales lo destacan por sobre el resto. Desarrolla una fuerte tarea solidaria en Fundaci\u00f3n Igualar.<\/p>\n<p>Cecilia Biagioli<\/p>\n<p>Cecilia es una deportista cordobesa de estilo libre especialista en pruebas de fondo y m\u00faltiple recordista nacional. Con 39 medallas ganadas, es la nadadora que m\u00e1s podios logr\u00f3 en la historia del Campeonato Sudamericano de Nataci\u00f3n.<\/p>\n<p>Casa Petroff<\/p>\n<p>Ubicado en su emblem\u00e1tica esquina de Rivadavia y Catamarca, Casa Petroff es un negocio familiar que va por su tercera generaci\u00f3n. Casa Petroff, es un lugar que transporta en tiempo y espacio, atendido por sus propios due\u00f1os y sus entra\u00f1ables colaboradores.<\/p>\n<p>Mar\u00eda Teresa Toniolo<\/p>\n<p>Profesora especializada en socioling\u00fc\u00edstica. Llev\u00f3 adelante un estudio donde se descubrieron los mecanismos distintivos de los diversos registros del habla que existen en la provincia de C\u00f3rdoba.<\/p>\n<p>Angel Rossi<\/p>\n<p>Superior de la Residencia Mayor de la Compa\u00f1\u00eda de Jes\u00fas de C\u00f3rdoba. Complet\u00f3 su formaci\u00f3n en Ecuador y fue ordenado sacerdote el d\u00eda de la Virgen de Guadalupe de 1986. Desarroll\u00f3 distintas actividades en su vida religiosa, entre ellas la de conducir la Iglesia del Salvador en Buenos Aires.<\/p>\n<p>Carlos Jos\u00e8 \u00d1a\u00f1ez<\/p>\n<p>Arzobispo de la Arquidi\u00f3cesis de C\u00f3rdoba. Fue ordenado sacerdote el 17 de julio de 1971, y elegido obispo titular de Lete y auxiliar de C\u00f3rdoba el 12 de diciembre de 1990. Recibi\u00f3 la ordenaci\u00f3n episcopal el 24 de enero de 1991. Fue promovido a arzobispo coadjutor de Tucum\u00e1n el 20 de diciembre de 1995, asumi\u00f3 el 2 de febrero de 1996, luego fue trasladado a la arquidi\u00f3cesis de C\u00f3rdoba el 17 de noviembre de 1998, asumi\u00f3 el 12 de marzo de 1999. Realiz\u00f3 sus estudios primarios en el colegio Sarmiento de la Ciudad de C\u00f3rdoba y los secundarios en el Liceo Militar General Paz. Curs\u00f3 sus estudios eclesi\u00e1sticos en el Seminario Mayor de C\u00f3rdoba y en la Universidad Gregoriana de Roma, en donde obtuvo la Licencia en Teolog\u00eda. Fue ordenado sacerdote en la Parroquia Sant\u00edsimo Sacramento y San P\u00edo X de la ciudad de C\u00f3rdoba el 17 de julio de 1971, por el entonces Cardenal Ra\u00fal Francisco Primatesta. Fue capell\u00e1n auxiliar del Liceo Militar General Paz y luego capell\u00e1n del Colegio Nuestra Se\u00f1ora del Huerto de C\u00f3rdoba.<\/p>\n<p>Jer\u00f3nimo In Memorian<\/p>\n<p>Mario Pereyra<\/p>\n<p>Fiel a sus verdades, defensor de la Rep\u00fablica y de los valores democr\u00e1ticos. Hombre sin fatigas, creativo, y que am\u00f3 como nadie a la radio. El hist\u00f3rico director art\u00edstico de Cadena 3 y conductor de Juntos dej\u00f3 de existir a los 77 a\u00f1os, a causa del COVID19.<\/p>\n<p>Osvaldo Arduh<\/p>\n<p>Entrenador de dilatada trayectoria en el b\u00e1squetbol nacional, con varios ascensos en su poder. Falleci\u00f3 en 2020 luego de una complicaci\u00f3n pulmonar generada tras haber contra\u00eddo el virus COVID19.<\/p>\n<p>Adriana Cheble y Gustavo Salemme<\/p>\n<p>Adriana y Gustavo estaban casados y ten\u00edan 62 y 67 a\u00f1os respectivamente. Adem\u00e1s de tres hijos, compart\u00edan la vocaci\u00f3n y amor por el pr\u00f3jimo expresado en la medicina. Desde que inici\u00f3 la pandemia del COVID19 en nuestro pa\u00eds, se enfrascaron en una lucha constante para atender a los pacientes. Contrajeron la enfermedad y fallecieron con una semana de diferencia.<\/p>\n<p>Quito Mariani<\/p>\n<p>Referente social y religioso de los \u00faltimos 60 a\u00f1os en C\u00f3rdoba. Entre otros oficios, fue docente en colegios secundarios y un gran comunicador social. Adem\u00e1s, edit\u00f3 cinco libros de poemas y cuatro de reflexiones sobre diversos temas, y se destaca su autobiograf\u00eda titulada \u201cSin tapujos, la vida de un cura\u201d, donde destaca los momentos m\u00e1s relevantes de su vida.<\/p>\n<p>Paola Suarez<\/p>\n<p>Licenciada en Comunicaci\u00f3n Social y m\u00e1ster en Direcci\u00f3n de la Empresa Audiovisual. Fue creadora de la serie policial \u201cLa chica que limpia\u201d con la cual cosech\u00f3 un reconocimiento internacional. Tuvo un aporte fundamental en la creaci\u00f3n del Polo Audiovisual de C\u00f3rdoba, siendo una pieza clave en el proceso de discusi\u00f3n, redacci\u00f3n y elaboraci\u00f3n de la Ley 10.381 que le dio origen. Adem\u00e1s, a lo largo de su trayectoria fund\u00f3 varias empresas, En la actualidad era referencia de Jaque Content, productora que cre\u00f3 luego de a\u00f1os de recorrido por mercados internacionales y de promoci\u00f3n de contenidos locales. Falleci\u00f3 en 2021 a los 41 a\u00f1os de edad.<\/p>\n<p>Jer\u00f3nimo de la Gente 2021<\/p>\n<p>Los cinco postulantes seleccionados para esta edici\u00f3n fueron: Comparsa Alberdi, hist\u00f3rica organizaci\u00f3n barrial que une expresiones culturales de fuerte raigambre popular y barrial; Asociaci\u00f3n Civil Comedor Comunitario T\u00eda Kusi, que con su comedor comunitario le brinda merienda y cena a cientos de ni\u00f1os y ni\u00f1as de barrio La Toma; Hugo Qui\u00f1ones, conductor de programa radial en FM providencia del Cottolengo Don Orione; Comedor San Roque, que atienden enfermedades a personas en situaci\u00f3n de calle; Fundaci\u00f3n C\u00f3rdoba Voluntaria, que promueve y desarrolla programas de ayuda donde atienden diferentes problemas como el desempleo, carencias alimenticias o de salud; y Marysel Segovia, que trabaja por los Derechos del Ni\u00f1o, ni\u00f1a y adolescente y en Pol\u00edticas Sociales referidas a las infancias.<\/p>\n<p>Los elegidos por el voto popular fueron: Fundaci\u00f3n C\u00f3rdoba Voluntaria y Marysel Segovia<\/p>\n","protected":false},"excerpt":{"rendered":"<p>* El intendente Mart\u00edn Llaryora encabez\u00f3 la ceremonia, realizada en el Teatro del Libertador General San Mart\u00edn. La Municipalidad de C\u00f3rdoba llev\u00f3 adelante la 30\u00b0 edici\u00f3n de los Premio Jer\u00f3nimo Luis de Cabrera, en una ceremonia cargada de emotividad por cumplirse tres d\u00e9cadas de su implementaci\u00f3n y, al mismo tiempo, por marcar el regreso del [&hellip;]<\/p>\n","protected":false},"author":1,"featured_media":23936,"comment_status":"closed","ping_status":"closed","sticky":false,"template":"","format":"standard","meta":[],"categories":[44],"tags":[],"_links":{"self":[{"href":"http:\/\/cordobadirecto.com\/index.php\/wp-json\/wp\/v2\/posts\/23935"}],"collection":[{"href":"http:\/\/cordobadirecto.com\/index.php\/wp-json\/wp\/v2\/posts"}],"about":[{"href":"http:\/\/cordobadirecto.com\/index.php\/wp-json\/wp\/v2\/types\/post"}],"author":[{"embeddable":true,"href":"http:\/\/cordobadirecto.com\/index.php\/wp-json\/wp\/v2\/users\/1"}],"replies":[{"embeddable":true,"href":"http:\/\/cordobadirecto.com\/index.php\/wp-json\/wp\/v2\/comments?post=23935"}],"version-history":[{"count":0,"href":"http:\/\/cordobadirecto.com\/index.php\/wp-json\/wp\/v2\/posts\/23935\/revisions"}],"wp:featuredmedia":[{"embeddable":true,"href":"http:\/\/cordobadirecto.com\/index.php\/wp-json\/wp\/v2\/media\/23936"}],"wp:attachment":[{"href":"http:\/\/cordobadirecto.com\/index.php\/wp-json\/wp\/v2\/media?parent=23935"}],"wp:term":[{"taxonomy":"category","embeddable":true,"href":"http:\/\/cordobadirecto.com\/index.php\/wp-json\/wp\/v2\/categories?post=23935"},{"taxonomy":"post_tag","embeddable":true,"href":"http:\/\/cordobadirecto.com\/index.php\/wp-json\/wp\/v2\/tags?post=23935"}],"curies":[{"name":"wp","href":"https:\/\/api.w.org\/{rel}","templated":true}]}}