{"id":23937,"date":"2021-10-18T19:44:53","date_gmt":"2021-10-18T19:44:53","guid":{"rendered":"https:\/\/cordoba.gob.ar\/?p=14763"},"modified":"2021-10-18T19:44:53","modified_gmt":"2021-10-18T19:44:53","slug":"se-reparan-las-bocacalles-de-la-canada-con-hormigon","status":"publish","type":"post","link":"http:\/\/cordobadirecto.com\/index.php\/2021\/10\/18\/se-reparan-las-bocacalles-de-la-canada-con-hormigon\/","title":{"rendered":"Se reparan las bocacalles de la Ca\u00f1ada con hormig\u00f3n"},"content":{"rendered":"<div><img src=\"http:\/\/cordobadirecto.com\/wp-content\/uploads\/2021\/10\/se-reparan-las-bocacalles-de-la-canada-con-hormigon.jpg\" class=\"ff-og-image-inserted\"><\/div>\n<ul>\n<li><strong>Las tareas se concentran en la esquina con Fructuoso Rivera mano hacia el centro.<\/strong><\/li>\n<\/ul>\n<hr>\n<p>Con el objetivo de mejorar la transitabilidad y circulaci\u00f3n vehicular en el \u00e1rea central, la Municipalidad de C\u00f3rdoba avanza en la rehabilitaci\u00f3n con material de hormig\u00f3n en las bocacalles de La Ca\u00f1ada.<\/p>\n<p>La acci\u00f3n, adem\u00e1s, optimizar\u00e1 el curso de agua superficial hacia desag\u00fces pluviales ante el acontecimiento de precipitaciones.<\/p>\n<p>Las cuadrillas actualmente se encuentran hormigonando la esquina con Fructuoso Rivera, en direcci\u00f3n hacia el centro.<\/p>\n<p>Con anterioridad, se recuper\u00f3 la intersecci\u00f3n de Francisco N. de Laprida y pr\u00f3ximamente iniciar\u00e1n las tareas en los nexos con Ach\u00e1val Rodr\u00edguez y Av. Pueyrred\u00f3n.<\/p>\n<p>A su vez, se repararon pa\u00f1os intermedios que se encontraban altamente deteriorados en Marcelo T. de Alvear entre Francisco N. de Laprida y Av. Pueyrred\u00f3n.<\/p>\n","protected":false},"excerpt":{"rendered":"<p>Las tareas se concentran en la esquina con Fructuoso Rivera mano hacia el centro. Con el objetivo de mejorar la transitabilidad y circulaci\u00f3n vehicular en el \u00e1rea central, la Municipalidad de C\u00f3rdoba avanza en la rehabilitaci\u00f3n con material de hormig\u00f3n en las bocacalles de La Ca\u00f1ada. La acci\u00f3n, adem\u00e1s, optimizar\u00e1 el curso de agua superficial [&hellip;]<\/p>\n","protected":false},"author":1,"featured_media":23938,"comment_status":"closed","ping_status":"closed","sticky":false,"template":"","format":"standard","meta":[],"categories":[44],"tags":[],"_links":{"self":[{"href":"http:\/\/cordobadirecto.com\/index.php\/wp-json\/wp\/v2\/posts\/23937"}],"collection":[{"href":"http:\/\/cordobadirecto.com\/index.php\/wp-json\/wp\/v2\/posts"}],"about":[{"href":"http:\/\/cordobadirecto.com\/index.php\/wp-json\/wp\/v2\/types\/post"}],"author":[{"embeddable":true,"href":"http:\/\/cordobadirecto.com\/index.php\/wp-json\/wp\/v2\/users\/1"}],"replies":[{"embeddable":true,"href":"http:\/\/cordobadirecto.com\/index.php\/wp-json\/wp\/v2\/comments?post=23937"}],"version-history":[{"count":0,"href":"http:\/\/cordobadirecto.com\/index.php\/wp-json\/wp\/v2\/posts\/23937\/revisions"}],"wp:featuredmedia":[{"embeddable":true,"href":"http:\/\/cordobadirecto.com\/index.php\/wp-json\/wp\/v2\/media\/23938"}],"wp:attachment":[{"href":"http:\/\/cordobadirecto.com\/index.php\/wp-json\/wp\/v2\/media?parent=23937"}],"wp:term":[{"taxonomy":"category","embeddable":true,"href":"http:\/\/cordobadirecto.com\/index.php\/wp-json\/wp\/v2\/categories?post=23937"},{"taxonomy":"post_tag","embeddable":true,"href":"http:\/\/cordobadirecto.com\/index.php\/wp-json\/wp\/v2\/tags?post=23937"}],"curies":[{"name":"wp","href":"https:\/\/api.w.org\/{rel}","templated":true}]}}