{"id":23939,"date":"2021-10-19T09:02:53","date_gmt":"2021-10-19T09:02:53","guid":{"rendered":"https:\/\/puntoapunto.com.ar\/?p=317570"},"modified":"2021-10-19T09:02:53","modified_gmt":"2021-10-19T09:02:53","slug":"anticipan-un-primer-trimestre-caliente-por-actualizacion-de-precios","status":"publish","type":"post","link":"http:\/\/cordobadirecto.com\/index.php\/2021\/10\/19\/anticipan-un-primer-trimestre-caliente-por-actualizacion-de-precios\/","title":{"rendered":"Anticipan un primer trimestre \u201ccaliente\u201d por actualizaci\u00f3n de precios"},"content":{"rendered":"<p>Comienza una semana clave para saber qu\u00e9 tono tendr\u00e1 la principal iniciativa de Roberto Feletti, el flamante secretario de Comercio Interior de la Naci\u00f3n. La<strong> intenci\u00f3n de congelar los precios de 1.247 productos<\/strong>, la mayor\u00eda alimenticios y <strong>muchos de la canasta b\u00e1sica<\/strong>, fue presentada d\u00edas atr\u00e1s antes referentes de las empresas fabricantes y los canales de comercializaci\u00f3n. Pero las dudas y resistencias comenzaron a brotar, a tal punto, que el viernes por la ma\u00f1ana el propio Feletti tuvo que salir a ajustar su discurso y remarcar que el consenso es un camino, pero no ser\u00e1 el \u00fanico para avanzar con ese programa de congelamientos.<\/p>\n<p>\u201c<strong>Por ahora hay resistencias en los productores. Estamos negociando. <\/strong>Se rompe el equilibrio social de la Argentina. <strong>La canasta alimentaria se lleva puesto al salario, no aguanta ni la paritaria<\/strong>\u201d, subray\u00f3, en declaraciones radiales.<\/p>\n<p>Y detall\u00f3 que los instrumentos a aplicar ser\u00e1n la<strong> Ley de Abastecimiento<\/strong> y \u201cpol\u00edticas de precios m\u00e1ximos no consensuadas\u201d. El refuerzo discursivo para avanzar con ese programa lleg\u00f3 a pocas horas de conocerse el dato de la inflaci\u00f3n de septiembre, que rompi\u00f3 la tendencia decreciente de los \u00faltimos meses, marc\u00f3 una<a href=\"https:\/\/puntoapunto.com.ar\/tras-cinco-meses-de-baja-la-inflacion-repunto-en-septiembre-y-cerro-en-35\/\" target=\"_blank\" rel=\"noopener\"> <strong>suba del 3,5%<\/strong><\/a> respecto del mes anterior, un acumulado del<strong> 37% en 9 meses y un incremento interanual del 52,5%.<\/strong><\/p>\n<h5><strong>\u00bfAlcanza el Frozen de precios?<\/strong><\/h5>\n<p>Aqu\u00ed parece radicar el gran desaf\u00edo de este tipo de programas, que registran numerosos antecedentes a lo largo de los \u00faltimos 50 a\u00f1os.<\/p>\n<p>El programa de congelamiento que busca imponer Feletti plantea <strong>retrotraer los precios a las referencias del primero de octubre y mantenerlos fijos hasta el 7 de enero de 2022<\/strong>. Se busca contener la suba de precios para esos \u00edtems en meses que son especialmente sensibles a la din\u00e1mica de subas, seg\u00fan lo que se vi\u00f3 en los \u00faltimos a\u00f1os.<\/p>\n<p>Sin pensar en un nuevo salto en la aceleraci\u00f3n para los pr\u00f3ximos meses, y mirando la din\u00e1mica de precios que se dio en C\u00f3rdoba, el desaf\u00edo que supone decretar el fin de esos aumentos no es menor. El Departamento de Estad\u00edsticas y Censos de la Provincia relev\u00f3 para septiembre una suba general del 3,05% impulsada por un alza en \u201cEsparcimiento\u201d del 6%, por \u201cIndumentaria y calzado\u201d, del 5,57% y por \u201cSalud\u201d, del 4,31%. <strong>El rubro \u201cAlimentos y bebidas\u201d, donde pone foco Feletti es uno de los que m\u00e1s aumento interanual muestra en C\u00f3rdoba: 60,25%<\/strong>. Si se repite el rango de aumentos que mostr\u00f3 septiembre, el incremento esperable ser\u00eda de 10 puntos.<\/p>\n<p>Las cr\u00edticas y dudas sobre el \u00e9xito del <strong>\u201cFeletti program\u201d<\/strong>, aun suponiendo un horizonte en que se aplica una pol\u00edtica amplia y consensuada, son muchas y surgen d\u00eda a d\u00eda. El economista <strong>Juan Carlos de Pablo<\/strong> se\u00f1al\u00f3 en declaraciones a la prensa que el equipo de funcionarios de Econom\u00eda \u201ces poes\u00eda\u201d y que medidas como las presentadas son la puerta de acceso para un nuevo rebote desestabilizador de las variables como implic\u00f3 el Rodrigazo.<\/p>\n<p>No es el \u00fanico que est\u00e1 advirtiendo de los efectos colaterales y el coletazo que puede venir cuando se tenga que desmantelar el congelamiento de alimentos, naftas, precios relativos, a la vez que se no frena la m\u00e1quina de emitir pesos.<\/p>\n<p>\u201c<strong>Cuando hay una inflaci\u00f3n muy motorizada por la emisi\u00f3n monetaria y la falta de confianza y el gobierno lo \u00fanico que hace es seguir emitiendo pesos, vas a seguir teniendo presi\u00f3n de precios en todos los sectores econ\u00f3micos, en los alimentos, en las prendas de vestir, en los combustibles, en todos los sectores vas a seguir con esa presi\u00f3n<\/strong>\u201d, dice el economista<strong> David Miazzo<\/strong>, de la Fundaci\u00f3n Agropecuaria para el Desarrollo de la Argentina (Fada).<\/p>\n<p>\u201cCon esa cuesti\u00f3n de fondo no hay nada que sea sustentable, que pueda frenar la suba de precios en el mediano plazo. La moneda sigue perdiendo valor y los precios siguen aumentando. Este gobierno y otros anteriores, en estas circunstancias inflacionarias implementan alg\u00fan tipo de medidas como el congelamiento de precios y otras medidas, que se toman en base a cierta presi\u00f3n a las empresas privadas, las empresas privadas como necesitan tener una buena relaci\u00f3n con el gobierno porque son empresas muy grandes, que necesitan importar, exportar terminan cediendo, pero terminan cediendo con algunos productos. Cada una de las empresas ofrece algunos pocos de sus productos para que el gobierno pueda anunciar esa medida y en realidad termina afectando a una porci\u00f3n muy chica de todo el consumo o de los sectores que se buscan congelar. Eso hace que el impacto sobre el consumo sea bastante bajo porque su oferta es limitada, termina tendiendo m\u00e1s un efecto de referencia de precios, de anclar algunos precios que uno ve en la g\u00f3ndola para que tenga referencia sobre el resto que un impacto sobre el bolsillo. Pero, de nuevo, tienen poco impacto con una inflaci\u00f3n acelerada por la emisi\u00f3n del gobierno\u201d, remarca Miazzo.<\/p>\n<h5><strong>-En concreto, no atienen los aspectos de fondo de la din\u00e1mica inflacionaria.<\/strong><\/h5>\n<p>-Exacto. Y despu\u00e9s, lo que se ha visto con programas como Precios Cuidados, que tienen varios a\u00f1os de vigencia, es que en el mediano plazo, en algunos meses, al gobierno no le queda otra que acordar aumentos de precios para los productos que estaban en esos programas y se termina equiparando a la inflaci\u00f3n. A esos precios hay que actualizarlos y se actualizan con la pauta de la inflaci\u00f3n que pas\u00f3. Entonces, son programas de bajo impacto que cumplen una funci\u00f3n m\u00e1s bien comunicacional.<\/p>\n<h5><strong>Trimestre caliente<\/strong><\/h5>\n<p>Para Miazzo hay varios elementos en consideraci\u00f3n para pensar un primer trimestre del 2022 complicado en t\u00e9rminos de evoluci\u00f3n de precios. Por un lado, porque se van a tener que actualizar todos los precios que se est\u00e1n congelando ahora. Y por el otro, porque tambi\u00e9n est\u00e1 pendiente una actualizaci\u00f3n del valor de la nafta, una referencia clave, que lleva 5 meses congelada ante un incremento del precio del petr\u00f3leo del 25% en d\u00f3lares durante el mismo per\u00edodo. Y finalmente, habr\u00e1 que calcular el impacto final de la emisi\u00f3n monetaria que est\u00e1 ejecutando el gobierno.<\/p>\n<p>\u201cTodo eso va a impactar muy probablemente en los primeros meses del a\u00f1o que viene. El primer trimestre del a\u00f1o que viene tengo miedo que tengamos una inflaci\u00f3n bastante caliente, porque todo lo que se hizo estos meses, patear aumentos, imprimir pesos, tienen cierto resabio, pero va a impactar\u201d.<\/p>\n<p>El an\u00e1lisis de Miazzo se completa con un plano discursivo: \u201ca estos programas de congelamiento de precios, yo les llamar\u00eda programas de postergaci\u00f3n de aumentos de precios, porque en la realidad, lo que pasa es eso, cuando congelas precios de alimentos, combustibles, servicios p\u00fablicos, se postergan los aumentos. No hay magia en una econom\u00eda inflacionaria, solo se patean hacia adelante los aumentos\u201d.<\/p>\n<div class=\"saboxplugin-wrap\" itemtype=\"http:\/\/schema.org\/Person\" itemscope itemprop=\"author\">\n<div class=\"saboxplugin-tab\">\n<div class=\"saboxplugin-gravatar\"><img loading=\"lazy\" src=\"http:\/\/cordobadirecto.com\/wp-content\/uploads\/2021\/10\/anticipan-un-primer-trimestre-caliente-por-actualizacion-de-precios.jpg\" width=\"100\" height=\"100\" alt itemprop=\"image\"><\/div>\n<div class=\"saboxplugin-desc\" readability=\"8\">\n<div itemprop=\"description\" readability=\"11\">\n<p>Lic. Jos\u00e9 Busaniche \/ TW: @josebusaniche<br \/>Redacci\u00f3n Revista Punto a Punto<br \/>(351) 6064291<br \/>Complejo Barranquitas, Jos\u00e9 Roque Funes 1145, Cerro de las Rosas, C\u00f3rdoba CP 5009.<\/p>\n<\/div>\n<\/div>\n<\/div>\n<\/div>\n","protected":false},"excerpt":{"rendered":"<p>Comienza una semana clave para saber qu\u00e9 tono tendr\u00e1 la principal iniciativa de Roberto Feletti, el flamante secretario de Comercio Interior de la Naci\u00f3n. La intenci\u00f3n de congelar los precios de 1.247 productos, la mayor\u00eda alimenticios y muchos de la canasta b\u00e1sica, fue presentada d\u00edas atr\u00e1s antes referentes de las empresas fabricantes y los canales [&hellip;]<\/p>\n","protected":false},"author":1,"featured_media":23940,"comment_status":"closed","ping_status":"closed","sticky":false,"template":"","format":"standard","meta":[],"categories":[25],"tags":[],"_links":{"self":[{"href":"http:\/\/cordobadirecto.com\/index.php\/wp-json\/wp\/v2\/posts\/23939"}],"collection":[{"href":"http:\/\/cordobadirecto.com\/index.php\/wp-json\/wp\/v2\/posts"}],"about":[{"href":"http:\/\/cordobadirecto.com\/index.php\/wp-json\/wp\/v2\/types\/post"}],"author":[{"embeddable":true,"href":"http:\/\/cordobadirecto.com\/index.php\/wp-json\/wp\/v2\/users\/1"}],"replies":[{"embeddable":true,"href":"http:\/\/cordobadirecto.com\/index.php\/wp-json\/wp\/v2\/comments?post=23939"}],"version-history":[{"count":0,"href":"http:\/\/cordobadirecto.com\/index.php\/wp-json\/wp\/v2\/posts\/23939\/revisions"}],"wp:featuredmedia":[{"embeddable":true,"href":"http:\/\/cordobadirecto.com\/index.php\/wp-json\/wp\/v2\/media\/23940"}],"wp:attachment":[{"href":"http:\/\/cordobadirecto.com\/index.php\/wp-json\/wp\/v2\/media?parent=23939"}],"wp:term":[{"taxonomy":"category","embeddable":true,"href":"http:\/\/cordobadirecto.com\/index.php\/wp-json\/wp\/v2\/categories?post=23939"},{"taxonomy":"post_tag","embeddable":true,"href":"http:\/\/cordobadirecto.com\/index.php\/wp-json\/wp\/v2\/tags?post=23939"}],"curies":[{"name":"wp","href":"https:\/\/api.w.org\/{rel}","templated":true}]}}