{"id":23951,"date":"2021-10-19T18:26:12","date_gmt":"2021-10-19T18:26:12","guid":{"rendered":"https:\/\/cordoba.gob.ar\/?p=14872"},"modified":"2021-10-19T18:26:12","modified_gmt":"2021-10-19T18:26:12","slug":"cordoba-recibe-mas-de-3-millones-de-euros-para-inversiones-en-el-area-central","status":"publish","type":"post","link":"http:\/\/cordobadirecto.com\/index.php\/2021\/10\/19\/cordoba-recibe-mas-de-3-millones-de-euros-para-inversiones-en-el-area-central\/","title":{"rendered":"C\u00f3rdoba recibe m\u00e1s de 3 millones de Euros para inversiones en el \u00c1rea Central"},"content":{"rendered":"<div><img src=\"http:\/\/cordobadirecto.com\/wp-content\/uploads\/2021\/10\/cordoba-recibe-mas-de-3-millones-de-euros-para-inversiones-en-el-area-central.jpg\" class=\"ff-og-image-inserted\"><\/div>\n<ul>\n<li><strong>Se trata del proyecto \u201cC\u00f3rdoba Respira\u201d, financiado por la Uni\u00f3n Europea. Los fondos permitir\u00e1n profundizar la recuperaci\u00f3n del valor hist\u00f3rico, patrimonial y paisaj\u00edstico del \u00c1rea Central.<\/strong><\/li>\n<li><strong>La inversi\u00f3n busca hacer de C\u00f3rdoba una ciudad saludable, inclusiva, resiliente y sostenible.<\/strong><\/li>\n<li><strong>Ya se realiz\u00f3 el primer desembolso de 1.100.000 Euros.<\/strong><\/li>\n<\/ul>\n<hr>\n<p>En Cabildo Hist\u00f3rico de la ciudad, el intendente Mart\u00edn Llaryora present\u00f3 el proyecto \u201cRespira C\u00f3rdoba\u201d, una iniciativa que cuenta con el apoyo econ\u00f3mico de 3.157.895 Euros de la Uni\u00f3n Europea (UE) y la Alcald\u00eda de C\u00f3rdoba (Espa\u00f1a), que reafirma las actuales pol\u00edticas p\u00fablicas para hacer de C\u00f3rdoba una ciudad saludable, inclusiva, resiliente y sostenible.<\/p>\n<p>Se trata de una acci\u00f3n de cooperaci\u00f3n internacional impulsada por la Municipalidad de C\u00f3rdoba que se focalizar\u00e1 en ecologizar, recuperar el valor hist\u00f3rico, patrimonial y paisaj\u00edstico del \u00c1rea Central, teniendo a toda la ciudad como su \u00e1rea de alcance general.<\/p>\n<p><em>\u201cDesde el inicio de la gesti\u00f3n tenemos una pol\u00edtica de una ciudad sostenible y sustentable, lo que nos ha llevado a liderar en materia de Econom\u00eda Circular. Desde el plano de desarrollo urbano, toda obra que estamos realizando en la ciudad, como las supermanzanas, la recuperaci\u00f3n del r\u00edo y nuestros parques y plazas, tiene un concepto ambiental, lo que refuerza tambi\u00e9n el \u00e1rea tur\u00edstica y cultural\u201d<\/em>, expres\u00f3 Llaryora durante el discurso de presentaci\u00f3n de la iniciativa.<\/p>\n<p><em>\u201cNos animamos a que C\u00f3rdoba lidere las cuatro C, una posici\u00f3n en el desarrollo econ\u00f3mico y humano de nuestra ciudad, vinculada a cuatro nuevas econom\u00edas: Circular, Conocimiento, Creativa y Comunitaria\u201d<\/em>, expres\u00f3 el intendente, valorando el impacto del proyecto que recibir\u00e1 3 millones de euros de parte de la Uni\u00f3n Europea y tendr\u00e1 un plazo de ejecuci\u00f3n de dos a\u00f1os.<\/p>\n<p>La zona principal de acci\u00f3n est\u00e1 delimitada por la Estaci\u00f3n Terminal de \u00d3mnibus al este, el Bv. Illia-Bv. San Juan al sur, el R\u00edo Suqu\u00eda al norte y Av. Avellaneda \u2013 calle San Jos\u00e9 de Calasanz.<\/p>\n<p><em>\u201cEste compromiso de luchar contra el cambio clim\u00e1tico pasa por la acci\u00f3n a nivel local y cada vez m\u00e1s, de la mano de las autoridades subnacionales, los municipios somos actores claves por la cercan\u00eda a sus ciudadanos. Por ello la Uni\u00f3n Europea se comprometi\u00f3 a realizar esta importante inversi\u00f3n en C\u00f3rdoba. Estos proyectos son ejemplos de cooperaci\u00f3n entre la UE y provincias vanguardistas y ambiciosas, como es C\u00f3rdoba, y esperamos seguir trabajando con este Municipio\u201d,<\/em> declar\u00f3 el embajador de la Uni\u00f3n Europea en Argentina, Amador S\u00e1nchez Rico,<\/p>\n<p>\u201cRespira C\u00f3rdoba\u201d es un proyecto que cont\u00f3 con todas las \u00e1reas del Municipio, <em>\u201ctrabajando en conjunto con los representantes de las instituciones religiosas, comerciales, habitantes del \u00c1rea Central, pudimos so\u00f1ar c\u00f3mo queremos ver nuestra C\u00f3rdoba del ma\u00f1ana\u201d<\/em>, valor\u00f3 Alejandra Torres, Secretar\u00eda de Planeamiento, Modernizaci\u00f3n y Relaciones Internacionales, \u00e1rea del municipio impulsora de la planificaci\u00f3n.<\/p>\n<p>La medida tiene cuatro ejes principales: El fortalecimiento de las capacidades institucionales del sector p\u00fablico municipal para una gesti\u00f3n urbana sostenible con enfoque participativo; la readecuaci\u00f3n del espacio del \u00c1rea Central con m\u00e1s oferta de recorridos culturales accesibles, un patrimonio f\u00edsico protegido y puesto en valor; la mejora de la capacidad de la ciudad de C\u00f3rdoba para dise\u00f1ar e implementar estrategias urbanas sostenibles; la aplicaci\u00f3n de los principios de la econom\u00eda circular en la dinamizaci\u00f3n del \u00c1rea Central.<\/p>\n<p><em>\u201cNosotros entendemos que es fundamental trabajar conjuntamente con otros municipios para conseguir una mejor calidad de vida para los ciudadanos. Tenemos que pensar en el futuro, pensar en nuestros hijos y tenemos que dejarles un mundo lo mejor posible, un mundo sostenible, donde los ni\u00f1os est\u00e9n educados para la seguridad, para respetar el medio ambiente. Tenemos que sentir orgullo de las cosas buenas que hacemos conjuntamente\u201d<\/em>, fundament\u00f3 Isabel Albas, Teniente Alcalde de C\u00f3rdoba, Espa\u00f1a.<\/p>\n<p>Durante el acto estuvieron presentes Embajador de la Uni\u00f3n Europea en Argentina, Amador S\u00e1nchez Rico; la Teniente Alcalde de C\u00f3rdoba (Espa\u00f1a), Isabel Albas; el Subsecretario de Asuntos Nacionales del Ministerio de Relaciones Exteriores, Comercio Internacional y Culto de la Rep\u00fablica Argentina, Fernando Rodrigo Asencio; la Secretaria de Planeamiento, Modernizaci\u00f3n y Relaciones Internacionales, Alejandra Torres; entre otras autoridades municipales, provinciales y asistentes de distintas organizaciones.<\/p>\n<p>C\u00d3MO AVANZAR\u00c1 EL PROYECTO<\/p>\n<p>Los trabajos comenzar\u00e1n con la elaboraci\u00f3n de un Plan de Recuperaci\u00f3n Integral del \u00c1rea Central (PRIAC), que se implementar\u00e1 mediante equipos inter \u00e1reas municipales, junto a los aportes de la sociedad civil. La idea es la puesta en valor del territorio desde la gobernanza urbana.<\/p>\n<p>La puesta en marcha de intervenciones plasmadas en el PRIAC implica acciones de reparaci\u00f3n, refuncionalizaci\u00f3n, puesta en valor de los espacios verdes y monumentos. Adem\u00e1s de nuevos recorridos tur\u00edsticos, culturales y gastron\u00f3micos adaptados a personas con discapacidad y la incorporaci\u00f3n de superficies verdes en espacios p\u00fablicos como terrazas y muros.<\/p>\n<p>A la par se plantea la ejecuci\u00f3n de una campa\u00f1a de comunicaci\u00f3n y sensibilizaci\u00f3n sobre la ciudad como patrimonio, apuntando a la preservaci\u00f3n y cuidado social del espacio p\u00fablico intervenido.<\/p>\n<p>Otro de los aspectos importantes del proyecto es el desarrollo de protocolos de recolecci\u00f3n, monitoreo y medici\u00f3n de datos sobre la calidad del aire y del agua. Para ellos se busca fortalecer las capacidades t\u00e9cnicas del Observatorio Ambiental Municipal y mejorar su equipamiento e infraestructura edilicia, que ayudan al dictado de recomendaciones y estrategias de pol\u00edticas urbanas sostenibles.<\/p>\n<p>Finalmente, el cuarto componente apunta a promover la econom\u00eda circular mediante acciones de puesta en marcha de nuevos circuitos de reutilizaci\u00f3n y reciclaje de residuos s\u00f3lidos urbanos. Tambi\u00e9n se dotar\u00e1 de equipamiento y mejora del Centro Verde del \u00c1rea Central, fortalecimiento las capacidades de asociativismo y gesti\u00f3n de los recuperadores urbanos del lugar. En ese sentido se prev\u00e9n asimismo otorgar incentivos para los emprendimientos de econom\u00eda circular.<\/p>\n<p>Para conocer m\u00e1s acerca del proyecto, se accede ingresando al siguiente documento: <a href=\"https:\/\/cordoba.gob.ar\/wp-content\/uploads\/2021\/10\/PRESENTACI\u00d3N-LANZAMIENTO.pptx\">PRESENTACI\u00d3N LANZAMIENTO<\/a><\/p>\n","protected":false},"excerpt":{"rendered":"<p>Se trata del proyecto \u201cC\u00f3rdoba Respira\u201d, financiado por la Uni\u00f3n Europea. Los fondos permitir\u00e1n profundizar la recuperaci\u00f3n del valor hist\u00f3rico, patrimonial y paisaj\u00edstico del \u00c1rea Central. La inversi\u00f3n busca hacer de C\u00f3rdoba una ciudad saludable, inclusiva, resiliente y sostenible. Ya se realiz\u00f3 el primer desembolso de 1.100.000 Euros. En Cabildo Hist\u00f3rico de la ciudad, el [&hellip;]<\/p>\n","protected":false},"author":1,"featured_media":23952,"comment_status":"closed","ping_status":"closed","sticky":false,"template":"","format":"standard","meta":[],"categories":[44],"tags":[],"_links":{"self":[{"href":"http:\/\/cordobadirecto.com\/index.php\/wp-json\/wp\/v2\/posts\/23951"}],"collection":[{"href":"http:\/\/cordobadirecto.com\/index.php\/wp-json\/wp\/v2\/posts"}],"about":[{"href":"http:\/\/cordobadirecto.com\/index.php\/wp-json\/wp\/v2\/types\/post"}],"author":[{"embeddable":true,"href":"http:\/\/cordobadirecto.com\/index.php\/wp-json\/wp\/v2\/users\/1"}],"replies":[{"embeddable":true,"href":"http:\/\/cordobadirecto.com\/index.php\/wp-json\/wp\/v2\/comments?post=23951"}],"version-history":[{"count":0,"href":"http:\/\/cordobadirecto.com\/index.php\/wp-json\/wp\/v2\/posts\/23951\/revisions"}],"wp:featuredmedia":[{"embeddable":true,"href":"http:\/\/cordobadirecto.com\/index.php\/wp-json\/wp\/v2\/media\/23952"}],"wp:attachment":[{"href":"http:\/\/cordobadirecto.com\/index.php\/wp-json\/wp\/v2\/media?parent=23951"}],"wp:term":[{"taxonomy":"category","embeddable":true,"href":"http:\/\/cordobadirecto.com\/index.php\/wp-json\/wp\/v2\/categories?post=23951"},{"taxonomy":"post_tag","embeddable":true,"href":"http:\/\/cordobadirecto.com\/index.php\/wp-json\/wp\/v2\/tags?post=23951"}],"curies":[{"name":"wp","href":"https:\/\/api.w.org\/{rel}","templated":true}]}}