{"id":2397,"date":"2021-02-28T17:18:00","date_gmt":"2021-02-28T17:18:00","guid":{"rendered":"https:\/\/lmdiario.com.ar\/contenido\/276658\/verano-2021-mas-de-12-millones-de-personas-se-movilizaron-por-todo-el-pais"},"modified":"2021-02-28T17:18:00","modified_gmt":"2021-02-28T17:18:00","slug":"verano-2021-mas-de-12-millones-de-personas-se-movilizaron-por-el-pais","status":"publish","type":"post","link":"http:\/\/cordobadirecto.com\/index.php\/2021\/02\/28\/verano-2021-mas-de-12-millones-de-personas-se-movilizaron-por-el-pais\/","title":{"rendered":"Verano 2021: m\u00e1s de 12 millones de personas se movilizaron por el pa\u00eds"},"content":{"rendered":"<div readability=\"33\"> <img alt=\"Turismo Cordoba @gobdecordoba\" class=\"img-responsive\" height=\"642\" loading=\"lazy\" sizes=\"auto\" src=\"http:\/\/cordobadirecto.com\/wp-content\/uploads\/2021\/03\/verano-2021-mas-de-12-millones-de-personas-se-movilizaron-por-el-pais.jpg\" srcset=\"http:\/\/cordobadirecto.com\/wp-content\/uploads\/2021\/03\/verano-2021-mas-de-12-millones-de-personas-se-movilizaron-por-el-pais.jpg 1024w, http:\/\/cordobadirecto.com\/wp-content\/uploads\/2021\/03\/verano-2021-mas-de-12-millones-de-personas-se-movilizaron-por-el-pais-1.jpg 400w\" width=\"1024\"> <\/p>\n<p> <span>C\u00f3rdoba fue una de las provincias m\u00e1s elegidas por los turistas de todo el pa\u00eds.<\/span> <span>Foto: Gobierno de C\u00f3rdoba.<\/span> <\/p>\n<\/p><\/div>\n<div readability=\"80.557540725171\">\n<p><strong>M\u00e1s de 12 de millones de personas se movilizaron por los destinos de todo el pa\u00eds desde el inicio de la temporada.<\/strong> Seg\u00fan estad\u00edsticas oficiales, <strong>el Partido de la Costa, Mar del Plata, Villa Gesell, Villa Carlos Paz, Pinamar, Bariloche, Monte Hermoso, Miramar, San Mart\u00edn de los Andes, C\u00f3rdoba, Salta, Necochea, Merlo y Gualeguaych\u00fa tuvieron el mayor caudal tur\u00edstico<\/strong>.<\/p>\n<p>A su vez, <strong>el 75% del movimiento total se reparti\u00f3 entre las provincias de Buenos Aires, C\u00f3rdoba, Entre R\u00edos, R\u00edo Negro y Neuqu\u00e9n<\/strong>. El 82% de los y las turistas viajaron en auto y la estad\u00eda promedio fue de 5 d\u00edas.<\/p>\n<p>&#8220;<strong>Hoy podemos decir que logramos nuestros objetivos: m\u00e1s de 12 millones de personas eligieron viajar por la Argentina, generando un alto nivel de ocupaci\u00f3n y un fuerte impacto en las econom\u00edas regionales, logrando adem\u00e1s una baja en la curva de contagios. El \u00e9xito de esta temporada especial es de todos y todas<\/strong>&#8220;, expres\u00f3 el ministro de Turismo y Deportes, <strong>Mat\u00edas Lammens<\/strong>.<\/p>\n<p>La temporada de verano 2021 registr\u00f3 momentos pico: el fin de semana largo de Carnaval, con m\u00e1s de 3 millones de turistas movilizados y ocupaci\u00f3n plena en decenas de localidades; el cuarto fin de semana del a\u00f1o (23 y 24 de enero), con m\u00e1s de 2.4 millones de personas movilizadas por todo el pa\u00eds; y el el fin de semana largo de A\u00f1o Nuevo 2021, donde 2 millones de personas viajaron por la Argentina.<\/p>\n<p><strong>Con la decisi\u00f3n pol\u00edtica de tener temporada de verano, se defini\u00f3 la puesta en marcha de 19 Centros Modulares Sanitarios en ciudades tur\u00edsticas, el despliegue del plan DetectAr, la presencia de promotores tur\u00edsticos en los principales centro del pa\u00eds<\/strong>, la puesta en marcha del programa Municipios Responsables en las localidades tur\u00edsticas para que implementen campa\u00f1as y puedan adaptarse a los protocolos vigentes, entre otras medidas.<\/p>\n<p>Noticia relacionada:<\/p>\n<\/p><\/div>\n","protected":false},"excerpt":{"rendered":"<p>C\u00f3rdoba fue una de las provincias m\u00e1s elegidas por los turistas de todo el pa\u00eds. Foto: Gobierno de C\u00f3rdoba. M\u00e1s de 12 de millones de personas se movilizaron por los destinos de todo el pa\u00eds desde el inicio de la temporada. Seg\u00fan estad\u00edsticas oficiales, el Partido de la Costa, Mar del Plata, Villa Gesell, Villa [&hellip;]<\/p>\n","protected":false},"author":1,"featured_media":2398,"comment_status":"closed","ping_status":"closed","sticky":false,"template":"","format":"standard","meta":[],"categories":[22],"tags":[],"_links":{"self":[{"href":"http:\/\/cordobadirecto.com\/index.php\/wp-json\/wp\/v2\/posts\/2397"}],"collection":[{"href":"http:\/\/cordobadirecto.com\/index.php\/wp-json\/wp\/v2\/posts"}],"about":[{"href":"http:\/\/cordobadirecto.com\/index.php\/wp-json\/wp\/v2\/types\/post"}],"author":[{"embeddable":true,"href":"http:\/\/cordobadirecto.com\/index.php\/wp-json\/wp\/v2\/users\/1"}],"replies":[{"embeddable":true,"href":"http:\/\/cordobadirecto.com\/index.php\/wp-json\/wp\/v2\/comments?post=2397"}],"version-history":[{"count":0,"href":"http:\/\/cordobadirecto.com\/index.php\/wp-json\/wp\/v2\/posts\/2397\/revisions"}],"wp:featuredmedia":[{"embeddable":true,"href":"http:\/\/cordobadirecto.com\/index.php\/wp-json\/wp\/v2\/media\/2398"}],"wp:attachment":[{"href":"http:\/\/cordobadirecto.com\/index.php\/wp-json\/wp\/v2\/media?parent=2397"}],"wp:term":[{"taxonomy":"category","embeddable":true,"href":"http:\/\/cordobadirecto.com\/index.php\/wp-json\/wp\/v2\/categories?post=2397"},{"taxonomy":"post_tag","embeddable":true,"href":"http:\/\/cordobadirecto.com\/index.php\/wp-json\/wp\/v2\/tags?post=2397"}],"curies":[{"name":"wp","href":"https:\/\/api.w.org\/{rel}","templated":true}]}}